{"id":673,"date":"2022-08-01T13:02:00","date_gmt":"2022-08-01T11:02:00","guid":{"rendered":"https:\/\/foreldreutvalgene.no\/fug\/?p=673"},"modified":"2025-02-04T09:56:26","modified_gmt":"2025-02-04T08:56:26","slug":"forste-skuledag","status":"publish","type":"post","link":"https:\/\/foreldreutvalgene.no\/fug\/forste-skuledag\/","title":{"rendered":"F\u00f8rste skoledag"},"content":{"rendered":"\n<figure class=\"wp-block-image size-large\"><img loading=\"lazy\" decoding=\"async\" width=\"1024\" height=\"683\" src=\"https:\/\/foreldreutvalgene.no\/fug\/wp-content\/uploads\/sites\/3\/2022\/02\/Forste-dag-i-forste-klasse-1024x683.jpg\" alt=\"F\u00f8rste skoledag\" class=\"wp-image-2552\" srcset=\"https:\/\/foreldreutvalgene.no\/fug\/wp-content\/uploads\/sites\/3\/2022\/02\/Forste-dag-i-forste-klasse-1024x683.jpg 1024w, https:\/\/foreldreutvalgene.no\/fug\/wp-content\/uploads\/sites\/3\/2022\/02\/Forste-dag-i-forste-klasse-300x200.jpg 300w, https:\/\/foreldreutvalgene.no\/fug\/wp-content\/uploads\/sites\/3\/2022\/02\/Forste-dag-i-forste-klasse-768x512.jpg 768w, https:\/\/foreldreutvalgene.no\/fug\/wp-content\/uploads\/sites\/3\/2022\/02\/Forste-dag-i-forste-klasse-1536x1024.jpg 1536w, https:\/\/foreldreutvalgene.no\/fug\/wp-content\/uploads\/sites\/3\/2022\/02\/Forste-dag-i-forste-klasse-620x413.jpg 620w, https:\/\/foreldreutvalgene.no\/fug\/wp-content\/uploads\/sites\/3\/2022\/02\/Forste-dag-i-forste-klasse-120x80.jpg 120w, https:\/\/foreldreutvalgene.no\/fug\/wp-content\/uploads\/sites\/3\/2022\/02\/Forste-dag-i-forste-klasse-320x213.jpg 320w, https:\/\/foreldreutvalgene.no\/fug\/wp-content\/uploads\/sites\/3\/2022\/02\/Forste-dag-i-forste-klasse-1440x960.jpg 1440w, https:\/\/foreldreutvalgene.no\/fug\/wp-content\/uploads\/sites\/3\/2022\/02\/Forste-dag-i-forste-klasse.jpg 1920w\" sizes=\"auto, (max-width: 1024px) 100vw, 1024px\" \/><figcaption class=\"wp-element-caption\">Biletet viser ei spent jente p\u00e5 f\u00f8rste skoledag. <\/figcaption><\/figure>\n\n\n\n<p class=\"has-large-font-size\"><strong>F\u00f8rste skoledag er ein milep\u00e6l, og barna og f\u00f8resette er omtrent like spente. Det har heilt sikkert vore mange dagar, eller kanskje veker og m\u00e5nader med sommarfuglar i magen. Kven skal g\u00e5 i klassa mi og kva skal eg ha i sekken?<\/strong><\/p>\n\n\n\n<p>Det er mange sp\u00f8rsm\u00e5l knytt til den nye kvardagen. Det som er sikkert er at alle barn har behov for tryggleik n\u00e5r det skjer endringar. Derfor er det lurt \u00e5 planlegge og snakke mykje om overgangen og den nye skolekvardagen. N\u00e5r barnet er godt f\u00f8rebudd p\u00e5 kva som skal skje, vert han eller ho betre rusta til \u00e5 meistre den nye kvardagen.<\/p>\n\n\n\n<h2 class=\"wp-block-heading\" id=\"h-inkludering-er-dei-vaksne-sitt-ansvar\">Inkludering er dei vaksne sitt ansvar<\/h2>\n\n\n\n<p>Det at barna f\u00e5r seg venner er noko av det viktigaste foreldre ved skolestart. B\u00e5de foreldre og l\u00e6rarar kan hjelpe til med \u00e5 byggje venskap. Alle har eit ansvar for at andre sine barn vert inkluderte. Eit godt tips er \u00e5 ta initiativ til \u00e5 bli kjent med andre foreldre og barn i same situasjon. Det kan vere p\u00e5 veg til SFO, p\u00e5 den f\u00f8rste skoledagen, i skolegarden eller i foreldrem\u00f8te.<\/p>\n\n\n\n<p>Ein fin m\u00e5te \u00e5 gjere seg kjent med foreldre og barn i ein ny klasse er \u00e5 ta verv som klassekontakt. Sett deg inn i rolla f\u00f8r f\u00f8rste foreldrem\u00f8te:   <\/p>\n\n\n\n<p><strong>HER FINN DU ALT DU TRENGER \u00c5 VITE OM <a href=\"https:\/\/foreldreutvalgene.no\/fug\/klassekontakt\/\">ROLLA SOM KLASSEKONTAKT<\/a><\/strong><\/p>\n\n\n\n<h2 class=\"wp-block-heading\" id=\"h-tips-til-foreldre-for-forste-skoledag\">Tips til foreldre f\u00f8r f\u00f8rste skoledag<\/h2>\n\n\n\n<p>Skolestart er ei stor hending for barna. Barnehagen og skolen har stort sett eit godt samarbeid om overgangen slik at dei f\u00f8rste dagane p\u00e5 skulen vert ei god oppleving for barna. Barnet ditt skal opphalde seg mange timar, mange dagar i veka p\u00e5 skulen og det er viktig at milj\u00f8et i klassa vert godt for alle barn. N\u00e5r barnet har venner og trivst p\u00e5 skolen, leggast det betre til rette for l\u00e6ring. Du som forelder speler \u00f2g ei viktig rolle for at ditt og andre sine barn skal ha ein god skolekvardag.<\/p>\n\n\n\n<h4 class=\"wp-block-heading\" id=\"h-for-skolestart\">F\u00f8r skolestart:<\/h4>\n\n\n\n<ul class=\"wp-block-list\">\n<li>Snakk med andre foreldre i barnehagen om dei har barn som skal begynne p\u00e5 same skule, det kan vere fint for barna \u00e5 vite at dei har nokon dei kjenner den f\u00f8rste tida.<\/li>\n\n\n\n<li>Bes\u00f8k skulen n\u00e5r den er stengd slik at barnet ditt vert kjent med uteomr\u00e5da der, og \u00f8v p\u00e5 \u00e5 g\u00e5 skulevegen saman.<\/li>\n\n\n\n<li>Hjelp barnet til \u00e5 bli sj\u00f8lvstendig med dobes\u00f8k og p\u00e5- og avkleding i garderoben. La dei \u00f8ve p\u00e5 \u00e5 vente p\u00e5 tur og tole nederlag. I skolen er det f\u00e6rre vaksne per barn, og l\u00e6rarane har ikkje tid til \u00e5 gi like mykje hjelp som i barnehagen. Difor er det \u00f2g fint \u00e5 l\u00e6re barna \u00e5 rydde etter seg og sj\u00e5 gevinsten i \u00e5 hjelpe kvarandre med ulike praktiske gjerem\u00e5l.<\/li>\n\n\n\n<li>Bygg forventning og hjelp barnet \u00e5 gle seg til skolestart. Snakk om alt det fine dei skal l\u00e6re og kor mange dei kjem til \u00e5 bli kjent med. Snakk om kva som skal vere med i sekken, at dykk m\u00e5 lage niste og gjere klar t\u00f8y og anna utstyr. La barnet f\u00e5 moglegheit til \u00e5 ta del i dei praktiske f\u00f8rebuingane dagen i f\u00f8revegen.<\/li>\n<\/ul>\n\n\n\n<h4 class=\"wp-block-heading\" id=\"h-etter-skolestart\">Etter skolestart:<\/h4>\n\n\n\n<ul class=\"wp-block-list\">\n<li>Bli kjent med andre foreldre. Det er fint for barna \u00e5 vite at foreldre kjenner kvarandre og det kan vere godt \u00e5 ha andre foredlre \u00e5 dr\u00f8fte med.<\/li>\n\n\n\n<li>Engasjer deg! Som klassekontakt eller FAU-medlem vert du betre kjent med skolen og dei andre foreldra og du bidreg til ein betre skolekvardag for barnet ditt.<\/li>\n\n\n\n<li>Hjelp barnet ditt \u00e5 f\u00e5 venner. Inviter barn i klassa med heim fr\u00e5 skulen eller arranger vennegrupper.<\/li>\n\n\n\n<li>Tenk p\u00e5 korleis du som forelder kan legge til rette for bursdagsselskap og andre sosiale samankomstar, slik at alle barna i klassa vert inkludert.<\/li>\n\n\n\n<li>Snakk positivt om skulen og om faga, det p\u00e5verkar haldninga barnet har til skulen og l\u00e6ring.<\/li>\n\n\n\n<li>V\u00ear f\u00f8rebudd p\u00e5 at du kjem til \u00e5 ha mindre kontakt med dei tilsette p\u00e5 skulen enn i barnehagen.<\/li>\n<\/ul>\n\n\n\n<figure class=\"wp-block-embed is-type-wp-embed is-provider-foreldreutvalget-for-grunnoppl-ringen wp-block-embed-foreldreutvalget-for-grunnoppl-ringen\"><div class=\"wp-block-embed__wrapper\">\n<div class=\"video-container\"><blockquote class=\"wp-embedded-content\" data-secret=\"LFdxuxUixt\"><a href=\"https:\/\/foreldreutvalgene.no\/fug\/materiell\/har-du-barn-som-skal-begynne-pa-skolen-2\/\">Har du barn som skal begynne p\u00e5 skolen?<\/a><\/blockquote><iframe loading=\"lazy\" class=\"wp-embedded-content\" sandbox=\"allow-scripts\" security=\"restricted\" style=\"position: absolute; clip: rect(1px, 1px, 1px, 1px);\" title=\"&laquo;Har du barn som skal begynne p\u00e5 skolen?&raquo; &#8212; Foreldreutvalget for grunnoppl\u00e6ringen\" src=\"https:\/\/foreldreutvalgene.no\/fug\/materiell\/har-du-barn-som-skal-begynne-pa-skolen-2\/embed\/#?secret=oDmtsXrfa1#?secret=LFdxuxUixt\" data-secret=\"LFdxuxUixt\" width=\"600\" height=\"338\" frameborder=\"0\" marginwidth=\"0\" marginheight=\"0\" scrolling=\"no\"><\/iframe><\/div>\n<\/div><figcaption class=\"wp-element-caption\">Les ogs\u00e5 v\u00e5r brosjyre &laquo;Har du barn som skal begynne p\u00e5 skolen&raquo;. Du finner den p\u00e5 \u00e5tte ulike spr\u00e5k. <\/figcaption><\/figure>\n","protected":false},"excerpt":{"rendered":"<p>F\u00f8rste skoledag er ein milep\u00e6l, og barna og f\u00f8resette er omtrent like spente. Det har heilt sikkert vore mange dagar, eller kanskje veker og m\u00e5nader med sommarfuglar i magen. Kven skal g\u00e5 i klassa mi og kva skal eg ha i sekken? Det er mange sp\u00f8rsm\u00e5l knytt til den nye kvardagen. Det som er sikkert [&hellip;]<\/p>\n","protected":false},"author":3,"featured_media":1756,"comment_status":"open","ping_status":"open","sticky":true,"template":"page-theme.php","format":"standard","meta":{"_acf_changed":false,"footnotes":""},"categories":[28],"tags":[],"class_list":["post-673","post","type-post","status-publish","format-standard","has-post-thumbnail","hentry","category-overganger"],"acf":[],"yoast_head":"<!-- This site is optimized with the Yoast SEO Premium plugin v27.4 (Yoast SEO v27.4) - https:\/\/yoast.com\/product\/yoast-seo-premium-wordpress\/ -->\n<title>F\u00f8rste skoledag - Foreldreutvalget for grunnoppl\u00e6ringen<\/title>\n<meta name=\"description\" content=\"F\u00f8rste skoledag er ein milep\u00e6l, og barna og f\u00f8resette er omtrent like spente. Kven skal g\u00e5 i klassa mi og kva skal eg ha i sekken?\" \/>\n<meta name=\"robots\" content=\"index, follow, max-snippet:-1, max-image-preview:large, max-video-preview:-1\" \/>\n<link rel=\"canonical\" href=\"https:\/\/foreldreutvalgene.no\/fug\/forste-skuledag\/\" \/>\n<meta property=\"og:locale\" content=\"nb_NO\" \/>\n<meta property=\"og:type\" content=\"article\" \/>\n<meta property=\"og:title\" content=\"F\u00f8rste skoledag\" \/>\n<meta property=\"og:description\" content=\"F\u00f8rste skoledag er ein milep\u00e6l, og barna og f\u00f8resette er omtrent like spente. Kven skal g\u00e5 i klassa mi og kva skal eg ha i sekken?\" \/>\n<meta property=\"og:url\" content=\"https:\/\/foreldreutvalgene.no\/fug\/forste-skuledag\/\" \/>\n<meta property=\"og:site_name\" content=\"Foreldreutvalget for grunnoppl\u00e6ringen\" \/>\n<meta property=\"article:published_time\" content=\"2022-08-01T11:02:00+00:00\" \/>\n<meta property=\"article:modified_time\" content=\"2025-02-04T08:56:26+00:00\" \/>\n<meta property=\"og:image\" content=\"https:\/\/foreldreutvalgene.no\/fug\/wp-content\/uploads\/sites\/3\/2021\/07\/Forste-skoledag.jpg\" \/>\n\t<meta property=\"og:image:width\" content=\"1890\" \/>\n\t<meta property=\"og:image:height\" content=\"1417\" \/>\n\t<meta property=\"og:image:type\" content=\"image\/jpeg\" \/>\n<meta name=\"author\" content=\"baard\" \/>\n<meta name=\"twitter:card\" content=\"summary_large_image\" \/>\n<meta name=\"twitter:label1\" content=\"Skrevet av\" \/>\n\t<meta name=\"twitter:data1\" content=\"baard\" \/>\n\t<meta name=\"twitter:label2\" content=\"Ansl. lesetid\" \/>\n\t<meta name=\"twitter:data2\" content=\"5 minutter\" \/>\n<script type=\"application\/ld+json\" class=\"yoast-schema-graph\">{\"@context\":\"https:\\\/\\\/schema.org\",\"@graph\":[{\"@type\":\"Article\",\"@id\":\"https:\\\/\\\/foreldreutvalgene.no\\\/fug\\\/forste-skuledag\\\/#article\",\"isPartOf\":{\"@id\":\"https:\\\/\\\/foreldreutvalgene.no\\\/fug\\\/forste-skuledag\\\/\"},\"author\":{\"name\":\"baard\",\"@id\":\"https:\\\/\\\/foreldreutvalgene.no\\\/fug\\\/#\\\/schema\\\/person\\\/a23a320ed9adc5462c23ba632fb76336\"},\"headline\":\"F\u00f8rste skoledag\",\"datePublished\":\"2022-08-01T11:02:00+00:00\",\"dateModified\":\"2025-02-04T08:56:26+00:00\",\"mainEntityOfPage\":{\"@id\":\"https:\\\/\\\/foreldreutvalgene.no\\\/fug\\\/forste-skuledag\\\/\"},\"wordCount\":703,\"commentCount\":0,\"publisher\":{\"@id\":\"https:\\\/\\\/foreldreutvalgene.no\\\/fug\\\/#organization\"},\"image\":{\"@id\":\"https:\\\/\\\/foreldreutvalgene.no\\\/fug\\\/forste-skuledag\\\/#primaryimage\"},\"thumbnailUrl\":\"https:\\\/\\\/foreldreutvalgene.no\\\/fug\\\/wp-content\\\/uploads\\\/sites\\\/3\\\/2021\\\/07\\\/Forste-skoledag.jpg\",\"articleSection\":[\"Overganger\"],\"inLanguage\":\"nb-NO\",\"potentialAction\":[{\"@type\":\"CommentAction\",\"name\":\"Comment\",\"target\":[\"https:\\\/\\\/foreldreutvalgene.no\\\/fug\\\/forste-skuledag\\\/#respond\"]}]},{\"@type\":\"WebPage\",\"@id\":\"https:\\\/\\\/foreldreutvalgene.no\\\/fug\\\/forste-skuledag\\\/\",\"url\":\"https:\\\/\\\/foreldreutvalgene.no\\\/fug\\\/forste-skuledag\\\/\",\"name\":\"F\u00f8rste skoledag - Foreldreutvalget for grunnoppl\u00e6ringen\",\"isPartOf\":{\"@id\":\"https:\\\/\\\/foreldreutvalgene.no\\\/fug\\\/#website\"},\"primaryImageOfPage\":{\"@id\":\"https:\\\/\\\/foreldreutvalgene.no\\\/fug\\\/forste-skuledag\\\/#primaryimage\"},\"image\":{\"@id\":\"https:\\\/\\\/foreldreutvalgene.no\\\/fug\\\/forste-skuledag\\\/#primaryimage\"},\"thumbnailUrl\":\"https:\\\/\\\/foreldreutvalgene.no\\\/fug\\\/wp-content\\\/uploads\\\/sites\\\/3\\\/2021\\\/07\\\/Forste-skoledag.jpg\",\"datePublished\":\"2022-08-01T11:02:00+00:00\",\"dateModified\":\"2025-02-04T08:56:26+00:00\",\"description\":\"F\u00f8rste skoledag er ein milep\u00e6l, og barna og f\u00f8resette er omtrent like spente. Kven skal g\u00e5 i klassa mi og kva skal eg ha i sekken?\",\"breadcrumb\":{\"@id\":\"https:\\\/\\\/foreldreutvalgene.no\\\/fug\\\/forste-skuledag\\\/#breadcrumb\"},\"inLanguage\":\"nb-NO\",\"potentialAction\":[{\"@type\":\"ReadAction\",\"target\":[\"https:\\\/\\\/foreldreutvalgene.no\\\/fug\\\/forste-skuledag\\\/\"]}]},{\"@type\":\"ImageObject\",\"inLanguage\":\"nb-NO\",\"@id\":\"https:\\\/\\\/foreldreutvalgene.no\\\/fug\\\/forste-skuledag\\\/#primaryimage\",\"url\":\"https:\\\/\\\/foreldreutvalgene.no\\\/fug\\\/wp-content\\\/uploads\\\/sites\\\/3\\\/2021\\\/07\\\/Forste-skoledag.jpg\",\"contentUrl\":\"https:\\\/\\\/foreldreutvalgene.no\\\/fug\\\/wp-content\\\/uploads\\\/sites\\\/3\\\/2021\\\/07\\\/Forste-skoledag.jpg\",\"width\":1890,\"height\":1417,\"caption\":\"Bildet viser fem \u00e5r gammel jente p\u00e5 vei til skolen p\u00e5 f\u00f8rste skoledag.\"},{\"@type\":\"BreadcrumbList\",\"@id\":\"https:\\\/\\\/foreldreutvalgene.no\\\/fug\\\/forste-skuledag\\\/#breadcrumb\",\"itemListElement\":[{\"@type\":\"ListItem\",\"position\":1,\"name\":\"Home\",\"item\":\"https:\\\/\\\/foreldreutvalgene.no\\\/fug\\\/\"},{\"@type\":\"ListItem\",\"position\":2,\"name\":\"F\u00f8rste skoledag\"}]},{\"@type\":\"WebSite\",\"@id\":\"https:\\\/\\\/foreldreutvalgene.no\\\/fug\\\/#website\",\"url\":\"https:\\\/\\\/foreldreutvalgene.no\\\/fug\\\/\",\"name\":\"Foreldreutvalget for grunnoppl\u00e6ringen\",\"description\":\"\",\"publisher\":{\"@id\":\"https:\\\/\\\/foreldreutvalgene.no\\\/fug\\\/#organization\"},\"potentialAction\":[{\"@type\":\"SearchAction\",\"target\":{\"@type\":\"EntryPoint\",\"urlTemplate\":\"https:\\\/\\\/foreldreutvalgene.no\\\/fug\\\/?s={search_term_string}\"},\"query-input\":{\"@type\":\"PropertyValueSpecification\",\"valueRequired\":true,\"valueName\":\"search_term_string\"}}],\"inLanguage\":\"nb-NO\"},{\"@type\":\"Organization\",\"@id\":\"https:\\\/\\\/foreldreutvalgene.no\\\/fug\\\/#organization\",\"name\":\"Foreldreutvalget for grunnoppl\u00e6ringen\",\"url\":\"https:\\\/\\\/foreldreutvalgene.no\\\/fug\\\/\",\"logo\":{\"@type\":\"ImageObject\",\"inLanguage\":\"nb-NO\",\"@id\":\"https:\\\/\\\/foreldreutvalgene.no\\\/fug\\\/#\\\/schema\\\/logo\\\/image\\\/\",\"url\":\"https:\\\/\\\/foreldreutvalgene.no\\\/fug\\\/wp-content\\\/uploads\\\/sites\\\/3\\\/2021\\\/06\\\/footer-logo-fug-outlined.svg\",\"contentUrl\":\"https:\\\/\\\/foreldreutvalgene.no\\\/fug\\\/wp-content\\\/uploads\\\/sites\\\/3\\\/2021\\\/06\\\/footer-logo-fug-outlined.svg\",\"width\":310,\"height\":73,\"caption\":\"Foreldreutvalget for grunnoppl\u00e6ringen\"},\"image\":{\"@id\":\"https:\\\/\\\/foreldreutvalgene.no\\\/fug\\\/#\\\/schema\\\/logo\\\/image\\\/\"}},{\"@type\":\"Person\",\"@id\":\"https:\\\/\\\/foreldreutvalgene.no\\\/fug\\\/#\\\/schema\\\/person\\\/a23a320ed9adc5462c23ba632fb76336\",\"name\":\"baard\",\"image\":{\"@type\":\"ImageObject\",\"inLanguage\":\"nb-NO\",\"@id\":\"https:\\\/\\\/secure.gravatar.com\\\/avatar\\\/da20dcea7d46be70e6955e824595ce05f23748ea636e5d16108777a8f6ae217e?s=96&d=mm&r=g\",\"url\":\"https:\\\/\\\/secure.gravatar.com\\\/avatar\\\/da20dcea7d46be70e6955e824595ce05f23748ea636e5d16108777a8f6ae217e?s=96&d=mm&r=g\",\"contentUrl\":\"https:\\\/\\\/secure.gravatar.com\\\/avatar\\\/da20dcea7d46be70e6955e824595ce05f23748ea636e5d16108777a8f6ae217e?s=96&d=mm&r=g\",\"caption\":\"baard\"},\"url\":\"https:\\\/\\\/foreldreutvalgene.no\\\/fug\\\/author\\\/baard\\\/\"}]}<\/script>\n<!-- \/ Yoast SEO Premium plugin. -->","yoast_head_json":{"title":"F\u00f8rste skoledag - Foreldreutvalget for grunnoppl\u00e6ringen","description":"F\u00f8rste skoledag er ein milep\u00e6l, og barna og f\u00f8resette er omtrent like spente. Kven skal g\u00e5 i klassa mi og kva skal eg ha i sekken?","robots":{"index":"index","follow":"follow","max-snippet":"max-snippet:-1","max-image-preview":"max-image-preview:large","max-video-preview":"max-video-preview:-1"},"canonical":"https:\/\/foreldreutvalgene.no\/fug\/forste-skuledag\/","og_locale":"nb_NO","og_type":"article","og_title":"F\u00f8rste skoledag","og_description":"F\u00f8rste skoledag er ein milep\u00e6l, og barna og f\u00f8resette er omtrent like spente. Kven skal g\u00e5 i klassa mi og kva skal eg ha i sekken?","og_url":"https:\/\/foreldreutvalgene.no\/fug\/forste-skuledag\/","og_site_name":"Foreldreutvalget for grunnoppl\u00e6ringen","article_published_time":"2022-08-01T11:02:00+00:00","article_modified_time":"2025-02-04T08:56:26+00:00","og_image":[{"width":1890,"height":1417,"url":"https:\/\/foreldreutvalgene.no\/fug\/wp-content\/uploads\/sites\/3\/2021\/07\/Forste-skoledag.jpg","type":"image\/jpeg"}],"author":"baard","twitter_card":"summary_large_image","twitter_misc":{"Skrevet av":"baard","Ansl. lesetid":"5 minutter"},"schema":{"@context":"https:\/\/schema.org","@graph":[{"@type":"Article","@id":"https:\/\/foreldreutvalgene.no\/fug\/forste-skuledag\/#article","isPartOf":{"@id":"https:\/\/foreldreutvalgene.no\/fug\/forste-skuledag\/"},"author":{"name":"baard","@id":"https:\/\/foreldreutvalgene.no\/fug\/#\/schema\/person\/a23a320ed9adc5462c23ba632fb76336"},"headline":"F\u00f8rste skoledag","datePublished":"2022-08-01T11:02:00+00:00","dateModified":"2025-02-04T08:56:26+00:00","mainEntityOfPage":{"@id":"https:\/\/foreldreutvalgene.no\/fug\/forste-skuledag\/"},"wordCount":703,"commentCount":0,"publisher":{"@id":"https:\/\/foreldreutvalgene.no\/fug\/#organization"},"image":{"@id":"https:\/\/foreldreutvalgene.no\/fug\/forste-skuledag\/#primaryimage"},"thumbnailUrl":"https:\/\/foreldreutvalgene.no\/fug\/wp-content\/uploads\/sites\/3\/2021\/07\/Forste-skoledag.jpg","articleSection":["Overganger"],"inLanguage":"nb-NO","potentialAction":[{"@type":"CommentAction","name":"Comment","target":["https:\/\/foreldreutvalgene.no\/fug\/forste-skuledag\/#respond"]}]},{"@type":"WebPage","@id":"https:\/\/foreldreutvalgene.no\/fug\/forste-skuledag\/","url":"https:\/\/foreldreutvalgene.no\/fug\/forste-skuledag\/","name":"F\u00f8rste skoledag - Foreldreutvalget for grunnoppl\u00e6ringen","isPartOf":{"@id":"https:\/\/foreldreutvalgene.no\/fug\/#website"},"primaryImageOfPage":{"@id":"https:\/\/foreldreutvalgene.no\/fug\/forste-skuledag\/#primaryimage"},"image":{"@id":"https:\/\/foreldreutvalgene.no\/fug\/forste-skuledag\/#primaryimage"},"thumbnailUrl":"https:\/\/foreldreutvalgene.no\/fug\/wp-content\/uploads\/sites\/3\/2021\/07\/Forste-skoledag.jpg","datePublished":"2022-08-01T11:02:00+00:00","dateModified":"2025-02-04T08:56:26+00:00","description":"F\u00f8rste skoledag er ein milep\u00e6l, og barna og f\u00f8resette er omtrent like spente. Kven skal g\u00e5 i klassa mi og kva skal eg ha i sekken?","breadcrumb":{"@id":"https:\/\/foreldreutvalgene.no\/fug\/forste-skuledag\/#breadcrumb"},"inLanguage":"nb-NO","potentialAction":[{"@type":"ReadAction","target":["https:\/\/foreldreutvalgene.no\/fug\/forste-skuledag\/"]}]},{"@type":"ImageObject","inLanguage":"nb-NO","@id":"https:\/\/foreldreutvalgene.no\/fug\/forste-skuledag\/#primaryimage","url":"https:\/\/foreldreutvalgene.no\/fug\/wp-content\/uploads\/sites\/3\/2021\/07\/Forste-skoledag.jpg","contentUrl":"https:\/\/foreldreutvalgene.no\/fug\/wp-content\/uploads\/sites\/3\/2021\/07\/Forste-skoledag.jpg","width":1890,"height":1417,"caption":"Bildet viser fem \u00e5r gammel jente p\u00e5 vei til skolen p\u00e5 f\u00f8rste skoledag."},{"@type":"BreadcrumbList","@id":"https:\/\/foreldreutvalgene.no\/fug\/forste-skuledag\/#breadcrumb","itemListElement":[{"@type":"ListItem","position":1,"name":"Home","item":"https:\/\/foreldreutvalgene.no\/fug\/"},{"@type":"ListItem","position":2,"name":"F\u00f8rste skoledag"}]},{"@type":"WebSite","@id":"https:\/\/foreldreutvalgene.no\/fug\/#website","url":"https:\/\/foreldreutvalgene.no\/fug\/","name":"Foreldreutvalget for grunnoppl\u00e6ringen","description":"","publisher":{"@id":"https:\/\/foreldreutvalgene.no\/fug\/#organization"},"potentialAction":[{"@type":"SearchAction","target":{"@type":"EntryPoint","urlTemplate":"https:\/\/foreldreutvalgene.no\/fug\/?s={search_term_string}"},"query-input":{"@type":"PropertyValueSpecification","valueRequired":true,"valueName":"search_term_string"}}],"inLanguage":"nb-NO"},{"@type":"Organization","@id":"https:\/\/foreldreutvalgene.no\/fug\/#organization","name":"Foreldreutvalget for grunnoppl\u00e6ringen","url":"https:\/\/foreldreutvalgene.no\/fug\/","logo":{"@type":"ImageObject","inLanguage":"nb-NO","@id":"https:\/\/foreldreutvalgene.no\/fug\/#\/schema\/logo\/image\/","url":"https:\/\/foreldreutvalgene.no\/fug\/wp-content\/uploads\/sites\/3\/2021\/06\/footer-logo-fug-outlined.svg","contentUrl":"https:\/\/foreldreutvalgene.no\/fug\/wp-content\/uploads\/sites\/3\/2021\/06\/footer-logo-fug-outlined.svg","width":310,"height":73,"caption":"Foreldreutvalget for grunnoppl\u00e6ringen"},"image":{"@id":"https:\/\/foreldreutvalgene.no\/fug\/#\/schema\/logo\/image\/"}},{"@type":"Person","@id":"https:\/\/foreldreutvalgene.no\/fug\/#\/schema\/person\/a23a320ed9adc5462c23ba632fb76336","name":"baard","image":{"@type":"ImageObject","inLanguage":"nb-NO","@id":"https:\/\/secure.gravatar.com\/avatar\/da20dcea7d46be70e6955e824595ce05f23748ea636e5d16108777a8f6ae217e?s=96&d=mm&r=g","url":"https:\/\/secure.gravatar.com\/avatar\/da20dcea7d46be70e6955e824595ce05f23748ea636e5d16108777a8f6ae217e?s=96&d=mm&r=g","contentUrl":"https:\/\/secure.gravatar.com\/avatar\/da20dcea7d46be70e6955e824595ce05f23748ea636e5d16108777a8f6ae217e?s=96&d=mm&r=g","caption":"baard"},"url":"https:\/\/foreldreutvalgene.no\/fug\/author\/baard\/"}]}},"_links":{"self":[{"href":"https:\/\/foreldreutvalgene.no\/fug\/wp-json\/wp\/v2\/posts\/673","targetHints":{"allow":["GET"]}}],"collection":[{"href":"https:\/\/foreldreutvalgene.no\/fug\/wp-json\/wp\/v2\/posts"}],"about":[{"href":"https:\/\/foreldreutvalgene.no\/fug\/wp-json\/wp\/v2\/types\/post"}],"author":[{"embeddable":true,"href":"https:\/\/foreldreutvalgene.no\/fug\/wp-json\/wp\/v2\/users\/3"}],"replies":[{"embeddable":true,"href":"https:\/\/foreldreutvalgene.no\/fug\/wp-json\/wp\/v2\/comments?post=673"}],"version-history":[{"count":12,"href":"https:\/\/foreldreutvalgene.no\/fug\/wp-json\/wp\/v2\/posts\/673\/revisions"}],"predecessor-version":[{"id":10847,"href":"https:\/\/foreldreutvalgene.no\/fug\/wp-json\/wp\/v2\/posts\/673\/revisions\/10847"}],"wp:featuredmedia":[{"embeddable":true,"href":"https:\/\/foreldreutvalgene.no\/fug\/wp-json\/wp\/v2\/media\/1756"}],"wp:attachment":[{"href":"https:\/\/foreldreutvalgene.no\/fug\/wp-json\/wp\/v2\/media?parent=673"}],"wp:term":[{"taxonomy":"category","embeddable":true,"href":"https:\/\/foreldreutvalgene.no\/fug\/wp-json\/wp\/v2\/categories?post=673"},{"taxonomy":"post_tag","embeddable":true,"href":"https:\/\/foreldreutvalgene.no\/fug\/wp-json\/wp\/v2\/tags?post=673"}],"curies":[{"name":"wp","href":"https:\/\/api.w.org\/{rel}","templated":true}]}}