{"id":526,"date":"2021-06-25T11:14:24","date_gmt":"2021-06-25T09:14:24","guid":{"rendered":"https:\/\/foreldreutvalgene.no\/fug\/?p=526"},"modified":"2025-01-10T14:30:55","modified_gmt":"2025-01-10T13:30:55","slug":"er-mitt-barn-forsikret-pa-skolen","status":"publish","type":"post","link":"https:\/\/foreldreutvalgene.no\/fug\/er-mitt-barn-forsikret-pa-skolen\/","title":{"rendered":"Er mitt barn forsikret p\u00e5 skolen?"},"content":{"rendered":"\n<p class=\"has-large-font-size\"><strong>Personskader og skader p\u00e5 ting kan skje p\u00e5 skolen, for eksempel i uteaktiviteter, i gymsalen, p\u00e5 SFO, p\u00e5 skoleveien eller p\u00e5 leirskole. Det hender ogs\u00e5 at utstyr blir \u00f8delagt eller blir borte, b\u00e5de skolens og elevens eiendeler.<\/strong><\/p>\n\n\n\n<p>Dersom skaden skyldes handling eller unnlatelse gjort med vilje eller med uaktsomhet, kan man i mange tilfeller kreve erstatning fra skolen eller annen elev\/forelder. Skolen kan ogs\u00e5 kreve erstatning dersom skolens ting skades. Barn kan selv bli <a href=\"https:\/\/foreldreutvalgene.no\/fug\/sporsmal\/#:~:text=Hvem%20er%20erstatningsansvarlig%20n%C3%A5r%20en%20skoleelev%20gj%C3%B8r%20skade%20p%C3%A5%20andres%20eiendom%20i%20skoletiden%3F\">erstatningsansvarlige.<\/a> Foreldrene kan v\u00e6re objektivt ansvarlige for barns uaktsomme handling med inntil kroner 5000,- eller mer dersom de ikke har passet ordentlig p\u00e5 barnet.<\/p>\n\n\n\n<p>Vanligvis er det b\u00e5de enklest og tryggest om forholdet dekkes av en forsikring. Men hvem har ansvaret for at elevene er forsikret p\u00e5 skolen?<\/p>\n\n\n\n<h2 class=\"wp-block-heading\" id=\"h-hva-og-nar-dekker-skolens-forsikring\">Hva og n\u00e5r dekker skolens forsikring?<\/h2>\n\n\n\n<p>Skoleeier (kommunen hvis skolen er offentlig) er forpliktet til \u00e5 s\u00f8rge for ulykkesforsikring for elevene i kommunen; elevforsikring. Forsikring gjelder p\u00e5 skolen, p\u00e5 skoleveien, p\u00e5 skoleturer, idrettsdager, leirskole og andre arrangement som skolen er ansvarlig for. Slik lovp\u00e5lagt forsikring dekker f\u00f8rst og fremst n\u00f8dvendige utgifter til behandling av skader og erstatning ved d\u00f8d eller varig medisinsk invaliditet, ikke \u00f8delagte gjenstander. Forskriften som angir kravene til den obligatoriske forsikringen er tilgjengelig via lenken nederst p\u00e5 siden. Forsikringen skal v\u00e6re et supplement til rettigheter som finnes i folketrygdloven og yrkesskadeforsikringsloven.<\/p>\n\n\n\n<h2 class=\"wp-block-heading\" id=\"h-hva-og-nar-dekker-ikke-skolens-forsikring\">Hva og n\u00e5r dekker ikke skolens forsikring?<\/h2>\n\n\n\n<p>Skolens forsikring gjelder ikke for ting som elevene har med seg hjemmefra. For dekning av skade p\u00e5 slike gjenstander, m\u00e5 det tegnes forsikring privat som gjelder ogs\u00e5 n\u00e5r elevene er p\u00e5 skolen. Den obligatoriske elevforsikringen dekker alts\u00e5 ikke skade p\u00e5 briller og andre eiendeler. Noen skoler har ordninger hvor elever f\u00e5r dekket skader p\u00e5 briller, men dette er ikke lovp\u00e5lagt og avhenger av hva slags forsikringsordning kommunen har.<\/p>\n\n\n\n<p>For gjenstander som foreldrene og elevene selv er ansvarlige for b\u00f8r det derfor tegnes en forsikring som gjelder ogs\u00e5 n\u00e5r elevene er p\u00e5 skolen. Ta kontakt med forsikringsselskapet ditt for \u00e5 h\u00f8re hva som gjelder \u2013 det er ikke alltid reiseforsikring eller innboforsikring gjelder p\u00e5 skolen.<\/p>\n\n\n\n<h5 class=\"wp-block-heading\" class=\"wp-block-heading\" id=\"du-kan-lese-mer-om-skoleeiers-forsikringsansvar-her\"><strong>Du kan lese mer om <a href=\"https:\/\/lovdata.no\/forskrift\/2024-06-03-900\/\u00a718-1\">skoleeiers forsikringsansvar <\/a>her.<\/strong><\/h5>\n","protected":false},"excerpt":{"rendered":"<p>Personskader og skader p\u00e5 ting kan skje p\u00e5 skolen, for eksempel i uteaktiviteter, i gymsalen, p\u00e5 SFO, p\u00e5 skoleveien eller p\u00e5 leirskole. Det hender ogs\u00e5 at utstyr blir \u00f8delagt eller blir borte, b\u00e5de skolens og elevens eiendeler. Dersom skaden skyldes handling eller unnlatelse gjort med vilje eller med uaktsomhet, kan man i mange tilfeller kreve [&hellip;]<\/p>\n","protected":false},"author":3,"featured_media":609,"comment_status":"open","ping_status":"open","sticky":false,"template":"page-theme.php","format":"standard","meta":{"_acf_changed":false,"footnotes":""},"categories":[30],"tags":[],"class_list":["post-526","post","type-post","status-publish","format-standard","has-post-thumbnail","hentry","category-skader"],"acf":[],"yoast_head":"<!-- This site is optimized with the Yoast SEO Premium plugin v27.4 (Yoast SEO v27.4) - https:\/\/yoast.com\/product\/yoast-seo-premium-wordpress\/ -->\n<title>Er mitt barn forsikret p\u00e5 skolen? - Foreldreutvalget for grunnoppl\u00e6ringen<\/title>\n<meta name=\"description\" content=\"Skader p\u00e5 gjenstander og personer kan skje p\u00e5 skolen. Men hvem har ansvaret for at elevene er forsikret p\u00e5 skolen?\" \/>\n<meta name=\"robots\" content=\"index, follow, max-snippet:-1, max-image-preview:large, max-video-preview:-1\" \/>\n<link rel=\"canonical\" href=\"https:\/\/foreldreutvalgene.no\/fug\/er-mitt-barn-forsikret-pa-skolen\/\" \/>\n<meta property=\"og:locale\" content=\"nb_NO\" \/>\n<meta property=\"og:type\" content=\"article\" \/>\n<meta property=\"og:title\" content=\"Er mitt barn forsikret p\u00e5 skolen?\" \/>\n<meta property=\"og:description\" content=\"Skader p\u00e5 gjenstander og personer kan skje p\u00e5 skolen. Men hvem har ansvaret for at elevene er forsikret p\u00e5 skolen?\" \/>\n<meta property=\"og:url\" content=\"https:\/\/foreldreutvalgene.no\/fug\/er-mitt-barn-forsikret-pa-skolen\/\" \/>\n<meta property=\"og:site_name\" content=\"Foreldreutvalget for grunnoppl\u00e6ringen\" \/>\n<meta property=\"article:published_time\" content=\"2021-06-25T09:14:24+00:00\" \/>\n<meta property=\"article:modified_time\" content=\"2025-01-10T13:30:55+00:00\" \/>\n<meta property=\"og:image\" content=\"https:\/\/foreldreutvalgene.no\/fug\/wp-content\/uploads\/sites\/3\/2021\/06\/er-mitt-barn-forsikret-paa-skolen-v2-fug.jpg\" \/>\n\t<meta property=\"og:image:width\" content=\"1862\" \/>\n\t<meta property=\"og:image:height\" content=\"1242\" \/>\n\t<meta property=\"og:image:type\" content=\"image\/jpeg\" \/>\n<meta name=\"author\" content=\"baard\" \/>\n<meta name=\"twitter:card\" content=\"summary_large_image\" \/>\n<meta name=\"twitter:label1\" content=\"Skrevet av\" \/>\n\t<meta name=\"twitter:data1\" content=\"baard\" \/>\n\t<meta name=\"twitter:label2\" content=\"Ansl. lesetid\" \/>\n\t<meta name=\"twitter:data2\" content=\"3 minutter\" \/>\n<script type=\"application\/ld+json\" class=\"yoast-schema-graph\">{\"@context\":\"https:\\\/\\\/schema.org\",\"@graph\":[{\"@type\":\"Article\",\"@id\":\"https:\\\/\\\/foreldreutvalgene.no\\\/fug\\\/er-mitt-barn-forsikret-pa-skolen\\\/#article\",\"isPartOf\":{\"@id\":\"https:\\\/\\\/foreldreutvalgene.no\\\/fug\\\/er-mitt-barn-forsikret-pa-skolen\\\/\"},\"author\":{\"name\":\"baard\",\"@id\":\"https:\\\/\\\/foreldreutvalgene.no\\\/fug\\\/#\\\/schema\\\/person\\\/a23a320ed9adc5462c23ba632fb76336\"},\"headline\":\"Er mitt barn forsikret p\u00e5 skolen?\",\"datePublished\":\"2021-06-25T09:14:24+00:00\",\"dateModified\":\"2025-01-10T13:30:55+00:00\",\"mainEntityOfPage\":{\"@id\":\"https:\\\/\\\/foreldreutvalgene.no\\\/fug\\\/er-mitt-barn-forsikret-pa-skolen\\\/\"},\"wordCount\":366,\"commentCount\":0,\"publisher\":{\"@id\":\"https:\\\/\\\/foreldreutvalgene.no\\\/fug\\\/#organization\"},\"image\":{\"@id\":\"https:\\\/\\\/foreldreutvalgene.no\\\/fug\\\/er-mitt-barn-forsikret-pa-skolen\\\/#primaryimage\"},\"thumbnailUrl\":\"https:\\\/\\\/foreldreutvalgene.no\\\/fug\\\/wp-content\\\/uploads\\\/sites\\\/3\\\/2021\\\/06\\\/er-mitt-barn-forsikret-paa-skolen-v2-fug.jpg\",\"articleSection\":[\"Skader\"],\"inLanguage\":\"nb-NO\",\"potentialAction\":[{\"@type\":\"CommentAction\",\"name\":\"Comment\",\"target\":[\"https:\\\/\\\/foreldreutvalgene.no\\\/fug\\\/er-mitt-barn-forsikret-pa-skolen\\\/#respond\"]}]},{\"@type\":\"WebPage\",\"@id\":\"https:\\\/\\\/foreldreutvalgene.no\\\/fug\\\/er-mitt-barn-forsikret-pa-skolen\\\/\",\"url\":\"https:\\\/\\\/foreldreutvalgene.no\\\/fug\\\/er-mitt-barn-forsikret-pa-skolen\\\/\",\"name\":\"Er mitt barn forsikret p\u00e5 skolen? - Foreldreutvalget for grunnoppl\u00e6ringen\",\"isPartOf\":{\"@id\":\"https:\\\/\\\/foreldreutvalgene.no\\\/fug\\\/#website\"},\"primaryImageOfPage\":{\"@id\":\"https:\\\/\\\/foreldreutvalgene.no\\\/fug\\\/er-mitt-barn-forsikret-pa-skolen\\\/#primaryimage\"},\"image\":{\"@id\":\"https:\\\/\\\/foreldreutvalgene.no\\\/fug\\\/er-mitt-barn-forsikret-pa-skolen\\\/#primaryimage\"},\"thumbnailUrl\":\"https:\\\/\\\/foreldreutvalgene.no\\\/fug\\\/wp-content\\\/uploads\\\/sites\\\/3\\\/2021\\\/06\\\/er-mitt-barn-forsikret-paa-skolen-v2-fug.jpg\",\"datePublished\":\"2021-06-25T09:14:24+00:00\",\"dateModified\":\"2025-01-10T13:30:55+00:00\",\"description\":\"Skader p\u00e5 gjenstander og personer kan skje p\u00e5 skolen. Men hvem har ansvaret for at elevene er forsikret p\u00e5 skolen?\",\"breadcrumb\":{\"@id\":\"https:\\\/\\\/foreldreutvalgene.no\\\/fug\\\/er-mitt-barn-forsikret-pa-skolen\\\/#breadcrumb\"},\"inLanguage\":\"nb-NO\",\"potentialAction\":[{\"@type\":\"ReadAction\",\"target\":[\"https:\\\/\\\/foreldreutvalgene.no\\\/fug\\\/er-mitt-barn-forsikret-pa-skolen\\\/\"]}]},{\"@type\":\"ImageObject\",\"inLanguage\":\"nb-NO\",\"@id\":\"https:\\\/\\\/foreldreutvalgene.no\\\/fug\\\/er-mitt-barn-forsikret-pa-skolen\\\/#primaryimage\",\"url\":\"https:\\\/\\\/foreldreutvalgene.no\\\/fug\\\/wp-content\\\/uploads\\\/sites\\\/3\\\/2021\\\/06\\\/er-mitt-barn-forsikret-paa-skolen-v2-fug.jpg\",\"contentUrl\":\"https:\\\/\\\/foreldreutvalgene.no\\\/fug\\\/wp-content\\\/uploads\\\/sites\\\/3\\\/2021\\\/06\\\/er-mitt-barn-forsikret-paa-skolen-v2-fug.jpg\",\"width\":1862,\"height\":1242},{\"@type\":\"BreadcrumbList\",\"@id\":\"https:\\\/\\\/foreldreutvalgene.no\\\/fug\\\/er-mitt-barn-forsikret-pa-skolen\\\/#breadcrumb\",\"itemListElement\":[{\"@type\":\"ListItem\",\"position\":1,\"name\":\"Home\",\"item\":\"https:\\\/\\\/foreldreutvalgene.no\\\/fug\\\/\"},{\"@type\":\"ListItem\",\"position\":2,\"name\":\"Er mitt barn forsikret p\u00e5 skolen?\"}]},{\"@type\":\"WebSite\",\"@id\":\"https:\\\/\\\/foreldreutvalgene.no\\\/fug\\\/#website\",\"url\":\"https:\\\/\\\/foreldreutvalgene.no\\\/fug\\\/\",\"name\":\"Foreldreutvalget for grunnoppl\u00e6ringen\",\"description\":\"\",\"publisher\":{\"@id\":\"https:\\\/\\\/foreldreutvalgene.no\\\/fug\\\/#organization\"},\"potentialAction\":[{\"@type\":\"SearchAction\",\"target\":{\"@type\":\"EntryPoint\",\"urlTemplate\":\"https:\\\/\\\/foreldreutvalgene.no\\\/fug\\\/?s={search_term_string}\"},\"query-input\":{\"@type\":\"PropertyValueSpecification\",\"valueRequired\":true,\"valueName\":\"search_term_string\"}}],\"inLanguage\":\"nb-NO\"},{\"@type\":\"Organization\",\"@id\":\"https:\\\/\\\/foreldreutvalgene.no\\\/fug\\\/#organization\",\"name\":\"Foreldreutvalget for grunnoppl\u00e6ringen\",\"url\":\"https:\\\/\\\/foreldreutvalgene.no\\\/fug\\\/\",\"logo\":{\"@type\":\"ImageObject\",\"inLanguage\":\"nb-NO\",\"@id\":\"https:\\\/\\\/foreldreutvalgene.no\\\/fug\\\/#\\\/schema\\\/logo\\\/image\\\/\",\"url\":\"https:\\\/\\\/foreldreutvalgene.no\\\/fug\\\/wp-content\\\/uploads\\\/sites\\\/3\\\/2021\\\/06\\\/footer-logo-fug-outlined.svg\",\"contentUrl\":\"https:\\\/\\\/foreldreutvalgene.no\\\/fug\\\/wp-content\\\/uploads\\\/sites\\\/3\\\/2021\\\/06\\\/footer-logo-fug-outlined.svg\",\"width\":310,\"height\":73,\"caption\":\"Foreldreutvalget for grunnoppl\u00e6ringen\"},\"image\":{\"@id\":\"https:\\\/\\\/foreldreutvalgene.no\\\/fug\\\/#\\\/schema\\\/logo\\\/image\\\/\"}},{\"@type\":\"Person\",\"@id\":\"https:\\\/\\\/foreldreutvalgene.no\\\/fug\\\/#\\\/schema\\\/person\\\/a23a320ed9adc5462c23ba632fb76336\",\"name\":\"baard\",\"image\":{\"@type\":\"ImageObject\",\"inLanguage\":\"nb-NO\",\"@id\":\"https:\\\/\\\/secure.gravatar.com\\\/avatar\\\/da20dcea7d46be70e6955e824595ce05f23748ea636e5d16108777a8f6ae217e?s=96&d=mm&r=g\",\"url\":\"https:\\\/\\\/secure.gravatar.com\\\/avatar\\\/da20dcea7d46be70e6955e824595ce05f23748ea636e5d16108777a8f6ae217e?s=96&d=mm&r=g\",\"contentUrl\":\"https:\\\/\\\/secure.gravatar.com\\\/avatar\\\/da20dcea7d46be70e6955e824595ce05f23748ea636e5d16108777a8f6ae217e?s=96&d=mm&r=g\",\"caption\":\"baard\"},\"url\":\"https:\\\/\\\/foreldreutvalgene.no\\\/fug\\\/author\\\/baard\\\/\"}]}<\/script>\n<!-- \/ Yoast SEO Premium plugin. -->","yoast_head_json":{"title":"Er mitt barn forsikret p\u00e5 skolen? - Foreldreutvalget for grunnoppl\u00e6ringen","description":"Skader p\u00e5 gjenstander og personer kan skje p\u00e5 skolen. Men hvem har ansvaret for at elevene er forsikret p\u00e5 skolen?","robots":{"index":"index","follow":"follow","max-snippet":"max-snippet:-1","max-image-preview":"max-image-preview:large","max-video-preview":"max-video-preview:-1"},"canonical":"https:\/\/foreldreutvalgene.no\/fug\/er-mitt-barn-forsikret-pa-skolen\/","og_locale":"nb_NO","og_type":"article","og_title":"Er mitt barn forsikret p\u00e5 skolen?","og_description":"Skader p\u00e5 gjenstander og personer kan skje p\u00e5 skolen. Men hvem har ansvaret for at elevene er forsikret p\u00e5 skolen?","og_url":"https:\/\/foreldreutvalgene.no\/fug\/er-mitt-barn-forsikret-pa-skolen\/","og_site_name":"Foreldreutvalget for grunnoppl\u00e6ringen","article_published_time":"2021-06-25T09:14:24+00:00","article_modified_time":"2025-01-10T13:30:55+00:00","og_image":[{"width":1862,"height":1242,"url":"https:\/\/foreldreutvalgene.no\/fug\/wp-content\/uploads\/sites\/3\/2021\/06\/er-mitt-barn-forsikret-paa-skolen-v2-fug.jpg","type":"image\/jpeg"}],"author":"baard","twitter_card":"summary_large_image","twitter_misc":{"Skrevet av":"baard","Ansl. lesetid":"3 minutter"},"schema":{"@context":"https:\/\/schema.org","@graph":[{"@type":"Article","@id":"https:\/\/foreldreutvalgene.no\/fug\/er-mitt-barn-forsikret-pa-skolen\/#article","isPartOf":{"@id":"https:\/\/foreldreutvalgene.no\/fug\/er-mitt-barn-forsikret-pa-skolen\/"},"author":{"name":"baard","@id":"https:\/\/foreldreutvalgene.no\/fug\/#\/schema\/person\/a23a320ed9adc5462c23ba632fb76336"},"headline":"Er mitt barn forsikret p\u00e5 skolen?","datePublished":"2021-06-25T09:14:24+00:00","dateModified":"2025-01-10T13:30:55+00:00","mainEntityOfPage":{"@id":"https:\/\/foreldreutvalgene.no\/fug\/er-mitt-barn-forsikret-pa-skolen\/"},"wordCount":366,"commentCount":0,"publisher":{"@id":"https:\/\/foreldreutvalgene.no\/fug\/#organization"},"image":{"@id":"https:\/\/foreldreutvalgene.no\/fug\/er-mitt-barn-forsikret-pa-skolen\/#primaryimage"},"thumbnailUrl":"https:\/\/foreldreutvalgene.no\/fug\/wp-content\/uploads\/sites\/3\/2021\/06\/er-mitt-barn-forsikret-paa-skolen-v2-fug.jpg","articleSection":["Skader"],"inLanguage":"nb-NO","potentialAction":[{"@type":"CommentAction","name":"Comment","target":["https:\/\/foreldreutvalgene.no\/fug\/er-mitt-barn-forsikret-pa-skolen\/#respond"]}]},{"@type":"WebPage","@id":"https:\/\/foreldreutvalgene.no\/fug\/er-mitt-barn-forsikret-pa-skolen\/","url":"https:\/\/foreldreutvalgene.no\/fug\/er-mitt-barn-forsikret-pa-skolen\/","name":"Er mitt barn forsikret p\u00e5 skolen? - Foreldreutvalget for grunnoppl\u00e6ringen","isPartOf":{"@id":"https:\/\/foreldreutvalgene.no\/fug\/#website"},"primaryImageOfPage":{"@id":"https:\/\/foreldreutvalgene.no\/fug\/er-mitt-barn-forsikret-pa-skolen\/#primaryimage"},"image":{"@id":"https:\/\/foreldreutvalgene.no\/fug\/er-mitt-barn-forsikret-pa-skolen\/#primaryimage"},"thumbnailUrl":"https:\/\/foreldreutvalgene.no\/fug\/wp-content\/uploads\/sites\/3\/2021\/06\/er-mitt-barn-forsikret-paa-skolen-v2-fug.jpg","datePublished":"2021-06-25T09:14:24+00:00","dateModified":"2025-01-10T13:30:55+00:00","description":"Skader p\u00e5 gjenstander og personer kan skje p\u00e5 skolen. Men hvem har ansvaret for at elevene er forsikret p\u00e5 skolen?","breadcrumb":{"@id":"https:\/\/foreldreutvalgene.no\/fug\/er-mitt-barn-forsikret-pa-skolen\/#breadcrumb"},"inLanguage":"nb-NO","potentialAction":[{"@type":"ReadAction","target":["https:\/\/foreldreutvalgene.no\/fug\/er-mitt-barn-forsikret-pa-skolen\/"]}]},{"@type":"ImageObject","inLanguage":"nb-NO","@id":"https:\/\/foreldreutvalgene.no\/fug\/er-mitt-barn-forsikret-pa-skolen\/#primaryimage","url":"https:\/\/foreldreutvalgene.no\/fug\/wp-content\/uploads\/sites\/3\/2021\/06\/er-mitt-barn-forsikret-paa-skolen-v2-fug.jpg","contentUrl":"https:\/\/foreldreutvalgene.no\/fug\/wp-content\/uploads\/sites\/3\/2021\/06\/er-mitt-barn-forsikret-paa-skolen-v2-fug.jpg","width":1862,"height":1242},{"@type":"BreadcrumbList","@id":"https:\/\/foreldreutvalgene.no\/fug\/er-mitt-barn-forsikret-pa-skolen\/#breadcrumb","itemListElement":[{"@type":"ListItem","position":1,"name":"Home","item":"https:\/\/foreldreutvalgene.no\/fug\/"},{"@type":"ListItem","position":2,"name":"Er mitt barn forsikret p\u00e5 skolen?"}]},{"@type":"WebSite","@id":"https:\/\/foreldreutvalgene.no\/fug\/#website","url":"https:\/\/foreldreutvalgene.no\/fug\/","name":"Foreldreutvalget for grunnoppl\u00e6ringen","description":"","publisher":{"@id":"https:\/\/foreldreutvalgene.no\/fug\/#organization"},"potentialAction":[{"@type":"SearchAction","target":{"@type":"EntryPoint","urlTemplate":"https:\/\/foreldreutvalgene.no\/fug\/?s={search_term_string}"},"query-input":{"@type":"PropertyValueSpecification","valueRequired":true,"valueName":"search_term_string"}}],"inLanguage":"nb-NO"},{"@type":"Organization","@id":"https:\/\/foreldreutvalgene.no\/fug\/#organization","name":"Foreldreutvalget for grunnoppl\u00e6ringen","url":"https:\/\/foreldreutvalgene.no\/fug\/","logo":{"@type":"ImageObject","inLanguage":"nb-NO","@id":"https:\/\/foreldreutvalgene.no\/fug\/#\/schema\/logo\/image\/","url":"https:\/\/foreldreutvalgene.no\/fug\/wp-content\/uploads\/sites\/3\/2021\/06\/footer-logo-fug-outlined.svg","contentUrl":"https:\/\/foreldreutvalgene.no\/fug\/wp-content\/uploads\/sites\/3\/2021\/06\/footer-logo-fug-outlined.svg","width":310,"height":73,"caption":"Foreldreutvalget for grunnoppl\u00e6ringen"},"image":{"@id":"https:\/\/foreldreutvalgene.no\/fug\/#\/schema\/logo\/image\/"}},{"@type":"Person","@id":"https:\/\/foreldreutvalgene.no\/fug\/#\/schema\/person\/a23a320ed9adc5462c23ba632fb76336","name":"baard","image":{"@type":"ImageObject","inLanguage":"nb-NO","@id":"https:\/\/secure.gravatar.com\/avatar\/da20dcea7d46be70e6955e824595ce05f23748ea636e5d16108777a8f6ae217e?s=96&d=mm&r=g","url":"https:\/\/secure.gravatar.com\/avatar\/da20dcea7d46be70e6955e824595ce05f23748ea636e5d16108777a8f6ae217e?s=96&d=mm&r=g","contentUrl":"https:\/\/secure.gravatar.com\/avatar\/da20dcea7d46be70e6955e824595ce05f23748ea636e5d16108777a8f6ae217e?s=96&d=mm&r=g","caption":"baard"},"url":"https:\/\/foreldreutvalgene.no\/fug\/author\/baard\/"}]}},"_links":{"self":[{"href":"https:\/\/foreldreutvalgene.no\/fug\/wp-json\/wp\/v2\/posts\/526","targetHints":{"allow":["GET"]}}],"collection":[{"href":"https:\/\/foreldreutvalgene.no\/fug\/wp-json\/wp\/v2\/posts"}],"about":[{"href":"https:\/\/foreldreutvalgene.no\/fug\/wp-json\/wp\/v2\/types\/post"}],"author":[{"embeddable":true,"href":"https:\/\/foreldreutvalgene.no\/fug\/wp-json\/wp\/v2\/users\/3"}],"replies":[{"embeddable":true,"href":"https:\/\/foreldreutvalgene.no\/fug\/wp-json\/wp\/v2\/comments?post=526"}],"version-history":[{"count":8,"href":"https:\/\/foreldreutvalgene.no\/fug\/wp-json\/wp\/v2\/posts\/526\/revisions"}],"predecessor-version":[{"id":11579,"href":"https:\/\/foreldreutvalgene.no\/fug\/wp-json\/wp\/v2\/posts\/526\/revisions\/11579"}],"wp:featuredmedia":[{"embeddable":true,"href":"https:\/\/foreldreutvalgene.no\/fug\/wp-json\/wp\/v2\/media\/609"}],"wp:attachment":[{"href":"https:\/\/foreldreutvalgene.no\/fug\/wp-json\/wp\/v2\/media?parent=526"}],"wp:term":[{"taxonomy":"category","embeddable":true,"href":"https:\/\/foreldreutvalgene.no\/fug\/wp-json\/wp\/v2\/categories?post=526"},{"taxonomy":"post_tag","embeddable":true,"href":"https:\/\/foreldreutvalgene.no\/fug\/wp-json\/wp\/v2\/tags?post=526"}],"curies":[{"name":"wp","href":"https:\/\/api.w.org\/{rel}","templated":true}]}}