{"id":3770,"date":"2022-12-02T13:43:21","date_gmt":"2022-12-02T12:43:21","guid":{"rendered":"https:\/\/foreldreutvalgene.no\/fug\/?p=3770"},"modified":"2026-03-18T13:33:54","modified_gmt":"2026-03-18T12:33:54","slug":"tolk-i-skolen","status":"publish","type":"post","link":"https:\/\/foreldreutvalgene.no\/fug\/tolk-i-skolen\/","title":{"rendered":"Tolk i skolen"},"content":{"rendered":"\n<figure class=\"wp-block-image size-large\"><img loading=\"lazy\" decoding=\"async\" width=\"1024\" height=\"683\" src=\"https:\/\/foreldreutvalgene.no\/fug\/wp-content\/uploads\/sites\/3\/2022\/12\/Gutt-trenger-tolk-1024x683.jpg\" alt=\"Tolk i skolen\" class=\"wp-image-3845\" srcset=\"https:\/\/foreldreutvalgene.no\/fug\/wp-content\/uploads\/sites\/3\/2022\/12\/Gutt-trenger-tolk-1024x683.jpg 1024w, https:\/\/foreldreutvalgene.no\/fug\/wp-content\/uploads\/sites\/3\/2022\/12\/Gutt-trenger-tolk-300x200.jpg 300w, https:\/\/foreldreutvalgene.no\/fug\/wp-content\/uploads\/sites\/3\/2022\/12\/Gutt-trenger-tolk-768x512.jpg 768w, https:\/\/foreldreutvalgene.no\/fug\/wp-content\/uploads\/sites\/3\/2022\/12\/Gutt-trenger-tolk-1536x1024.jpg 1536w, https:\/\/foreldreutvalgene.no\/fug\/wp-content\/uploads\/sites\/3\/2022\/12\/Gutt-trenger-tolk-620x413.jpg 620w, https:\/\/foreldreutvalgene.no\/fug\/wp-content\/uploads\/sites\/3\/2022\/12\/Gutt-trenger-tolk-120x80.jpg 120w, https:\/\/foreldreutvalgene.no\/fug\/wp-content\/uploads\/sites\/3\/2022\/12\/Gutt-trenger-tolk-320x213.jpg 320w, https:\/\/foreldreutvalgene.no\/fug\/wp-content\/uploads\/sites\/3\/2022\/12\/Gutt-trenger-tolk-1440x960.jpg 1440w, https:\/\/foreldreutvalgene.no\/fug\/wp-content\/uploads\/sites\/3\/2022\/12\/Gutt-trenger-tolk.jpg 1920w\" sizes=\"auto, (max-width: 1024px) 100vw, 1024px\" \/><figcaption class=\"wp-element-caption\"><strong>Bildet viser en gutt som sliter med \u00e5 kommunisere spr\u00e5klig med l\u00e6reren.<\/strong><\/figcaption><\/figure>\n\n\n\n<p class=\"has-large-font-size\"><strong>Bruk av tolk i skolen blir stadig mer aktuelt, og har du behov s\u00e5 har du i noen tilfeller loven p\u00e5 din side. Sjekk hvilke situasjoner du har rett p\u00e5 tolk.<\/strong><\/p>\n\n\n\n<p>1. januar 2022 ble det innf\u00f8rt egen lov om <a href=\"https:\/\/lovdata.no\/dokument\/NL\/lov\/2021-06-11-79\">bruk av tolk i offentlig sektor<\/a>. Loven sier at skolen har plikt til \u00e5 bruke kvalifisert tolk. Den stiller krav til blant annet god tolkeskikk, taushetsplikt og habilitet. Her f\u00e5r du vite mer om hva dette har \u00e5 si i foreldrenes m\u00f8te med skolen.<\/p>\n\n\n\n<h2 class=\"wp-block-heading\" id=\"h-nar-kan-det-vaere-aktuelt-a-bruke-tolk-i-skolen-nbsp\">N\u00e5r kan det v\u00e6re aktuelt \u00e5 bruke tolk i skolen?&nbsp;<\/h2>\n\n\n\n<p>I skolen vil plikten blant annet gjelde i situasjoner der oppl\u00e6rings-\/friskoleloven tilsier at det er n\u00f8dvendig \u00e5 bruke en tolk for \u00e5 ivareta rettssikkerheten. Det kan for eksempel v\u00e6re n\u00f8dvendig med tolk i skolen i saker som gjelder:<\/p>\n\n\n\n<ul class=\"wp-block-list\">\n<li><a href=\"https:\/\/foreldreutvalgene.no\/fug\/utviklingssamtaler-i-skolen\/\">utviklingssamtaler<\/a><\/li>\n\n\n\n<li><a href=\"https:\/\/foreldreutvalgene.no\/fug\/foreldremoter-i-skolen\/\">foreldrem\u00f8ter<\/a><\/li>\n\n\n\n<li><a href=\"https:\/\/foreldreutvalgene.no\/fug\/category\/fysisk-laeringsmiljo\/\">fysisk <\/a>og <a href=\"https:\/\/foreldreutvalgene.no\/fug\/category\/mobbing-og-utrygghet\/\">psykososialt skolemilj\u00f8<\/a><\/li>\n\n\n\n<li><a href=\"https:\/\/foreldreutvalgene.no\/fug\/tilrettelegging-i-skulen\/\">s\u00e6rskilt tilrettelegging og oppf\u00f8lging<\/a><\/li>\n<\/ul>\n\n\n\n<p>Avhengig av tema p\u00e5 foreldrem\u00f8ter, kan det noen ganger v\u00e6re behov for tolking. Dette m\u00e5 vurderes konkret opp mot hensynet til rettssikkerhet og forsvarlig hjelp og tjeneste. If\u00f8lge Arbeids- og inkluderingsdepartementet finnes det en nedre terskel for hvilke typer saker der tolking er n\u00f8dvendig. Det er ikke hensikten at plikten til \u00e5 bruke tolk skal omfavne alminnelige og hverdagslige samtaler med foreldre om deres barn eller skolens tilbud.&nbsp;<\/p>\n\n\n\n<h4 class=\"wp-block-heading\" id=\"h-les-mer-om-tolking-i-offentlig-sektor\">Les mer om <a href=\"https:\/\/www.imdi.no\/tolk\/\">tolking i offentlig sektor<\/a><\/h4>\n\n\n\n<h2 class=\"wp-block-heading\" class=\"wp-block-heading\" id=\"kan-en-bruke-medelever-til-tolking\">Kan en bruke medelever til tolking?&nbsp;&nbsp;<\/h2>\n\n\n\n<p>I <a href=\"https:\/\/lovdata.no\/lov\/2021-06-11-79\/%C2%A74\">tolkeloven \u00a74<\/a> er det lagt ned forbud mot \u00e5 bruke barn som tolk, men det er \u00e5pnet for \u00e5 gj\u00f8re unntak. Det kan gj\u00f8res unntak n\u00e5r det er n\u00f8dvendig i n\u00f8dssituasjoner eller i tilfeller der det ut fra hensynet til barnet og omstendighetene for \u00f8vrig m\u00e5 anses forsvarlig.<\/p>\n\n\n\n<p>Ved kompleks informasjon, eller ved belastende situasjoner for barnet, skal man ikke bruke barn som tolk. Det er bare i mer trivielle og hverdagslige saker det kan v\u00e6re aktuelt \u00e5 bruke barn som tolk, som for eksempel ved informasjon om: <\/p>\n\n\n\n<ul class=\"wp-block-list\">\n<li>at det er &laquo;ha med dag&raquo; p\u00e5 skolen i morgen<\/li>\n\n\n\n<li>at eleven m\u00e5 ta p\u00e5 utebukse og varme kl\u00e6r i friminuttet<\/li>\n\n\n\n<li>at oppm\u00f8te til neste time blir ved gymsalen<\/li>\n<\/ul>\n\n\n\n<p>Dersom det er andre muligheter for tolking i den aktuelle situasjonen, vil det ikke v\u00e6re forsvarlig \u00e5 bruke barnet til \u00e5 videreformidle informasjon. I vurderingene av om dette unntaket kan benyttes, skal hensynet til barnet st\u00e5 sentralt. Blant annet barnets alder og modenhet m\u00e5 tas i betraktning.&nbsp;<\/p>\n\n\n\n<h4 class=\"wp-block-heading\" id=\"h-skal-du-kommunisere-via-tolk-sjekk-flyer-fra-imdi-med-rad-og-tips\"><strong>Skal du kommunisere via tolk?<\/strong> <a href=\"https:\/\/www.imdi.no\/contentassets\/c57a1a3f1bb04f0c996679510b8c1492\/tolk\/flyer_tips-til-samtaler-med-tolk_helse.pdf\">Sjekk flyer fra IMDi med r\u00e5d og tips <\/a><\/h4>\n","protected":false},"excerpt":{"rendered":"<p>Bruk av tolk i skolen blir stadig mer aktuelt, og har du behov s\u00e5 har du i noen tilfeller loven p\u00e5 din side. Sjekk hvilke situasjoner du har rett p\u00e5 tolk. 1. januar 2022 ble det innf\u00f8rt egen lov om bruk av tolk i offentlig sektor. Loven sier at skolen har plikt til \u00e5 bruke [&hellip;]<\/p>\n","protected":false},"author":15,"featured_media":3845,"comment_status":"closed","ping_status":"closed","sticky":false,"template":"page-theme.php","format":"standard","meta":{"_acf_changed":false,"footnotes":""},"categories":[1,3],"tags":[],"class_list":["post-3770","post","type-post","status-publish","format-standard","has-post-thumbnail","hentry","category-annet","category-samarbeid-om-eget-barn"],"acf":[],"yoast_head":"<!-- This site is optimized with the Yoast SEO Premium plugin v27.4 (Yoast SEO v27.4) - https:\/\/yoast.com\/product\/yoast-seo-premium-wordpress\/ -->\n<title>Tolk i skolen - Foreldreutvalget for grunnoppl\u00e6ringen<\/title>\n<meta name=\"description\" content=\"I denne artikkelen f\u00e5r du informasjon om skolens plikter med tanke p\u00e5 bruk av tolk i m\u00f8te med elever og foresatte.\" \/>\n<meta name=\"robots\" content=\"index, follow, max-snippet:-1, max-image-preview:large, max-video-preview:-1\" \/>\n<link rel=\"canonical\" href=\"https:\/\/foreldreutvalgene.no\/fug\/tolk-i-skolen\/\" \/>\n<meta property=\"og:locale\" content=\"nb_NO\" \/>\n<meta property=\"og:type\" content=\"article\" \/>\n<meta property=\"og:title\" content=\"Tolk i skolen\" \/>\n<meta property=\"og:description\" content=\"I denne artikkelen f\u00e5r du informasjon om skolens plikter med tanke p\u00e5 bruk av tolk i m\u00f8te med elever og foresatte.\" \/>\n<meta property=\"og:url\" content=\"https:\/\/foreldreutvalgene.no\/fug\/tolk-i-skolen\/\" \/>\n<meta property=\"og:site_name\" content=\"Foreldreutvalget for grunnoppl\u00e6ringen\" \/>\n<meta property=\"article:published_time\" content=\"2022-12-02T12:43:21+00:00\" \/>\n<meta property=\"article:modified_time\" content=\"2026-03-18T12:33:54+00:00\" \/>\n<meta property=\"og:image\" content=\"https:\/\/foreldreutvalgene.no\/fug\/wp-content\/uploads\/sites\/3\/2022\/12\/Gutt-trenger-tolk.jpg\" \/>\n\t<meta property=\"og:image:width\" content=\"1920\" \/>\n\t<meta property=\"og:image:height\" content=\"1280\" \/>\n\t<meta property=\"og:image:type\" content=\"image\/jpeg\" \/>\n<meta name=\"twitter:card\" content=\"summary_large_image\" \/>\n<meta name=\"twitter:label1\" content=\"Skrevet av\" \/>\n\t<meta name=\"twitter:data1\" content=\"\" \/>\n\t<meta name=\"twitter:label2\" content=\"Ansl. lesetid\" \/>\n\t<meta name=\"twitter:data2\" content=\"3 minutter\" \/>\n<script type=\"application\/ld+json\" class=\"yoast-schema-graph\">{\"@context\":\"https:\\\/\\\/schema.org\",\"@graph\":[{\"@type\":\"Article\",\"@id\":\"https:\\\/\\\/foreldreutvalgene.no\\\/fug\\\/tolk-i-skolen\\\/#article\",\"isPartOf\":{\"@id\":\"https:\\\/\\\/foreldreutvalgene.no\\\/fug\\\/tolk-i-skolen\\\/\"},\"author\":{\"name\":\"\",\"@id\":\"\"},\"headline\":\"Tolk i skolen\",\"datePublished\":\"2022-12-02T12:43:21+00:00\",\"dateModified\":\"2026-03-18T12:33:54+00:00\",\"mainEntityOfPage\":{\"@id\":\"https:\\\/\\\/foreldreutvalgene.no\\\/fug\\\/tolk-i-skolen\\\/\"},\"wordCount\":435,\"publisher\":{\"@id\":\"https:\\\/\\\/foreldreutvalgene.no\\\/fug\\\/#organization\"},\"image\":{\"@id\":\"https:\\\/\\\/foreldreutvalgene.no\\\/fug\\\/tolk-i-skolen\\\/#primaryimage\"},\"thumbnailUrl\":\"https:\\\/\\\/foreldreutvalgene.no\\\/fug\\\/wp-content\\\/uploads\\\/sites\\\/3\\\/2022\\\/12\\\/Gutt-trenger-tolk.jpg\",\"articleSection\":[\"Annet\",\"Samarbeid om eget barn\"],\"inLanguage\":\"nb-NO\"},{\"@type\":\"WebPage\",\"@id\":\"https:\\\/\\\/foreldreutvalgene.no\\\/fug\\\/tolk-i-skolen\\\/\",\"url\":\"https:\\\/\\\/foreldreutvalgene.no\\\/fug\\\/tolk-i-skolen\\\/\",\"name\":\"Tolk i skolen - Foreldreutvalget for grunnoppl\u00e6ringen\",\"isPartOf\":{\"@id\":\"https:\\\/\\\/foreldreutvalgene.no\\\/fug\\\/#website\"},\"primaryImageOfPage\":{\"@id\":\"https:\\\/\\\/foreldreutvalgene.no\\\/fug\\\/tolk-i-skolen\\\/#primaryimage\"},\"image\":{\"@id\":\"https:\\\/\\\/foreldreutvalgene.no\\\/fug\\\/tolk-i-skolen\\\/#primaryimage\"},\"thumbnailUrl\":\"https:\\\/\\\/foreldreutvalgene.no\\\/fug\\\/wp-content\\\/uploads\\\/sites\\\/3\\\/2022\\\/12\\\/Gutt-trenger-tolk.jpg\",\"datePublished\":\"2022-12-02T12:43:21+00:00\",\"dateModified\":\"2026-03-18T12:33:54+00:00\",\"description\":\"I denne artikkelen f\u00e5r du informasjon om skolens plikter med tanke p\u00e5 bruk av tolk i m\u00f8te med elever og foresatte.\",\"breadcrumb\":{\"@id\":\"https:\\\/\\\/foreldreutvalgene.no\\\/fug\\\/tolk-i-skolen\\\/#breadcrumb\"},\"inLanguage\":\"nb-NO\",\"potentialAction\":[{\"@type\":\"ReadAction\",\"target\":[\"https:\\\/\\\/foreldreutvalgene.no\\\/fug\\\/tolk-i-skolen\\\/\"]}]},{\"@type\":\"ImageObject\",\"inLanguage\":\"nb-NO\",\"@id\":\"https:\\\/\\\/foreldreutvalgene.no\\\/fug\\\/tolk-i-skolen\\\/#primaryimage\",\"url\":\"https:\\\/\\\/foreldreutvalgene.no\\\/fug\\\/wp-content\\\/uploads\\\/sites\\\/3\\\/2022\\\/12\\\/Gutt-trenger-tolk.jpg\",\"contentUrl\":\"https:\\\/\\\/foreldreutvalgene.no\\\/fug\\\/wp-content\\\/uploads\\\/sites\\\/3\\\/2022\\\/12\\\/Gutt-trenger-tolk.jpg\",\"width\":1920,\"height\":1280,\"caption\":\"Bildet viser en gutt som sliter med \u00e5 kommunisere spr\u00e5klig med l\u00e6reren. I visse tilfeller er behovet for tolk lovp\u00e5lagt.\"},{\"@type\":\"BreadcrumbList\",\"@id\":\"https:\\\/\\\/foreldreutvalgene.no\\\/fug\\\/tolk-i-skolen\\\/#breadcrumb\",\"itemListElement\":[{\"@type\":\"ListItem\",\"position\":1,\"name\":\"Home\",\"item\":\"https:\\\/\\\/foreldreutvalgene.no\\\/fug\\\/\"},{\"@type\":\"ListItem\",\"position\":2,\"name\":\"Tolk i skolen\"}]},{\"@type\":\"WebSite\",\"@id\":\"https:\\\/\\\/foreldreutvalgene.no\\\/fug\\\/#website\",\"url\":\"https:\\\/\\\/foreldreutvalgene.no\\\/fug\\\/\",\"name\":\"Foreldreutvalget for grunnoppl\u00e6ringen\",\"description\":\"\",\"publisher\":{\"@id\":\"https:\\\/\\\/foreldreutvalgene.no\\\/fug\\\/#organization\"},\"potentialAction\":[{\"@type\":\"SearchAction\",\"target\":{\"@type\":\"EntryPoint\",\"urlTemplate\":\"https:\\\/\\\/foreldreutvalgene.no\\\/fug\\\/?s={search_term_string}\"},\"query-input\":{\"@type\":\"PropertyValueSpecification\",\"valueRequired\":true,\"valueName\":\"search_term_string\"}}],\"inLanguage\":\"nb-NO\"},{\"@type\":\"Organization\",\"@id\":\"https:\\\/\\\/foreldreutvalgene.no\\\/fug\\\/#organization\",\"name\":\"Foreldreutvalget for grunnoppl\u00e6ringen\",\"url\":\"https:\\\/\\\/foreldreutvalgene.no\\\/fug\\\/\",\"logo\":{\"@type\":\"ImageObject\",\"inLanguage\":\"nb-NO\",\"@id\":\"https:\\\/\\\/foreldreutvalgene.no\\\/fug\\\/#\\\/schema\\\/logo\\\/image\\\/\",\"url\":\"https:\\\/\\\/foreldreutvalgene.no\\\/fug\\\/wp-content\\\/uploads\\\/sites\\\/3\\\/2021\\\/06\\\/footer-logo-fug-outlined.svg\",\"contentUrl\":\"https:\\\/\\\/foreldreutvalgene.no\\\/fug\\\/wp-content\\\/uploads\\\/sites\\\/3\\\/2021\\\/06\\\/footer-logo-fug-outlined.svg\",\"width\":310,\"height\":73,\"caption\":\"Foreldreutvalget for grunnoppl\u00e6ringen\"},\"image\":{\"@id\":\"https:\\\/\\\/foreldreutvalgene.no\\\/fug\\\/#\\\/schema\\\/logo\\\/image\\\/\"}},{\"@type\":\"Person\",\"@id\":\"\",\"url\":\"https:\\\/\\\/foreldreutvalgene.no\\\/fug\\\/author\\\/\"}]}<\/script>\n<!-- \/ Yoast SEO Premium plugin. -->","yoast_head_json":{"title":"Tolk i skolen - Foreldreutvalget for grunnoppl\u00e6ringen","description":"I denne artikkelen f\u00e5r du informasjon om skolens plikter med tanke p\u00e5 bruk av tolk i m\u00f8te med elever og foresatte.","robots":{"index":"index","follow":"follow","max-snippet":"max-snippet:-1","max-image-preview":"max-image-preview:large","max-video-preview":"max-video-preview:-1"},"canonical":"https:\/\/foreldreutvalgene.no\/fug\/tolk-i-skolen\/","og_locale":"nb_NO","og_type":"article","og_title":"Tolk i skolen","og_description":"I denne artikkelen f\u00e5r du informasjon om skolens plikter med tanke p\u00e5 bruk av tolk i m\u00f8te med elever og foresatte.","og_url":"https:\/\/foreldreutvalgene.no\/fug\/tolk-i-skolen\/","og_site_name":"Foreldreutvalget for grunnoppl\u00e6ringen","article_published_time":"2022-12-02T12:43:21+00:00","article_modified_time":"2026-03-18T12:33:54+00:00","og_image":[{"width":1920,"height":1280,"url":"https:\/\/foreldreutvalgene.no\/fug\/wp-content\/uploads\/sites\/3\/2022\/12\/Gutt-trenger-tolk.jpg","type":"image\/jpeg"}],"twitter_card":"summary_large_image","twitter_misc":{"Skrevet av":"","Ansl. lesetid":"3 minutter"},"schema":{"@context":"https:\/\/schema.org","@graph":[{"@type":"Article","@id":"https:\/\/foreldreutvalgene.no\/fug\/tolk-i-skolen\/#article","isPartOf":{"@id":"https:\/\/foreldreutvalgene.no\/fug\/tolk-i-skolen\/"},"author":{"name":"","@id":""},"headline":"Tolk i skolen","datePublished":"2022-12-02T12:43:21+00:00","dateModified":"2026-03-18T12:33:54+00:00","mainEntityOfPage":{"@id":"https:\/\/foreldreutvalgene.no\/fug\/tolk-i-skolen\/"},"wordCount":435,"publisher":{"@id":"https:\/\/foreldreutvalgene.no\/fug\/#organization"},"image":{"@id":"https:\/\/foreldreutvalgene.no\/fug\/tolk-i-skolen\/#primaryimage"},"thumbnailUrl":"https:\/\/foreldreutvalgene.no\/fug\/wp-content\/uploads\/sites\/3\/2022\/12\/Gutt-trenger-tolk.jpg","articleSection":["Annet","Samarbeid om eget barn"],"inLanguage":"nb-NO"},{"@type":"WebPage","@id":"https:\/\/foreldreutvalgene.no\/fug\/tolk-i-skolen\/","url":"https:\/\/foreldreutvalgene.no\/fug\/tolk-i-skolen\/","name":"Tolk i skolen - Foreldreutvalget for grunnoppl\u00e6ringen","isPartOf":{"@id":"https:\/\/foreldreutvalgene.no\/fug\/#website"},"primaryImageOfPage":{"@id":"https:\/\/foreldreutvalgene.no\/fug\/tolk-i-skolen\/#primaryimage"},"image":{"@id":"https:\/\/foreldreutvalgene.no\/fug\/tolk-i-skolen\/#primaryimage"},"thumbnailUrl":"https:\/\/foreldreutvalgene.no\/fug\/wp-content\/uploads\/sites\/3\/2022\/12\/Gutt-trenger-tolk.jpg","datePublished":"2022-12-02T12:43:21+00:00","dateModified":"2026-03-18T12:33:54+00:00","description":"I denne artikkelen f\u00e5r du informasjon om skolens plikter med tanke p\u00e5 bruk av tolk i m\u00f8te med elever og foresatte.","breadcrumb":{"@id":"https:\/\/foreldreutvalgene.no\/fug\/tolk-i-skolen\/#breadcrumb"},"inLanguage":"nb-NO","potentialAction":[{"@type":"ReadAction","target":["https:\/\/foreldreutvalgene.no\/fug\/tolk-i-skolen\/"]}]},{"@type":"ImageObject","inLanguage":"nb-NO","@id":"https:\/\/foreldreutvalgene.no\/fug\/tolk-i-skolen\/#primaryimage","url":"https:\/\/foreldreutvalgene.no\/fug\/wp-content\/uploads\/sites\/3\/2022\/12\/Gutt-trenger-tolk.jpg","contentUrl":"https:\/\/foreldreutvalgene.no\/fug\/wp-content\/uploads\/sites\/3\/2022\/12\/Gutt-trenger-tolk.jpg","width":1920,"height":1280,"caption":"Bildet viser en gutt som sliter med \u00e5 kommunisere spr\u00e5klig med l\u00e6reren. I visse tilfeller er behovet for tolk lovp\u00e5lagt."},{"@type":"BreadcrumbList","@id":"https:\/\/foreldreutvalgene.no\/fug\/tolk-i-skolen\/#breadcrumb","itemListElement":[{"@type":"ListItem","position":1,"name":"Home","item":"https:\/\/foreldreutvalgene.no\/fug\/"},{"@type":"ListItem","position":2,"name":"Tolk i skolen"}]},{"@type":"WebSite","@id":"https:\/\/foreldreutvalgene.no\/fug\/#website","url":"https:\/\/foreldreutvalgene.no\/fug\/","name":"Foreldreutvalget for grunnoppl\u00e6ringen","description":"","publisher":{"@id":"https:\/\/foreldreutvalgene.no\/fug\/#organization"},"potentialAction":[{"@type":"SearchAction","target":{"@type":"EntryPoint","urlTemplate":"https:\/\/foreldreutvalgene.no\/fug\/?s={search_term_string}"},"query-input":{"@type":"PropertyValueSpecification","valueRequired":true,"valueName":"search_term_string"}}],"inLanguage":"nb-NO"},{"@type":"Organization","@id":"https:\/\/foreldreutvalgene.no\/fug\/#organization","name":"Foreldreutvalget for grunnoppl\u00e6ringen","url":"https:\/\/foreldreutvalgene.no\/fug\/","logo":{"@type":"ImageObject","inLanguage":"nb-NO","@id":"https:\/\/foreldreutvalgene.no\/fug\/#\/schema\/logo\/image\/","url":"https:\/\/foreldreutvalgene.no\/fug\/wp-content\/uploads\/sites\/3\/2021\/06\/footer-logo-fug-outlined.svg","contentUrl":"https:\/\/foreldreutvalgene.no\/fug\/wp-content\/uploads\/sites\/3\/2021\/06\/footer-logo-fug-outlined.svg","width":310,"height":73,"caption":"Foreldreutvalget for grunnoppl\u00e6ringen"},"image":{"@id":"https:\/\/foreldreutvalgene.no\/fug\/#\/schema\/logo\/image\/"}},{"@type":"Person","@id":"","url":"https:\/\/foreldreutvalgene.no\/fug\/author\/"}]}},"_links":{"self":[{"href":"https:\/\/foreldreutvalgene.no\/fug\/wp-json\/wp\/v2\/posts\/3770","targetHints":{"allow":["GET"]}}],"collection":[{"href":"https:\/\/foreldreutvalgene.no\/fug\/wp-json\/wp\/v2\/posts"}],"about":[{"href":"https:\/\/foreldreutvalgene.no\/fug\/wp-json\/wp\/v2\/types\/post"}],"author":[{"embeddable":true,"href":"https:\/\/foreldreutvalgene.no\/fug\/wp-json\/wp\/v2\/users\/15"}],"replies":[{"embeddable":true,"href":"https:\/\/foreldreutvalgene.no\/fug\/wp-json\/wp\/v2\/comments?post=3770"}],"version-history":[{"count":21,"href":"https:\/\/foreldreutvalgene.no\/fug\/wp-json\/wp\/v2\/posts\/3770\/revisions"}],"predecessor-version":[{"id":12956,"href":"https:\/\/foreldreutvalgene.no\/fug\/wp-json\/wp\/v2\/posts\/3770\/revisions\/12956"}],"wp:featuredmedia":[{"embeddable":true,"href":"https:\/\/foreldreutvalgene.no\/fug\/wp-json\/wp\/v2\/media\/3845"}],"wp:attachment":[{"href":"https:\/\/foreldreutvalgene.no\/fug\/wp-json\/wp\/v2\/media?parent=3770"}],"wp:term":[{"taxonomy":"category","embeddable":true,"href":"https:\/\/foreldreutvalgene.no\/fug\/wp-json\/wp\/v2\/categories?post=3770"},{"taxonomy":"post_tag","embeddable":true,"href":"https:\/\/foreldreutvalgene.no\/fug\/wp-json\/wp\/v2\/tags?post=3770"}],"curies":[{"name":"wp","href":"https:\/\/api.w.org\/{rel}","templated":true}]}}