{"id":3009,"date":"2022-09-26T14:47:35","date_gmt":"2022-09-26T12:47:35","guid":{"rendered":"https:\/\/foreldreutvalgene.no\/fug\/?p=3009"},"modified":"2025-03-11T09:25:48","modified_gmt":"2025-03-11T08:25:48","slug":"dialog-er-viktigere-enn-noensinne","status":"publish","type":"post","link":"https:\/\/foreldreutvalgene.no\/fug\/dialog-er-viktigere-enn-noensinne\/","title":{"rendered":"Dialog er viktigere enn noensinne"},"content":{"rendered":"\n<figure class=\"wp-block-image size-large\"><img loading=\"lazy\" decoding=\"async\" width=\"1024\" height=\"683\" src=\"https:\/\/foreldreutvalgene.no\/fug\/wp-content\/uploads\/sites\/3\/2022\/08\/forste-skoledag22-1024x683.jpg\" alt=\"F\u00f8rste skoledag\" class=\"wp-image-3130\" srcset=\"https:\/\/foreldreutvalgene.no\/fug\/wp-content\/uploads\/sites\/3\/2022\/08\/forste-skoledag22-1024x683.jpg 1024w, https:\/\/foreldreutvalgene.no\/fug\/wp-content\/uploads\/sites\/3\/2022\/08\/forste-skoledag22-300x200.jpg 300w, https:\/\/foreldreutvalgene.no\/fug\/wp-content\/uploads\/sites\/3\/2022\/08\/forste-skoledag22-768x512.jpg 768w, https:\/\/foreldreutvalgene.no\/fug\/wp-content\/uploads\/sites\/3\/2022\/08\/forste-skoledag22-1536x1024.jpg 1536w, https:\/\/foreldreutvalgene.no\/fug\/wp-content\/uploads\/sites\/3\/2022\/08\/forste-skoledag22-620x413.jpg 620w, https:\/\/foreldreutvalgene.no\/fug\/wp-content\/uploads\/sites\/3\/2022\/08\/forste-skoledag22-120x80.jpg 120w, https:\/\/foreldreutvalgene.no\/fug\/wp-content\/uploads\/sites\/3\/2022\/08\/forste-skoledag22-320x213.jpg 320w, https:\/\/foreldreutvalgene.no\/fug\/wp-content\/uploads\/sites\/3\/2022\/08\/forste-skoledag22-1440x960.jpg 1440w, https:\/\/foreldreutvalgene.no\/fug\/wp-content\/uploads\/sites\/3\/2022\/08\/forste-skoledag22.jpg 1920w\" sizes=\"auto, (max-width: 1024px) 100vw, 1024px\" \/><figcaption class=\"wp-element-caption\">Bildet viser en liten gutt p\u00e5 vei til f\u00f8rste dag p\u00e5 skolen. <\/figcaption><\/figure>\n\n\n\n<p class=\"has-large-font-size\"><strong>\u00c5tte av ti foreldre var forn\u00f8yde med starten p\u00e5 sitt barns nye skolehverdag, enten de hadde f\u00f8rste skoledag, startet p\u00e5 ungdomsskolen eller p\u00e5 videreg\u00e5ende.<\/strong><\/p>\n\n\n\n<p>Hver h\u00f8st har nesten 200 000 barn og unge sin f\u00f8rste dag p\u00e5 en ny skole. Spenningen er stor enten det gjelder aller f\u00f8rste skoledag, f\u00f8rste dag p\u00e5 ungdomsskolen, eller  steget over i videreg\u00e5ende. I fjor h\u00f8st spurte Opinion 1000 foreldre hvordan de opplevde samarbeidet med skolen i m\u00e5nedene fram mot skolestart. Den samme unders\u00f8kelsen viser ogs\u00e5 i hvilken grad skolen informerte, avklarte forventninger og opprettet dialog med foreldrene etter skolestart.&nbsp;<\/p>\n\n\n\n<p>Det var FUG som bestilte unders\u00f8kelsen. De jobber, blant annet, for at alle elever skal oppleve trygge, gode overganger gjennom hele utdanningsl\u00f8pet. M\u00e5let med unders\u00f8kelsen var \u00e5 f\u00e5 et innblikk i hvordan foreldre opplever overgangsfasene i skolen. I en tid der det rapporteres om stadig flere elever som opplever utrygghet, mistrivsel og ufrivillig skolefrav\u00e6r, er det viktig \u00e5 ha forst\u00e5else for at overgangene er s\u00e6rlig s\u00e5rbare faser i barn og unges liv.&nbsp;<\/p>\n\n\n\n<p>&#8211; Et godt overgangsarbeid som involverer foreldrene f\u00f8r, under og etter skolestart kan bidra til \u00f8kt trygghet, trivsel og gode klassemilj\u00f8er og begrense omfanget av ufrivillig frav\u00e6r, sier FUG-leder Marius Chramer.<\/p>\n\n\n\n<h2 class=\"wp-block-heading\" id=\"h-atte-av-ti-er-fornoyde\">\u00c5tte av ti er forn\u00f8yde<\/h2>\n\n\n\n<p>Til tross for at over halvparten av foreldrene svarte at de hadde f\u00e5tt lite informasjon om hvordan de selv kunne bidra til en god start p\u00e5 den nye skolehverdagen, var hele \u00e5tte av ti forn\u00f8yde n\u00e5r de s\u00e5 tilbake p\u00e5 prosessen.<\/p>\n\n\n\n<p>&#8211; Det er gledelig at s\u00e5 mange er forn\u00f8yde. Det tyder p\u00e5 at de aller fleste sitter igjen med et godt inntrykk. N\u00e5r det er sagt skal vi heller ikke glemme de som ikke er forn\u00f8yde. Nesten 150 foreldre opplevde i ganske eller sv\u00e6rt liten grad at barnet deres hadde hatt en trygg og god overgang. Det er altfor mange som f\u00e5r en d\u00e5rlig skolestart, sier FUG-leder Marius Chramer. <\/p>\n\n\n\n<p>Han minner om at foreldre har stort behov for informasjon, enten barnet har sin f\u00f8rste dag p\u00e5 barneskolen eller ungdomsskolen.<\/p>\n\n\n\n<h2 class=\"wp-block-heading\" id=\"h-gi-foreldre-en-partnerrolle\">&#8211; Gi foreldre en partnerrolle<\/h2>\n\n\n\n<p>Det finnes forbedringspotensial flere steder. P\u00e5 sp\u00f8rsm\u00e5l om hvordan de vurderte tiden etter skolestart svarer 64 prosent av foreldrene at den nye skolen var tydelig p\u00e5 forventningene sine. 69 prosent mente at informasjonen fra den nye skolen var tydelig.<\/p>\n\n\n\n<p>&#8211; Skolene som jobber bevisst og systematisk for \u00e5 skape et godt skole-hjemsamarbeid, er gode p\u00e5 informasjon, men har i tillegg gode rutiner for \u00e5 opprette kommunikasjon tidlig og sikre at foreldrene raskt f\u00e5r en reell partnerrolle i samarbeidet. Det sl\u00e5r positivt ut for alle parter i skolestarten. <\/p>\n\n\n\n<p>Unders\u00f8kelsen bekrefter imidlertid at mange skoler ogs\u00e5 har mer \u00e5 g\u00e5 p\u00e5 n\u00e5r det gjelder \u00e5 avklare forventninger til foreldrene. Dette samsvarer godt med det inntrykket vi f\u00e5r gjennom henvendelser til FUG.<\/p>\n\n\n\n<p>&#8211; N\u00e5r 30 prosent sier at de ikke opplevde tydelige forventninger fra den nye skolen til barna, kan det bidra til utrygghet, passivitet eller konflikt. I praksis ser vi at noen foreldre har un\u00f8dvendig mange sp\u00f8rsm\u00e5l knyttet til elevens skolehverdag, andre blir passive og n\u00e6rmest usynlige for skolen. S\u00e5 skal vi heller ikke legge skjul p\u00e5 at enkelte foreldre har altfor store og urealistiske forventninger til hva skolen skal gj\u00f8re. Alle disse momentene kan bidra til at overgangsfasene og det \u00e5 begynne p\u00e5 ny skole blir mer krevende enn n\u00f8dvendig, sier Chramer, og legger til: &nbsp;<\/p>\n\n\n\n<p>&#8211; Det ligger et uutnyttet potensiale i dette med forventningsavklaringer. Tydelige forventninger til foreldrene skaper forutsigbare rammer. Hvis foreldrene ogs\u00e5 f\u00e5r si noe om sine forventninger til skolen, s\u00e5 har man et godt fundament for videre samarbeid.<\/p>\n\n\n\n<h4 class=\"wp-block-heading\" id=\"h-les-ogsa-foreldre-foler-seg-lite-involvert-ved-overgangsfaser-i-skolen\">LES OGS\u00c5: <a href=\"https:\/\/foreldreutvalgene.no\/fug\/materiell\/overganger-gjennom-utdanningslopet\/\">Foreldre f\u00f8ler seg lite involvert ved overgangsfaser i skolen<\/a><\/h4>\n\n\n\n<h2 class=\"wp-block-heading\" class=\"wp-block-heading\" id=\"tidlig-dialog-er-lik-suksess\">Tidlig dialog er lik suksess<\/h2>\n\n\n\n<p>FUGs r\u00e5d til skolen er \u00e5 komme i dialog med alle foreldrene s\u00e5 tidlig som mulig. Unders\u00f8kelsen viste at seks av ti foreldre hadde v\u00e6rt i dialog med kontaktl\u00e6reren innen fjerde uke p\u00e5 skolen. I sju av ti tilfeller var det skolen selv som tok initiativet. <\/p>\n\n\n\n<p>&#8211; Tidlig dialog med foreldrene er en veldig god investering for l\u00e6rerne. Det trenger ikke \u00e5 v\u00e6re s\u00e5 komplisert. Legg h\u00f8stens foreldrem\u00f8te s\u00e5 tidlig som mulig &#8211; gjerne f\u00f8rste eller andre uken etter skolestart. Sikre at m\u00f8tet ivaretar behovet for informasjon og mulighet til \u00e5 stille sp\u00f8rsm\u00e5l. S\u00f8rg for at alle foreldre blir sett og snakket med i l\u00f8pet av m\u00f8tet. Bare det at l\u00e6rer og foreldre f\u00e5r hilse p\u00e5 og veksle noen ord med hverandre, kan hjelpe begge parter. At foreldrene blir litt kjent med hverandre i l\u00f8pet av det f\u00f8rste foreldrem\u00f8tet har mye \u00e5 si for videre arbeid med klassemilj\u00f8 og trivsel.&nbsp;<\/p>\n\n\n\n<p>&#8211; Foreldrene m\u00e5 f\u00e5 treffe mennesket som skal ha ansvar for barnet eller ungdommen. Det begrenser muligheten for en skjev start. Det er rett og slett tidlig innsats i praksis, avslutter Chramer.&nbsp;<\/p>\n\n\n\n<h4 class=\"wp-block-heading\" class=\"wp-block-heading\" id=\"her-leser-du-hele-undersokelsen-som-e-bok\">HER LESER DU HELE UNDERS\u00d8KELSEN <a href=\"https:\/\/viewer.ipaper.io\/Fjuz\/foreldreutvalgene\/overganger-i-skolen\/\">SOM E-BOK<\/a><\/h4>\n\n\n\n<p><\/p>\n\n\n\n<p><\/p>\n","protected":false},"excerpt":{"rendered":"<p>\u00c5tte av ti foreldre var forn\u00f8yde med starten p\u00e5 sitt barns nye skolehverdag, enten de hadde f\u00f8rste skoledag, startet p\u00e5 ungdomsskolen eller p\u00e5 videreg\u00e5ende. Hver h\u00f8st har nesten 200 000 barn og unge sin f\u00f8rste dag p\u00e5 en ny skole. Spenningen er stor enten det gjelder aller f\u00f8rste skoledag, f\u00f8rste dag p\u00e5 ungdomsskolen, eller steget [&hellip;]<\/p>\n","protected":false},"author":7,"featured_media":3130,"comment_status":"closed","ping_status":"closed","sticky":false,"template":"","format":"standard","meta":{"_acf_changed":false,"footnotes":""},"categories":[1],"tags":[],"class_list":["post-3009","post","type-post","status-publish","format-standard","has-post-thumbnail","hentry","category-annet"],"acf":[],"yoast_head":"<!-- This site is optimized with the Yoast SEO Premium plugin v27.4 (Yoast SEO v27.4) - https:\/\/yoast.com\/product\/yoast-seo-premium-wordpress\/ -->\n<title>Dialog er viktigere enn noensinne - Foreldreutvalget for grunnoppl\u00e6ringen<\/title>\n<meta name=\"description\" content=\"8 av 10 foreldre var forn\u00f8yde med sitt barns nye skolehverdag, enten de hadde f\u00f8rste skoledag, startet p\u00e5 ungdomsskolen eller p\u00e5 videreg\u00e5ende.\" \/>\n<meta name=\"robots\" content=\"index, follow, max-snippet:-1, max-image-preview:large, max-video-preview:-1\" \/>\n<link rel=\"canonical\" href=\"https:\/\/foreldreutvalgene.no\/fug\/dialog-er-viktigere-enn-noensinne\/\" \/>\n<meta property=\"og:locale\" content=\"nb_NO\" \/>\n<meta property=\"og:type\" content=\"article\" \/>\n<meta property=\"og:title\" content=\"Dialog er viktigere enn noensinne\" \/>\n<meta property=\"og:description\" content=\"8 av 10 foreldre var forn\u00f8yde med sitt barns nye skolehverdag, enten de hadde f\u00f8rste skoledag, startet p\u00e5 ungdomsskolen eller p\u00e5 videreg\u00e5ende.\" \/>\n<meta property=\"og:url\" content=\"https:\/\/foreldreutvalgene.no\/fug\/dialog-er-viktigere-enn-noensinne\/\" \/>\n<meta property=\"og:site_name\" content=\"Foreldreutvalget for grunnoppl\u00e6ringen\" \/>\n<meta property=\"article:published_time\" content=\"2022-09-26T12:47:35+00:00\" \/>\n<meta property=\"article:modified_time\" content=\"2025-03-11T08:25:48+00:00\" \/>\n<meta property=\"og:image\" content=\"https:\/\/foreldreutvalgene.no\/fug\/wp-content\/uploads\/sites\/3\/2022\/08\/forste-skoledag22.jpg\" \/>\n\t<meta property=\"og:image:width\" content=\"1920\" \/>\n\t<meta property=\"og:image:height\" content=\"1280\" \/>\n\t<meta property=\"og:image:type\" content=\"image\/jpeg\" \/>\n<meta name=\"author\" content=\"bjornar\" \/>\n<meta name=\"twitter:card\" content=\"summary_large_image\" \/>\n<meta name=\"twitter:label1\" content=\"Skrevet av\" \/>\n\t<meta name=\"twitter:data1\" content=\"bjornar\" \/>\n\t<meta name=\"twitter:label2\" content=\"Ansl. lesetid\" \/>\n\t<meta name=\"twitter:data2\" content=\"5 minutter\" \/>\n<script type=\"application\/ld+json\" class=\"yoast-schema-graph\">{\"@context\":\"https:\\\/\\\/schema.org\",\"@graph\":[{\"@type\":\"Article\",\"@id\":\"https:\\\/\\\/foreldreutvalgene.no\\\/fug\\\/dialog-er-viktigere-enn-noensinne\\\/#article\",\"isPartOf\":{\"@id\":\"https:\\\/\\\/foreldreutvalgene.no\\\/fug\\\/dialog-er-viktigere-enn-noensinne\\\/\"},\"author\":{\"name\":\"bjornar\",\"@id\":\"https:\\\/\\\/foreldreutvalgene.no\\\/fug\\\/#\\\/schema\\\/person\\\/4074f8e84b174980cd2d4c2ec88dccef\"},\"headline\":\"Dialog er viktigere enn noensinne\",\"datePublished\":\"2022-09-26T12:47:35+00:00\",\"dateModified\":\"2025-03-11T08:25:48+00:00\",\"mainEntityOfPage\":{\"@id\":\"https:\\\/\\\/foreldreutvalgene.no\\\/fug\\\/dialog-er-viktigere-enn-noensinne\\\/\"},\"wordCount\":869,\"publisher\":{\"@id\":\"https:\\\/\\\/foreldreutvalgene.no\\\/fug\\\/#organization\"},\"image\":{\"@id\":\"https:\\\/\\\/foreldreutvalgene.no\\\/fug\\\/dialog-er-viktigere-enn-noensinne\\\/#primaryimage\"},\"thumbnailUrl\":\"https:\\\/\\\/foreldreutvalgene.no\\\/fug\\\/wp-content\\\/uploads\\\/sites\\\/3\\\/2022\\\/08\\\/forste-skoledag22.jpg\",\"articleSection\":[\"Annet\"],\"inLanguage\":\"nb-NO\"},{\"@type\":\"WebPage\",\"@id\":\"https:\\\/\\\/foreldreutvalgene.no\\\/fug\\\/dialog-er-viktigere-enn-noensinne\\\/\",\"url\":\"https:\\\/\\\/foreldreutvalgene.no\\\/fug\\\/dialog-er-viktigere-enn-noensinne\\\/\",\"name\":\"Dialog er viktigere enn noensinne - Foreldreutvalget for grunnoppl\u00e6ringen\",\"isPartOf\":{\"@id\":\"https:\\\/\\\/foreldreutvalgene.no\\\/fug\\\/#website\"},\"primaryImageOfPage\":{\"@id\":\"https:\\\/\\\/foreldreutvalgene.no\\\/fug\\\/dialog-er-viktigere-enn-noensinne\\\/#primaryimage\"},\"image\":{\"@id\":\"https:\\\/\\\/foreldreutvalgene.no\\\/fug\\\/dialog-er-viktigere-enn-noensinne\\\/#primaryimage\"},\"thumbnailUrl\":\"https:\\\/\\\/foreldreutvalgene.no\\\/fug\\\/wp-content\\\/uploads\\\/sites\\\/3\\\/2022\\\/08\\\/forste-skoledag22.jpg\",\"datePublished\":\"2022-09-26T12:47:35+00:00\",\"dateModified\":\"2025-03-11T08:25:48+00:00\",\"description\":\"8 av 10 foreldre var forn\u00f8yde med sitt barns nye skolehverdag, enten de hadde f\u00f8rste skoledag, startet p\u00e5 ungdomsskolen eller p\u00e5 videreg\u00e5ende.\",\"breadcrumb\":{\"@id\":\"https:\\\/\\\/foreldreutvalgene.no\\\/fug\\\/dialog-er-viktigere-enn-noensinne\\\/#breadcrumb\"},\"inLanguage\":\"nb-NO\",\"potentialAction\":[{\"@type\":\"ReadAction\",\"target\":[\"https:\\\/\\\/foreldreutvalgene.no\\\/fug\\\/dialog-er-viktigere-enn-noensinne\\\/\"]}]},{\"@type\":\"ImageObject\",\"inLanguage\":\"nb-NO\",\"@id\":\"https:\\\/\\\/foreldreutvalgene.no\\\/fug\\\/dialog-er-viktigere-enn-noensinne\\\/#primaryimage\",\"url\":\"https:\\\/\\\/foreldreutvalgene.no\\\/fug\\\/wp-content\\\/uploads\\\/sites\\\/3\\\/2022\\\/08\\\/forste-skoledag22.jpg\",\"contentUrl\":\"https:\\\/\\\/foreldreutvalgene.no\\\/fug\\\/wp-content\\\/uploads\\\/sites\\\/3\\\/2022\\\/08\\\/forste-skoledag22.jpg\",\"width\":1920,\"height\":1280,\"caption\":\"Bildet viser en liten gutt p\u00e5 vei til f\u00f8rste dag p\u00e5 skolen.\"},{\"@type\":\"BreadcrumbList\",\"@id\":\"https:\\\/\\\/foreldreutvalgene.no\\\/fug\\\/dialog-er-viktigere-enn-noensinne\\\/#breadcrumb\",\"itemListElement\":[{\"@type\":\"ListItem\",\"position\":1,\"name\":\"Home\",\"item\":\"https:\\\/\\\/foreldreutvalgene.no\\\/fug\\\/\"},{\"@type\":\"ListItem\",\"position\":2,\"name\":\"Dialog er viktigere enn noensinne\"}]},{\"@type\":\"WebSite\",\"@id\":\"https:\\\/\\\/foreldreutvalgene.no\\\/fug\\\/#website\",\"url\":\"https:\\\/\\\/foreldreutvalgene.no\\\/fug\\\/\",\"name\":\"Foreldreutvalget for grunnoppl\u00e6ringen\",\"description\":\"\",\"publisher\":{\"@id\":\"https:\\\/\\\/foreldreutvalgene.no\\\/fug\\\/#organization\"},\"potentialAction\":[{\"@type\":\"SearchAction\",\"target\":{\"@type\":\"EntryPoint\",\"urlTemplate\":\"https:\\\/\\\/foreldreutvalgene.no\\\/fug\\\/?s={search_term_string}\"},\"query-input\":{\"@type\":\"PropertyValueSpecification\",\"valueRequired\":true,\"valueName\":\"search_term_string\"}}],\"inLanguage\":\"nb-NO\"},{\"@type\":\"Organization\",\"@id\":\"https:\\\/\\\/foreldreutvalgene.no\\\/fug\\\/#organization\",\"name\":\"Foreldreutvalget for grunnoppl\u00e6ringen\",\"url\":\"https:\\\/\\\/foreldreutvalgene.no\\\/fug\\\/\",\"logo\":{\"@type\":\"ImageObject\",\"inLanguage\":\"nb-NO\",\"@id\":\"https:\\\/\\\/foreldreutvalgene.no\\\/fug\\\/#\\\/schema\\\/logo\\\/image\\\/\",\"url\":\"https:\\\/\\\/foreldreutvalgene.no\\\/fug\\\/wp-content\\\/uploads\\\/sites\\\/3\\\/2021\\\/06\\\/footer-logo-fug-outlined.svg\",\"contentUrl\":\"https:\\\/\\\/foreldreutvalgene.no\\\/fug\\\/wp-content\\\/uploads\\\/sites\\\/3\\\/2021\\\/06\\\/footer-logo-fug-outlined.svg\",\"width\":310,\"height\":73,\"caption\":\"Foreldreutvalget for grunnoppl\u00e6ringen\"},\"image\":{\"@id\":\"https:\\\/\\\/foreldreutvalgene.no\\\/fug\\\/#\\\/schema\\\/logo\\\/image\\\/\"}},{\"@type\":\"Person\",\"@id\":\"https:\\\/\\\/foreldreutvalgene.no\\\/fug\\\/#\\\/schema\\\/person\\\/4074f8e84b174980cd2d4c2ec88dccef\",\"name\":\"bjornar\",\"image\":{\"@type\":\"ImageObject\",\"inLanguage\":\"nb-NO\",\"@id\":\"https:\\\/\\\/secure.gravatar.com\\\/avatar\\\/5cafd5e235f3e1bbf1c12509a1e2c8d0c45b72ded70691f3113dc1c8fb45ee92?s=96&d=mm&r=g\",\"url\":\"https:\\\/\\\/secure.gravatar.com\\\/avatar\\\/5cafd5e235f3e1bbf1c12509a1e2c8d0c45b72ded70691f3113dc1c8fb45ee92?s=96&d=mm&r=g\",\"contentUrl\":\"https:\\\/\\\/secure.gravatar.com\\\/avatar\\\/5cafd5e235f3e1bbf1c12509a1e2c8d0c45b72ded70691f3113dc1c8fb45ee92?s=96&d=mm&r=g\",\"caption\":\"bjornar\"},\"url\":\"https:\\\/\\\/foreldreutvalgene.no\\\/fug\\\/author\\\/bjornar\\\/\"}]}<\/script>\n<!-- \/ Yoast SEO Premium plugin. -->","yoast_head_json":{"title":"Dialog er viktigere enn noensinne - Foreldreutvalget for grunnoppl\u00e6ringen","description":"8 av 10 foreldre var forn\u00f8yde med sitt barns nye skolehverdag, enten de hadde f\u00f8rste skoledag, startet p\u00e5 ungdomsskolen eller p\u00e5 videreg\u00e5ende.","robots":{"index":"index","follow":"follow","max-snippet":"max-snippet:-1","max-image-preview":"max-image-preview:large","max-video-preview":"max-video-preview:-1"},"canonical":"https:\/\/foreldreutvalgene.no\/fug\/dialog-er-viktigere-enn-noensinne\/","og_locale":"nb_NO","og_type":"article","og_title":"Dialog er viktigere enn noensinne","og_description":"8 av 10 foreldre var forn\u00f8yde med sitt barns nye skolehverdag, enten de hadde f\u00f8rste skoledag, startet p\u00e5 ungdomsskolen eller p\u00e5 videreg\u00e5ende.","og_url":"https:\/\/foreldreutvalgene.no\/fug\/dialog-er-viktigere-enn-noensinne\/","og_site_name":"Foreldreutvalget for grunnoppl\u00e6ringen","article_published_time":"2022-09-26T12:47:35+00:00","article_modified_time":"2025-03-11T08:25:48+00:00","og_image":[{"width":1920,"height":1280,"url":"https:\/\/foreldreutvalgene.no\/fug\/wp-content\/uploads\/sites\/3\/2022\/08\/forste-skoledag22.jpg","type":"image\/jpeg"}],"author":"bjornar","twitter_card":"summary_large_image","twitter_misc":{"Skrevet av":"bjornar","Ansl. lesetid":"5 minutter"},"schema":{"@context":"https:\/\/schema.org","@graph":[{"@type":"Article","@id":"https:\/\/foreldreutvalgene.no\/fug\/dialog-er-viktigere-enn-noensinne\/#article","isPartOf":{"@id":"https:\/\/foreldreutvalgene.no\/fug\/dialog-er-viktigere-enn-noensinne\/"},"author":{"name":"bjornar","@id":"https:\/\/foreldreutvalgene.no\/fug\/#\/schema\/person\/4074f8e84b174980cd2d4c2ec88dccef"},"headline":"Dialog er viktigere enn noensinne","datePublished":"2022-09-26T12:47:35+00:00","dateModified":"2025-03-11T08:25:48+00:00","mainEntityOfPage":{"@id":"https:\/\/foreldreutvalgene.no\/fug\/dialog-er-viktigere-enn-noensinne\/"},"wordCount":869,"publisher":{"@id":"https:\/\/foreldreutvalgene.no\/fug\/#organization"},"image":{"@id":"https:\/\/foreldreutvalgene.no\/fug\/dialog-er-viktigere-enn-noensinne\/#primaryimage"},"thumbnailUrl":"https:\/\/foreldreutvalgene.no\/fug\/wp-content\/uploads\/sites\/3\/2022\/08\/forste-skoledag22.jpg","articleSection":["Annet"],"inLanguage":"nb-NO"},{"@type":"WebPage","@id":"https:\/\/foreldreutvalgene.no\/fug\/dialog-er-viktigere-enn-noensinne\/","url":"https:\/\/foreldreutvalgene.no\/fug\/dialog-er-viktigere-enn-noensinne\/","name":"Dialog er viktigere enn noensinne - Foreldreutvalget for grunnoppl\u00e6ringen","isPartOf":{"@id":"https:\/\/foreldreutvalgene.no\/fug\/#website"},"primaryImageOfPage":{"@id":"https:\/\/foreldreutvalgene.no\/fug\/dialog-er-viktigere-enn-noensinne\/#primaryimage"},"image":{"@id":"https:\/\/foreldreutvalgene.no\/fug\/dialog-er-viktigere-enn-noensinne\/#primaryimage"},"thumbnailUrl":"https:\/\/foreldreutvalgene.no\/fug\/wp-content\/uploads\/sites\/3\/2022\/08\/forste-skoledag22.jpg","datePublished":"2022-09-26T12:47:35+00:00","dateModified":"2025-03-11T08:25:48+00:00","description":"8 av 10 foreldre var forn\u00f8yde med sitt barns nye skolehverdag, enten de hadde f\u00f8rste skoledag, startet p\u00e5 ungdomsskolen eller p\u00e5 videreg\u00e5ende.","breadcrumb":{"@id":"https:\/\/foreldreutvalgene.no\/fug\/dialog-er-viktigere-enn-noensinne\/#breadcrumb"},"inLanguage":"nb-NO","potentialAction":[{"@type":"ReadAction","target":["https:\/\/foreldreutvalgene.no\/fug\/dialog-er-viktigere-enn-noensinne\/"]}]},{"@type":"ImageObject","inLanguage":"nb-NO","@id":"https:\/\/foreldreutvalgene.no\/fug\/dialog-er-viktigere-enn-noensinne\/#primaryimage","url":"https:\/\/foreldreutvalgene.no\/fug\/wp-content\/uploads\/sites\/3\/2022\/08\/forste-skoledag22.jpg","contentUrl":"https:\/\/foreldreutvalgene.no\/fug\/wp-content\/uploads\/sites\/3\/2022\/08\/forste-skoledag22.jpg","width":1920,"height":1280,"caption":"Bildet viser en liten gutt p\u00e5 vei til f\u00f8rste dag p\u00e5 skolen."},{"@type":"BreadcrumbList","@id":"https:\/\/foreldreutvalgene.no\/fug\/dialog-er-viktigere-enn-noensinne\/#breadcrumb","itemListElement":[{"@type":"ListItem","position":1,"name":"Home","item":"https:\/\/foreldreutvalgene.no\/fug\/"},{"@type":"ListItem","position":2,"name":"Dialog er viktigere enn noensinne"}]},{"@type":"WebSite","@id":"https:\/\/foreldreutvalgene.no\/fug\/#website","url":"https:\/\/foreldreutvalgene.no\/fug\/","name":"Foreldreutvalget for grunnoppl\u00e6ringen","description":"","publisher":{"@id":"https:\/\/foreldreutvalgene.no\/fug\/#organization"},"potentialAction":[{"@type":"SearchAction","target":{"@type":"EntryPoint","urlTemplate":"https:\/\/foreldreutvalgene.no\/fug\/?s={search_term_string}"},"query-input":{"@type":"PropertyValueSpecification","valueRequired":true,"valueName":"search_term_string"}}],"inLanguage":"nb-NO"},{"@type":"Organization","@id":"https:\/\/foreldreutvalgene.no\/fug\/#organization","name":"Foreldreutvalget for grunnoppl\u00e6ringen","url":"https:\/\/foreldreutvalgene.no\/fug\/","logo":{"@type":"ImageObject","inLanguage":"nb-NO","@id":"https:\/\/foreldreutvalgene.no\/fug\/#\/schema\/logo\/image\/","url":"https:\/\/foreldreutvalgene.no\/fug\/wp-content\/uploads\/sites\/3\/2021\/06\/footer-logo-fug-outlined.svg","contentUrl":"https:\/\/foreldreutvalgene.no\/fug\/wp-content\/uploads\/sites\/3\/2021\/06\/footer-logo-fug-outlined.svg","width":310,"height":73,"caption":"Foreldreutvalget for grunnoppl\u00e6ringen"},"image":{"@id":"https:\/\/foreldreutvalgene.no\/fug\/#\/schema\/logo\/image\/"}},{"@type":"Person","@id":"https:\/\/foreldreutvalgene.no\/fug\/#\/schema\/person\/4074f8e84b174980cd2d4c2ec88dccef","name":"bjornar","image":{"@type":"ImageObject","inLanguage":"nb-NO","@id":"https:\/\/secure.gravatar.com\/avatar\/5cafd5e235f3e1bbf1c12509a1e2c8d0c45b72ded70691f3113dc1c8fb45ee92?s=96&d=mm&r=g","url":"https:\/\/secure.gravatar.com\/avatar\/5cafd5e235f3e1bbf1c12509a1e2c8d0c45b72ded70691f3113dc1c8fb45ee92?s=96&d=mm&r=g","contentUrl":"https:\/\/secure.gravatar.com\/avatar\/5cafd5e235f3e1bbf1c12509a1e2c8d0c45b72ded70691f3113dc1c8fb45ee92?s=96&d=mm&r=g","caption":"bjornar"},"url":"https:\/\/foreldreutvalgene.no\/fug\/author\/bjornar\/"}]}},"_links":{"self":[{"href":"https:\/\/foreldreutvalgene.no\/fug\/wp-json\/wp\/v2\/posts\/3009","targetHints":{"allow":["GET"]}}],"collection":[{"href":"https:\/\/foreldreutvalgene.no\/fug\/wp-json\/wp\/v2\/posts"}],"about":[{"href":"https:\/\/foreldreutvalgene.no\/fug\/wp-json\/wp\/v2\/types\/post"}],"author":[{"embeddable":true,"href":"https:\/\/foreldreutvalgene.no\/fug\/wp-json\/wp\/v2\/users\/7"}],"replies":[{"embeddable":true,"href":"https:\/\/foreldreutvalgene.no\/fug\/wp-json\/wp\/v2\/comments?post=3009"}],"version-history":[{"count":15,"href":"https:\/\/foreldreutvalgene.no\/fug\/wp-json\/wp\/v2\/posts\/3009\/revisions"}],"predecessor-version":[{"id":11765,"href":"https:\/\/foreldreutvalgene.no\/fug\/wp-json\/wp\/v2\/posts\/3009\/revisions\/11765"}],"wp:featuredmedia":[{"embeddable":true,"href":"https:\/\/foreldreutvalgene.no\/fug\/wp-json\/wp\/v2\/media\/3130"}],"wp:attachment":[{"href":"https:\/\/foreldreutvalgene.no\/fug\/wp-json\/wp\/v2\/media?parent=3009"}],"wp:term":[{"taxonomy":"category","embeddable":true,"href":"https:\/\/foreldreutvalgene.no\/fug\/wp-json\/wp\/v2\/categories?post=3009"},{"taxonomy":"post_tag","embeddable":true,"href":"https:\/\/foreldreutvalgene.no\/fug\/wp-json\/wp\/v2\/tags?post=3009"}],"curies":[{"name":"wp","href":"https:\/\/api.w.org\/{rel}","templated":true}]}}