{"id":181,"date":"2021-06-15T22:47:20","date_gmt":"2021-06-15T20:47:20","guid":{"rendered":"https:\/\/foreldreutvalgene.no\/fug\/?p=181"},"modified":"2025-01-10T13:11:09","modified_gmt":"2025-01-10T12:11:09","slug":"elevrad","status":"publish","type":"post","link":"https:\/\/foreldreutvalgene.no\/fug\/elevrad\/","title":{"rendered":"Elevr\u00e5d"},"content":{"rendered":"\n<p class=\"has-large-font-size\"><strong>\u201cBarn har rett til \u00e5 bli h\u00f8rt og til \u00e5 bestemme i saker som ang\u00e5r dem\u201d, det sier <a href=\"https:\/\/lovdata.no\/lov\/1999-05-21-30\/bkn\/a12\">barnekonvensjonen artikkel 12<\/a>, oppl\u00e6ringsloven paragraf 10-4 og 10-5 sier ogs\u00e5 at elevene skal f\u00e5 v\u00e6re med og planlegge og gjennomf\u00f8re arbeidet for et trygt og godt skolemilj\u00f8, og skolen skal hjelp elevene i arbeidet med skoledemokratiet .<\/strong><\/p>\n\n\n\n<p class=\"has-large-font-size\"><strong>Derfor finnes elevr\u00e5det, en mulighet for elevene til \u00e5 engasjere seg i sin egen skolehverdag.  I denne artikkelen f\u00e5r du vite hvem som kan sitte i elevr\u00e5det og hva de jobber med<\/strong>.<\/p>\n\n\n\n<figure class=\"wp-block-image size-large\"><img loading=\"lazy\" decoding=\"async\" width=\"1024\" height=\"683\" src=\"https:\/\/foreldreutvalgene.no\/fug\/wp-content\/uploads\/sites\/3\/2021\/06\/w113340_optimized-1024x683.jpg\" alt=\"\" class=\"wp-image-3942\" srcset=\"https:\/\/foreldreutvalgene.no\/fug\/wp-content\/uploads\/sites\/3\/2021\/06\/w113340_optimized-1024x683.jpg 1024w, https:\/\/foreldreutvalgene.no\/fug\/wp-content\/uploads\/sites\/3\/2021\/06\/w113340_optimized-300x200.jpg 300w, https:\/\/foreldreutvalgene.no\/fug\/wp-content\/uploads\/sites\/3\/2021\/06\/w113340_optimized-768x512.jpg 768w, https:\/\/foreldreutvalgene.no\/fug\/wp-content\/uploads\/sites\/3\/2021\/06\/w113340_optimized-1536x1024.jpg 1536w, https:\/\/foreldreutvalgene.no\/fug\/wp-content\/uploads\/sites\/3\/2021\/06\/w113340_optimized-620x413.jpg 620w, https:\/\/foreldreutvalgene.no\/fug\/wp-content\/uploads\/sites\/3\/2021\/06\/w113340_optimized-120x80.jpg 120w, https:\/\/foreldreutvalgene.no\/fug\/wp-content\/uploads\/sites\/3\/2021\/06\/w113340_optimized-320x213.jpg 320w, https:\/\/foreldreutvalgene.no\/fug\/wp-content\/uploads\/sites\/3\/2021\/06\/w113340_optimized-1440x960.jpg 1440w, https:\/\/foreldreutvalgene.no\/fug\/wp-content\/uploads\/sites\/3\/2021\/06\/w113340_optimized.jpg 1920w\" sizes=\"auto, (max-width: 1024px) 100vw, 1024px\" \/><\/figure>\n\n\n\n<h2 class=\"wp-block-heading\" id=\"h-hvem-kan-sitte-i-elevradet\">Hvem kan sitte i elevr\u00e5det?<\/h2>\n\n\n\n<p>Ved hver skole finnes det et elevr\u00e5d.  Det er kommunen eller rektor som bestemmer om det er flere enn \u00e9n elev fra hvert trinn , og om det skal v\u00e6re ett eller flere elevr\u00e5d. Det er avhengig av st\u00f8rrelsen p\u00e5 skolen eller om skolen er en kombinert barne- og ungdomsskole. Hver klasse\/gruppe fra de trinnene som skal v\u00e6re med, velger \u00e9n eller flere representanter som sitter i elevr\u00e5det. Skolene har forskjellige m\u00e5ter \u00e5 gjennomf\u00f8re valgene p\u00e5.<\/p>\n\n\n\n<p>Det skal deretter velges elever som skal v\u00e6re med i andre utvalget skolen har.   De skal kalles inn til m\u00f8ter i disse utvalgene, og meningene deres skal skrives inn i referatet. De skal ikke v\u00e6re til stede hvis utvalget behandler saker som handler om andre elever, eller der de andre medlemmene har taushetsplikt.<\/p>\n\n\n\n<p>Hvis skolen har et arbeidsutvalg som jobber med skolemilj\u00f8saker, kan elevr\u00e5det velge sine representanter til \u00e5 ivareta elevenes interesser i arbeidet.<\/p>\n\n\n\n<h2 class=\"wp-block-heading\" id=\"h-hva-gjor-elevradet\">Hva gj\u00f8r elevr\u00e5det?<\/h2>\n\n\n\n<ul class=\"wp-block-list\">\n<li>Jobber for fellesinteressene til elevene p\u00e5 skolen og for \u00e5 skape et godt l\u00e6rings- og skolemilj\u00f8.<\/li>\n\n\n\n<li>Uttaler seg om og komme med framlegg i saker som gjelder n\u00e6rmilj\u00f8et til elevene.<\/li>\n\n\n\n<li>Representerer elevene p\u00e5 skolen overfor rektor og andre som bestemmer over skolen. Rektor skal h\u00f8re p\u00e5 elevr\u00e5det og kan gjerne sp\u00f8rre elevr\u00e5det om r\u00e5d for \u00e5 gj\u00f8re skolen bedre.<\/li>\n\n\n\n<li>Bruker elevunders\u00f8kelsen som verkt\u00f8y. Dette er en nasjonal unders\u00f8kelse som gjennomf\u00f8res hvert \u00e5r. Her f\u00e5r elevene anonymt si sin mening om skolemilj\u00f8et, undervisningssituasjonen og hvordan de trives.<\/li>\n<\/ul>\n\n\n\n<h4 class=\"wp-block-heading\" id=\"h-eksempler-pa-saker-elevradet-jobber-med\">Eksempler p\u00e5 saker elevr\u00e5det jobber med:<\/h4>\n\n\n\n<ul class=\"wp-block-list\">\n<li>Godt l\u00e6ringsmilj\u00f8, f.eks. at stolene er tilpasset pultene eller om det er godt nok luft i klasserommene.<\/li>\n\n\n\n<li>Innspill p\u00e5 undervisningen.<\/li>\n\n\n\n<li>Forslag til aktiviteter i friminuttene.<\/li>\n\n\n\n<li>Hvordan er skolemilj\u00f8et?<\/li>\n\n\n\n<li>Temaer de synes det er viktig at skolen jobber med.<\/li>\n\n\n\n<li>Sier fra om de for eksempel \u00f8nsker at skolen skal jobbe mer mot mobbing.<\/li>\n\n\n\n<li>Trygg skolevei.<\/li>\n\n\n\n<li>Manglende fritidstilbud.<\/li>\n\n\n\n<li>Ting som skjer i verden som elevene b\u00f8r f\u00e5 informasjon om.<\/li>\n<\/ul>\n\n\n\n<h2 class=\"wp-block-heading\" id=\"h-hva-gjor-elevradsrepresentanten\">Hva gj\u00f8r elevr\u00e5dsrepresentanten?<\/h2>\n\n\n\n<ul class=\"wp-block-list\">\n<li>Representerer sin klasse i elevr\u00e5det.<\/li>\n\n\n\n<li>Informerer klassen om ting som tas opp i elevr\u00e5det.<\/li>\n\n\n\n<li>Setter elevenes saker p\u00e5 agendaen i elevr\u00e5det.<\/li>\n\n\n\n<li>Samarbeider med l\u00e6reren om milj\u00f8et i klassen og tilrettelegger for klassens time der elevene kan ta opp det som opptar dem.<\/li>\n<\/ul>\n\n\n\n<h2 class=\"wp-block-heading\" id=\"h-skolens-ansvar\">Skolens ansvar<\/h2>\n\n\n\n<p>Oppl\u00e6ringsloven paragraf 10-4 sier at skolen skal s\u00f8rge for at elevene f\u00e5r v\u00e6re med p\u00e5 \u00e5 planlegge, gjennomf\u00f8re og vurdere skolens virksomhet. Skolen skal ogs\u00e5 hjelpe elevene i arbeidet med skoledemokratiet.<\/p>\n\n\n\n<h2 class=\"wp-block-heading\" id=\"h-har-ikke-din-skole-et-velfungerende-elevrad\">Har ikke din skole et velfungerende elevr\u00e5d?<\/h2>\n\n\n\n<p>Dersom skolen ikke har et fungerende elevr\u00e5d, kan elevene ta dette opp med elevr\u00e5dskontakten og skoleledelsen, og etterp\u00e5 kontakte kommunen for \u00e5 f\u00e5 hjelp til \u00e5 f\u00e5 p\u00e5 plass et fungerende elevr\u00e5d.<\/p>\n\n\n\n<p>Du finner ogs\u00e5 nyttig informasjon og st\u00f8tte <a href=\"https:\/\/www.xn--elevrd-mua.no\/\">HER<\/a> og <a href=\"https:\/\/elev.no\/elevradshandboka\/\">HER<\/a>.<\/p>\n\n\n\n<p>LES om andre <a href=\"https:\/\/foreldreutvalgene.no\/fug\/category\/rad-og-utvalg-i-skolen\/\">r\u00e5d og utvalg i skolen<\/a><\/p>\n","protected":false},"excerpt":{"rendered":"<p>\u201cBarn har rett til \u00e5 bli h\u00f8rt og til \u00e5 bestemme i saker som ang\u00e5r dem\u201d, det sier barnekonvensjonen artikkel 12, oppl\u00e6ringsloven paragraf 10-4 og 10-5 sier ogs\u00e5 at elevene skal f\u00e5 v\u00e6re med og planlegge og gjennomf\u00f8re arbeidet for et trygt og godt skolemilj\u00f8, og skolen skal hjelp elevene i arbeidet med skoledemokratiet . [&hellip;]<\/p>\n","protected":false},"author":3,"featured_media":3942,"comment_status":"open","ping_status":"open","sticky":false,"template":"page-theme.php","format":"standard","meta":{"_acf_changed":false,"footnotes":""},"categories":[7],"tags":[],"class_list":["post-181","post","type-post","status-publish","format-standard","has-post-thumbnail","hentry","category-rad-og-utvalg-i-skolen"],"acf":[],"yoast_head":"<!-- This site is optimized with the Yoast SEO Premium plugin v27.4 (Yoast SEO v27.4) - https:\/\/yoast.com\/product\/yoast-seo-premium-wordpress\/ -->\n<title>Elevr\u00e5d - Foreldreutvalget for grunnoppl\u00e6ringen<\/title>\n<meta name=\"description\" content=\"Ved hver skole finnes det et elevr\u00e5d med representanter fra minimum 5.-7. trinn og 8.-10. trinn. Finn ut mer om elevr\u00e5det og dets funksjon.\" \/>\n<meta name=\"robots\" content=\"index, follow, max-snippet:-1, max-image-preview:large, max-video-preview:-1\" \/>\n<link rel=\"canonical\" href=\"https:\/\/foreldreutvalgene.no\/fug\/elevrad\/\" \/>\n<meta property=\"og:locale\" content=\"nb_NO\" \/>\n<meta property=\"og:type\" content=\"article\" \/>\n<meta property=\"og:title\" content=\"Elevr\u00e5d\" \/>\n<meta property=\"og:description\" content=\"Ved hver skole finnes det et elevr\u00e5d med representanter fra minimum 5.-7. trinn og 8.-10. trinn. Finn ut mer om elevr\u00e5det og dets funksjon.\" \/>\n<meta property=\"og:url\" content=\"https:\/\/foreldreutvalgene.no\/fug\/elevrad\/\" \/>\n<meta property=\"og:site_name\" content=\"Foreldreutvalget for grunnoppl\u00e6ringen\" \/>\n<meta property=\"article:published_time\" content=\"2021-06-15T20:47:20+00:00\" \/>\n<meta property=\"article:modified_time\" content=\"2025-01-10T12:11:09+00:00\" \/>\n<meta property=\"og:image\" content=\"https:\/\/foreldreutvalgene.no\/fug\/wp-content\/uploads\/sites\/3\/2021\/06\/w113340_optimized.jpg\" \/>\n\t<meta property=\"og:image:width\" content=\"1920\" \/>\n\t<meta property=\"og:image:height\" content=\"1280\" \/>\n\t<meta property=\"og:image:type\" content=\"image\/jpeg\" \/>\n<meta name=\"author\" content=\"baard\" \/>\n<meta name=\"twitter:card\" content=\"summary_large_image\" \/>\n<meta name=\"twitter:label1\" content=\"Skrevet av\" \/>\n\t<meta name=\"twitter:data1\" content=\"baard\" \/>\n\t<meta name=\"twitter:label2\" content=\"Ansl. lesetid\" \/>\n\t<meta name=\"twitter:data2\" content=\"4 minutter\" \/>\n<script type=\"application\/ld+json\" class=\"yoast-schema-graph\">{\"@context\":\"https:\\\/\\\/schema.org\",\"@graph\":[{\"@type\":\"Article\",\"@id\":\"https:\\\/\\\/foreldreutvalgene.no\\\/fug\\\/elevrad\\\/#article\",\"isPartOf\":{\"@id\":\"https:\\\/\\\/foreldreutvalgene.no\\\/fug\\\/elevrad\\\/\"},\"author\":{\"name\":\"baard\",\"@id\":\"https:\\\/\\\/foreldreutvalgene.no\\\/fug\\\/#\\\/schema\\\/person\\\/a23a320ed9adc5462c23ba632fb76336\"},\"headline\":\"Elevr\u00e5d\",\"datePublished\":\"2021-06-15T20:47:20+00:00\",\"dateModified\":\"2025-01-10T12:11:09+00:00\",\"mainEntityOfPage\":{\"@id\":\"https:\\\/\\\/foreldreutvalgene.no\\\/fug\\\/elevrad\\\/\"},\"wordCount\":591,\"commentCount\":0,\"publisher\":{\"@id\":\"https:\\\/\\\/foreldreutvalgene.no\\\/fug\\\/#organization\"},\"image\":{\"@id\":\"https:\\\/\\\/foreldreutvalgene.no\\\/fug\\\/elevrad\\\/#primaryimage\"},\"thumbnailUrl\":\"https:\\\/\\\/foreldreutvalgene.no\\\/fug\\\/wp-content\\\/uploads\\\/sites\\\/3\\\/2021\\\/06\\\/w113340_optimized.jpg\",\"articleSection\":[\"R\u00e5d og utvalg i skolen\"],\"inLanguage\":\"nb-NO\",\"potentialAction\":[{\"@type\":\"CommentAction\",\"name\":\"Comment\",\"target\":[\"https:\\\/\\\/foreldreutvalgene.no\\\/fug\\\/elevrad\\\/#respond\"]}]},{\"@type\":\"WebPage\",\"@id\":\"https:\\\/\\\/foreldreutvalgene.no\\\/fug\\\/elevrad\\\/\",\"url\":\"https:\\\/\\\/foreldreutvalgene.no\\\/fug\\\/elevrad\\\/\",\"name\":\"Elevr\u00e5d - Foreldreutvalget for grunnoppl\u00e6ringen\",\"isPartOf\":{\"@id\":\"https:\\\/\\\/foreldreutvalgene.no\\\/fug\\\/#website\"},\"primaryImageOfPage\":{\"@id\":\"https:\\\/\\\/foreldreutvalgene.no\\\/fug\\\/elevrad\\\/#primaryimage\"},\"image\":{\"@id\":\"https:\\\/\\\/foreldreutvalgene.no\\\/fug\\\/elevrad\\\/#primaryimage\"},\"thumbnailUrl\":\"https:\\\/\\\/foreldreutvalgene.no\\\/fug\\\/wp-content\\\/uploads\\\/sites\\\/3\\\/2021\\\/06\\\/w113340_optimized.jpg\",\"datePublished\":\"2021-06-15T20:47:20+00:00\",\"dateModified\":\"2025-01-10T12:11:09+00:00\",\"description\":\"Ved hver skole finnes det et elevr\u00e5d med representanter fra minimum 5.-7. trinn og 8.-10. trinn. Finn ut mer om elevr\u00e5det og dets funksjon.\",\"breadcrumb\":{\"@id\":\"https:\\\/\\\/foreldreutvalgene.no\\\/fug\\\/elevrad\\\/#breadcrumb\"},\"inLanguage\":\"nb-NO\",\"potentialAction\":[{\"@type\":\"ReadAction\",\"target\":[\"https:\\\/\\\/foreldreutvalgene.no\\\/fug\\\/elevrad\\\/\"]}]},{\"@type\":\"ImageObject\",\"inLanguage\":\"nb-NO\",\"@id\":\"https:\\\/\\\/foreldreutvalgene.no\\\/fug\\\/elevrad\\\/#primaryimage\",\"url\":\"https:\\\/\\\/foreldreutvalgene.no\\\/fug\\\/wp-content\\\/uploads\\\/sites\\\/3\\\/2021\\\/06\\\/w113340_optimized.jpg\",\"contentUrl\":\"https:\\\/\\\/foreldreutvalgene.no\\\/fug\\\/wp-content\\\/uploads\\\/sites\\\/3\\\/2021\\\/06\\\/w113340_optimized.jpg\",\"width\":1920,\"height\":1280,\"caption\":\"Biletet syner ein gjeng elevar som sit kring eit bord\"},{\"@type\":\"BreadcrumbList\",\"@id\":\"https:\\\/\\\/foreldreutvalgene.no\\\/fug\\\/elevrad\\\/#breadcrumb\",\"itemListElement\":[{\"@type\":\"ListItem\",\"position\":1,\"name\":\"Home\",\"item\":\"https:\\\/\\\/foreldreutvalgene.no\\\/fug\\\/\"},{\"@type\":\"ListItem\",\"position\":2,\"name\":\"Elevr\u00e5d\"}]},{\"@type\":\"WebSite\",\"@id\":\"https:\\\/\\\/foreldreutvalgene.no\\\/fug\\\/#website\",\"url\":\"https:\\\/\\\/foreldreutvalgene.no\\\/fug\\\/\",\"name\":\"Foreldreutvalget for grunnoppl\u00e6ringen\",\"description\":\"\",\"publisher\":{\"@id\":\"https:\\\/\\\/foreldreutvalgene.no\\\/fug\\\/#organization\"},\"potentialAction\":[{\"@type\":\"SearchAction\",\"target\":{\"@type\":\"EntryPoint\",\"urlTemplate\":\"https:\\\/\\\/foreldreutvalgene.no\\\/fug\\\/?s={search_term_string}\"},\"query-input\":{\"@type\":\"PropertyValueSpecification\",\"valueRequired\":true,\"valueName\":\"search_term_string\"}}],\"inLanguage\":\"nb-NO\"},{\"@type\":\"Organization\",\"@id\":\"https:\\\/\\\/foreldreutvalgene.no\\\/fug\\\/#organization\",\"name\":\"Foreldreutvalget for grunnoppl\u00e6ringen\",\"url\":\"https:\\\/\\\/foreldreutvalgene.no\\\/fug\\\/\",\"logo\":{\"@type\":\"ImageObject\",\"inLanguage\":\"nb-NO\",\"@id\":\"https:\\\/\\\/foreldreutvalgene.no\\\/fug\\\/#\\\/schema\\\/logo\\\/image\\\/\",\"url\":\"https:\\\/\\\/foreldreutvalgene.no\\\/fug\\\/wp-content\\\/uploads\\\/sites\\\/3\\\/2021\\\/06\\\/footer-logo-fug-outlined.svg\",\"contentUrl\":\"https:\\\/\\\/foreldreutvalgene.no\\\/fug\\\/wp-content\\\/uploads\\\/sites\\\/3\\\/2021\\\/06\\\/footer-logo-fug-outlined.svg\",\"width\":310,\"height\":73,\"caption\":\"Foreldreutvalget for grunnoppl\u00e6ringen\"},\"image\":{\"@id\":\"https:\\\/\\\/foreldreutvalgene.no\\\/fug\\\/#\\\/schema\\\/logo\\\/image\\\/\"}},{\"@type\":\"Person\",\"@id\":\"https:\\\/\\\/foreldreutvalgene.no\\\/fug\\\/#\\\/schema\\\/person\\\/a23a320ed9adc5462c23ba632fb76336\",\"name\":\"baard\",\"image\":{\"@type\":\"ImageObject\",\"inLanguage\":\"nb-NO\",\"@id\":\"https:\\\/\\\/secure.gravatar.com\\\/avatar\\\/da20dcea7d46be70e6955e824595ce05f23748ea636e5d16108777a8f6ae217e?s=96&d=mm&r=g\",\"url\":\"https:\\\/\\\/secure.gravatar.com\\\/avatar\\\/da20dcea7d46be70e6955e824595ce05f23748ea636e5d16108777a8f6ae217e?s=96&d=mm&r=g\",\"contentUrl\":\"https:\\\/\\\/secure.gravatar.com\\\/avatar\\\/da20dcea7d46be70e6955e824595ce05f23748ea636e5d16108777a8f6ae217e?s=96&d=mm&r=g\",\"caption\":\"baard\"},\"url\":\"https:\\\/\\\/foreldreutvalgene.no\\\/fug\\\/author\\\/baard\\\/\"}]}<\/script>\n<!-- \/ Yoast SEO Premium plugin. -->","yoast_head_json":{"title":"Elevr\u00e5d - Foreldreutvalget for grunnoppl\u00e6ringen","description":"Ved hver skole finnes det et elevr\u00e5d med representanter fra minimum 5.-7. trinn og 8.-10. trinn. Finn ut mer om elevr\u00e5det og dets funksjon.","robots":{"index":"index","follow":"follow","max-snippet":"max-snippet:-1","max-image-preview":"max-image-preview:large","max-video-preview":"max-video-preview:-1"},"canonical":"https:\/\/foreldreutvalgene.no\/fug\/elevrad\/","og_locale":"nb_NO","og_type":"article","og_title":"Elevr\u00e5d","og_description":"Ved hver skole finnes det et elevr\u00e5d med representanter fra minimum 5.-7. trinn og 8.-10. trinn. Finn ut mer om elevr\u00e5det og dets funksjon.","og_url":"https:\/\/foreldreutvalgene.no\/fug\/elevrad\/","og_site_name":"Foreldreutvalget for grunnoppl\u00e6ringen","article_published_time":"2021-06-15T20:47:20+00:00","article_modified_time":"2025-01-10T12:11:09+00:00","og_image":[{"width":1920,"height":1280,"url":"https:\/\/foreldreutvalgene.no\/fug\/wp-content\/uploads\/sites\/3\/2021\/06\/w113340_optimized.jpg","type":"image\/jpeg"}],"author":"baard","twitter_card":"summary_large_image","twitter_misc":{"Skrevet av":"baard","Ansl. lesetid":"4 minutter"},"schema":{"@context":"https:\/\/schema.org","@graph":[{"@type":"Article","@id":"https:\/\/foreldreutvalgene.no\/fug\/elevrad\/#article","isPartOf":{"@id":"https:\/\/foreldreutvalgene.no\/fug\/elevrad\/"},"author":{"name":"baard","@id":"https:\/\/foreldreutvalgene.no\/fug\/#\/schema\/person\/a23a320ed9adc5462c23ba632fb76336"},"headline":"Elevr\u00e5d","datePublished":"2021-06-15T20:47:20+00:00","dateModified":"2025-01-10T12:11:09+00:00","mainEntityOfPage":{"@id":"https:\/\/foreldreutvalgene.no\/fug\/elevrad\/"},"wordCount":591,"commentCount":0,"publisher":{"@id":"https:\/\/foreldreutvalgene.no\/fug\/#organization"},"image":{"@id":"https:\/\/foreldreutvalgene.no\/fug\/elevrad\/#primaryimage"},"thumbnailUrl":"https:\/\/foreldreutvalgene.no\/fug\/wp-content\/uploads\/sites\/3\/2021\/06\/w113340_optimized.jpg","articleSection":["R\u00e5d og utvalg i skolen"],"inLanguage":"nb-NO","potentialAction":[{"@type":"CommentAction","name":"Comment","target":["https:\/\/foreldreutvalgene.no\/fug\/elevrad\/#respond"]}]},{"@type":"WebPage","@id":"https:\/\/foreldreutvalgene.no\/fug\/elevrad\/","url":"https:\/\/foreldreutvalgene.no\/fug\/elevrad\/","name":"Elevr\u00e5d - Foreldreutvalget for grunnoppl\u00e6ringen","isPartOf":{"@id":"https:\/\/foreldreutvalgene.no\/fug\/#website"},"primaryImageOfPage":{"@id":"https:\/\/foreldreutvalgene.no\/fug\/elevrad\/#primaryimage"},"image":{"@id":"https:\/\/foreldreutvalgene.no\/fug\/elevrad\/#primaryimage"},"thumbnailUrl":"https:\/\/foreldreutvalgene.no\/fug\/wp-content\/uploads\/sites\/3\/2021\/06\/w113340_optimized.jpg","datePublished":"2021-06-15T20:47:20+00:00","dateModified":"2025-01-10T12:11:09+00:00","description":"Ved hver skole finnes det et elevr\u00e5d med representanter fra minimum 5.-7. trinn og 8.-10. trinn. Finn ut mer om elevr\u00e5det og dets funksjon.","breadcrumb":{"@id":"https:\/\/foreldreutvalgene.no\/fug\/elevrad\/#breadcrumb"},"inLanguage":"nb-NO","potentialAction":[{"@type":"ReadAction","target":["https:\/\/foreldreutvalgene.no\/fug\/elevrad\/"]}]},{"@type":"ImageObject","inLanguage":"nb-NO","@id":"https:\/\/foreldreutvalgene.no\/fug\/elevrad\/#primaryimage","url":"https:\/\/foreldreutvalgene.no\/fug\/wp-content\/uploads\/sites\/3\/2021\/06\/w113340_optimized.jpg","contentUrl":"https:\/\/foreldreutvalgene.no\/fug\/wp-content\/uploads\/sites\/3\/2021\/06\/w113340_optimized.jpg","width":1920,"height":1280,"caption":"Biletet syner ein gjeng elevar som sit kring eit bord"},{"@type":"BreadcrumbList","@id":"https:\/\/foreldreutvalgene.no\/fug\/elevrad\/#breadcrumb","itemListElement":[{"@type":"ListItem","position":1,"name":"Home","item":"https:\/\/foreldreutvalgene.no\/fug\/"},{"@type":"ListItem","position":2,"name":"Elevr\u00e5d"}]},{"@type":"WebSite","@id":"https:\/\/foreldreutvalgene.no\/fug\/#website","url":"https:\/\/foreldreutvalgene.no\/fug\/","name":"Foreldreutvalget for grunnoppl\u00e6ringen","description":"","publisher":{"@id":"https:\/\/foreldreutvalgene.no\/fug\/#organization"},"potentialAction":[{"@type":"SearchAction","target":{"@type":"EntryPoint","urlTemplate":"https:\/\/foreldreutvalgene.no\/fug\/?s={search_term_string}"},"query-input":{"@type":"PropertyValueSpecification","valueRequired":true,"valueName":"search_term_string"}}],"inLanguage":"nb-NO"},{"@type":"Organization","@id":"https:\/\/foreldreutvalgene.no\/fug\/#organization","name":"Foreldreutvalget for grunnoppl\u00e6ringen","url":"https:\/\/foreldreutvalgene.no\/fug\/","logo":{"@type":"ImageObject","inLanguage":"nb-NO","@id":"https:\/\/foreldreutvalgene.no\/fug\/#\/schema\/logo\/image\/","url":"https:\/\/foreldreutvalgene.no\/fug\/wp-content\/uploads\/sites\/3\/2021\/06\/footer-logo-fug-outlined.svg","contentUrl":"https:\/\/foreldreutvalgene.no\/fug\/wp-content\/uploads\/sites\/3\/2021\/06\/footer-logo-fug-outlined.svg","width":310,"height":73,"caption":"Foreldreutvalget for grunnoppl\u00e6ringen"},"image":{"@id":"https:\/\/foreldreutvalgene.no\/fug\/#\/schema\/logo\/image\/"}},{"@type":"Person","@id":"https:\/\/foreldreutvalgene.no\/fug\/#\/schema\/person\/a23a320ed9adc5462c23ba632fb76336","name":"baard","image":{"@type":"ImageObject","inLanguage":"nb-NO","@id":"https:\/\/secure.gravatar.com\/avatar\/da20dcea7d46be70e6955e824595ce05f23748ea636e5d16108777a8f6ae217e?s=96&d=mm&r=g","url":"https:\/\/secure.gravatar.com\/avatar\/da20dcea7d46be70e6955e824595ce05f23748ea636e5d16108777a8f6ae217e?s=96&d=mm&r=g","contentUrl":"https:\/\/secure.gravatar.com\/avatar\/da20dcea7d46be70e6955e824595ce05f23748ea636e5d16108777a8f6ae217e?s=96&d=mm&r=g","caption":"baard"},"url":"https:\/\/foreldreutvalgene.no\/fug\/author\/baard\/"}]}},"_links":{"self":[{"href":"https:\/\/foreldreutvalgene.no\/fug\/wp-json\/wp\/v2\/posts\/181","targetHints":{"allow":["GET"]}}],"collection":[{"href":"https:\/\/foreldreutvalgene.no\/fug\/wp-json\/wp\/v2\/posts"}],"about":[{"href":"https:\/\/foreldreutvalgene.no\/fug\/wp-json\/wp\/v2\/types\/post"}],"author":[{"embeddable":true,"href":"https:\/\/foreldreutvalgene.no\/fug\/wp-json\/wp\/v2\/users\/3"}],"replies":[{"embeddable":true,"href":"https:\/\/foreldreutvalgene.no\/fug\/wp-json\/wp\/v2\/comments?post=181"}],"version-history":[{"count":9,"href":"https:\/\/foreldreutvalgene.no\/fug\/wp-json\/wp\/v2\/posts\/181\/revisions"}],"predecessor-version":[{"id":11576,"href":"https:\/\/foreldreutvalgene.no\/fug\/wp-json\/wp\/v2\/posts\/181\/revisions\/11576"}],"wp:featuredmedia":[{"embeddable":true,"href":"https:\/\/foreldreutvalgene.no\/fug\/wp-json\/wp\/v2\/media\/3942"}],"wp:attachment":[{"href":"https:\/\/foreldreutvalgene.no\/fug\/wp-json\/wp\/v2\/media?parent=181"}],"wp:term":[{"taxonomy":"category","embeddable":true,"href":"https:\/\/foreldreutvalgene.no\/fug\/wp-json\/wp\/v2\/categories?post=181"},{"taxonomy":"post_tag","embeddable":true,"href":"https:\/\/foreldreutvalgene.no\/fug\/wp-json\/wp\/v2\/tags?post=181"}],"curies":[{"name":"wp","href":"https:\/\/api.w.org\/{rel}","templated":true}]}}