{"id":13299,"date":"2026-09-04T13:31:00","date_gmt":"2026-09-04T11:31:00","guid":{"rendered":"https:\/\/foreldreutvalgene.no\/fug\/?p=13299"},"modified":"2026-09-04T15:11:46","modified_gmt":"2026-09-04T13:11:46","slug":"lavterskel-digital-kommunikasjon-for-elever-med-skoleutfordringer","status":"publish","type":"post","link":"https:\/\/foreldreutvalgene.no\/fug\/lavterskel-digital-kommunikasjon-for-elever-med-skoleutfordringer\/","title":{"rendered":"Lavterskel digital kommunikasjon for elever med skoleutfordringer"},"content":{"rendered":"\n<figure class=\"wp-block-image size-large\"><img loading=\"lazy\" decoding=\"async\" width=\"1024\" height=\"683\" src=\"https:\/\/foreldreutvalgene.no\/fug\/wp-content\/uploads\/sites\/3\/2026\/09\/COLOURBOX53877752-1024x683.jpg\" alt=\"Jente med skole-pc\" class=\"wp-image-13300\" srcset=\"https:\/\/foreldreutvalgene.no\/fug\/wp-content\/uploads\/sites\/3\/2026\/09\/COLOURBOX53877752-1024x683.jpg 1024w, https:\/\/foreldreutvalgene.no\/fug\/wp-content\/uploads\/sites\/3\/2026\/09\/COLOURBOX53877752-300x200.jpg 300w, https:\/\/foreldreutvalgene.no\/fug\/wp-content\/uploads\/sites\/3\/2026\/09\/COLOURBOX53877752-768x512.jpg 768w, https:\/\/foreldreutvalgene.no\/fug\/wp-content\/uploads\/sites\/3\/2026\/09\/COLOURBOX53877752-1536x1024.jpg 1536w, https:\/\/foreldreutvalgene.no\/fug\/wp-content\/uploads\/sites\/3\/2026\/09\/COLOURBOX53877752-2048x1365.jpg 2048w, https:\/\/foreldreutvalgene.no\/fug\/wp-content\/uploads\/sites\/3\/2026\/09\/COLOURBOX53877752-620x413.jpg 620w, https:\/\/foreldreutvalgene.no\/fug\/wp-content\/uploads\/sites\/3\/2026\/09\/COLOURBOX53877752-120x80.jpg 120w, https:\/\/foreldreutvalgene.no\/fug\/wp-content\/uploads\/sites\/3\/2026\/09\/COLOURBOX53877752-320x213.jpg 320w, https:\/\/foreldreutvalgene.no\/fug\/wp-content\/uploads\/sites\/3\/2026\/09\/COLOURBOX53877752-1440x960.jpg 1440w\" sizes=\"auto, (max-width: 1024px) 100vw, 1024px\" \/><figcaption class=\"wp-element-caption\">Bildet viser ei jente som sitter hjemme og jobber p\u00e5 skole-pcen. <\/figcaption><\/figure>\n\n\n\n<p class=\"has-large-font-size wp-block-paragraph\"><strong>I denne artikkelen f\u00e5r du innblikk i hvordan en skole jobber med lavterskel digital kommunikasjon for elever med skoleutfordringer. <strong>Dette er ett av ti eksempler p\u00e5 skole-hjem-samarbeid<\/strong>, <strong>hentet fra rapporten <em><a href=\"https:\/\/foreldreutvalgene.no\/fug\/materiell\/nar-skole-og-hjem-drar-i-samme-retning\/\">N\u00e5r skole og hjem drar i samme retning<\/a><\/em><\/strong><\/strong>. <\/p>\n\n\n\n<h2 id=\"h-laerende-eksempel\" class=\"wp-block-heading\">L\u00e6rende eksempel<\/h2>\n\n\n\n<p class=\"has-normal-font-size wp-block-paragraph\">Ved en av caseskolene beskrives en praksis der det etableres en egen digital kommunikasjonskanal for foreldre til elever som trenger tett oppf\u00f8lging, for eksempel ved bekymringsfullt skolefrav\u00e6r. Kommunikasjonen organiseres i sm\u00e5, avgrensede grupper der b\u00e5de foresatte, kontaktl\u00e6rer og skoleledelse deltar. I noen tilfeller deltar ogs\u00e5 andre ansatte, som milj\u00f8terapeut eller r\u00e5dgiver. Hensikten er \u00e5 sikre rask informasjonsflyt, en felles forst\u00e5else av situasjonen og en koordinert oppf\u00f8lging mellom skole og hjem. Tilbudet om en slik m\u00e5te \u00e5 kommunisere digitalt p\u00e5 gis til foreldre n\u00e5r det oppst\u00e5r en eller annen type utfordring, og det gj\u00f8res en avklaring rundt dette i et fysisk m\u00f8te eller en telefonsamtale f\u00f8r den digitale gruppechatten etableres. Kommunikasjonsformen brukes i saker der det er behov for tett kontakt over en avgrenset periode. <\/p>\n\n\n\n<p class=\"wp-block-paragraph\">Foreldrene kan for eksempel gi beskjed om hvordan morgenen har v\u00e6rt, om eleven er p\u00e5 vei til skolen, eller om det har oppst\u00e5tt forhold som skolen b\u00f8r kjenne til. Skolen kan p\u00e5 sin side gi raske tilbakemeldinger og justere oppf\u00f8lgingen underveis. Det er samtidig tydelige avklaringer om hva som tas i den digitale kanalen, og n\u00e5r det er mer hensiktsmessig \u00e5 ta kontakt p\u00e5 telefon eller m\u00f8tes fysisk.<\/p>\n\n\n\n<p class=\"wp-block-paragraph\">Dette framst\u00e5r som et l\u00e6rende eksempel fordi det kombinerer lav terskel for kontakt med struktur og tydelig ansvarsdeling. Foreldre opplever \u00e5 bli sett og tatt p\u00e5 alvor, og f\u00e5r en trygghet i at flere personer p\u00e5 skolen kjenner saken og kan bidra ved behov. Ved at skoleledelsen i st\u00f8rre grad involveres i de mest krevende sakene, avlastes kontaktl\u00e6rer samtidig som oppf\u00f8lgingen blir mindre s\u00e5rbar dersom noen er borte.<\/p>\n\n\n\n<p class=\"wp-block-paragraph\">Slike l\u00f8sninger kan v\u00e6re s\u00e6rlig nyttige n\u00e5r alternativet er at eleven blir hjemme, eller n\u00e5r det er behov for tett koordinering over tid. Samtidig ble det pekt p\u00e5 at ordningen stiller h\u00f8ye krav til tydelige rammer. Det m\u00e5 v\u00e6re avklart hvilken kanal som brukes, hva som kan deles, hvordan informasjon lagres og dokumenteres, og hvilke forventninger som gjelder for tilgjengelighet og responstid. Dersom slike sp\u00f8rsm\u00e5l er uavklarte, kan det skape usikkerhet og urealistiske forventninger hos b\u00e5de foreldre og ansatte.<\/p>\n\n\n\n<p class=\"wp-block-paragraph\">Dette inneb\u00e6rer ogs\u00e5 at hensynet til informasjonssikkerhet og personvern m\u00e5 ivaretas gjennom bruk av godkjente l\u00f8sninger og tydelige rutiner for h\u00e5ndtering av sensitiv informasjon. Eksempelet illustrerer hvordan digitale verkt\u00f8y kan brukes strategisk for \u00e5 st\u00f8tte relasjonelt arbeid og forebygge at utfordringer eskalerer. Det viser ogs\u00e5 at teknologi i seg selv ikke er l\u00f8sningen. Det er de tydelige rammene, forventningsavklaringene og tilliten mellom partene som gj\u00f8r at en slik praksis kan fungere godt.<\/p>\n\n\n\n<h2 id=\"h-hvem-er-involvert\" class=\"wp-block-heading\">Hvem er involvert<\/h2>\n\n\n\n<ul class=\"wp-block-list\">\n<li>Kontaktl\u00e6rer<\/li>\n\n\n\n<li>Foreldre<\/li>\n\n\n\n<li>Skoleledelse<\/li>\n\n\n\n<li>Eventuelt milj\u00f8terapeut eller andre st\u00f8ttepersoner<\/li>\n<\/ul>\n\n\n\n<h2 id=\"h-hva-ser-ut-til-a-fungere-godt\" class=\"wp-block-heading\">Hva ser ut til \u00e5 fungere godt<\/h2>\n\n\n\n<ul class=\"wp-block-list\">\n<li>Foreldre og skole f\u00e5r en rask og direkte kommunikasjonskanal.<\/li>\n\n\n\n<li>Informasjon deles fortl\u00f8pende, slik at utfordringer kan h\u00e5ndteres tidlig.<\/li>\n\n\n\n<li>Kontaktl\u00e6rer, ledelse og foreldre f\u00e5r en felles forst\u00e5else av situasjonen og f\u00e5r samme informasjon alle parter.<\/li>\n\n\n\n<li>Flere personer p\u00e5 skolen kjenner saken og kan bidra ved behov.<\/li>\n\n\n\n<li>Foreldrene opplever kontinuitet i oppf\u00f8lgingen.<\/li>\n\n\n\n<li>Tydelige avtaler om hva som tas digitalt og hva som tas i m\u00f8ter eller p\u00e5 telefon.<\/li>\n\n\n\n<li>Ordningen brukes i avgrensede perioder med klart form\u00e5l.<\/li>\n<\/ul>\n\n\n\n<h2 id=\"h-oppmerksomhetspunkter\" class=\"wp-block-heading\">Oppmerksomhetspunkter<\/h2>\n\n\n\n<ul class=\"wp-block-list\">\n<li>Avklar med hjemmet hvem som skal v\u00e6re involvert i den digitale kommunikasjonen<\/li>\n\n\n\n<li>Avklar mellom skole og hjem hvilken kanal som skal brukes og til hva<\/li>\n\n\n\n<li>Lag tydelige forventninger om tilgjengelighet og responstid, og v\u00e6r tydelig p\u00e5 at l\u00e6rere ikke har like stor anledning til \u00e5 delta p\u00e5 disse i skoletiden<\/li>\n\n\n\n<li>Bruk sikre l\u00f8sninger og informer om lagring og dokumentasjon.<\/li>\n\n\n\n<li>S\u00f8rg for at flere ansatte kan f\u00f8lge opp ved behov, inkluder SFO der det er naturlig.<\/li>\n\n\n\n<li>Avgrens tiltaket i tid og vurder det fortl\u00f8pende.<\/li>\n\n\n\n<li>Unng\u00e5 at l\u00e6reren og andre ansatte \u00abm\u00e5 v\u00e6re\u00bb tilgjengelig d\u00f8gnet rundt.<\/li>\n\n\n\n<li>Se digital dialog som en del av skolens samlede kommunikasjonsstrategi.<\/li>\n<\/ul>\n\n\n\n<h2 id=\"h-refleksjonssporsmal\" class=\"wp-block-heading has-spacing-small\">Refleksjonssp\u00f8rsm\u00e5l<\/h2>\n\n\n\n<ul class=\"wp-block-list\">\n<li>Hvilke situasjoner egner seg for tett digital oppf\u00f8lging?<\/li>\n\n\n\n<li>Hvordan kan vi kombinere tilgjengelighet med tydelige grenser?<\/li>\n\n\n\n<li>Hvordan sikrer vi at b\u00e5de foreldre og ansatte opplever ordningen som trygg og h\u00e5ndterbar?<\/li>\n<\/ul>\n\n\n\n<div class=\"wp-block-group\"><div class=\"wp-block-group__inner-container is-layout-constrained wp-block-group-is-layout-constrained\">\n<div class=\"wp-block-columns is-layout-flex wp-container-core-columns-is-layout-8f761849 wp-block-columns-is-layout-flex\">\n<div class=\"wp-block-column is-layout-flow wp-block-column-is-layout-flow\" style=\"flex-basis:50%\">\n<p class=\"wp-block-paragraph\"><strong><em>Dette eksemplet er hentet fra rapporten <strong>N\u00e5r skole og hjem drar i samme retning.<\/strong> Rapporten handler om skole-hjem-samarbeid og hvordan dette ut\u00f8ves ved ulike skoler og i ulike kontekster. Den er laget av NTNU Samfunnsforskning p\u00e5 oppdrag fra FUG, KS og Skolelederforbundet. Rapporten ble publisert 1. september 2026. <\/em><\/strong><\/p>\n<\/div>\n\n\n\n<div class=\"wp-block-column is-layout-flow wp-block-column-is-layout-flow\" style=\"flex-basis:50%\">\n<figure class=\"wp-block-image size-full\"><a href=\"https:\/\/foreldreutvalgene.no\/fug\/materiell\/nar-skole-og-hjem-drar-i-samme-retning\/\"><img loading=\"lazy\" decoding=\"async\" width=\"1024\" height=\"683\" src=\"https:\/\/foreldreutvalgene.no\/fug\/wp-content\/uploads\/sites\/3\/2026\/08\/Forside-NTNU.png\" alt=\"Forside av N\u00e5r skole og hjem drar i samme retning\" class=\"wp-image-13235\" srcset=\"https:\/\/foreldreutvalgene.no\/fug\/wp-content\/uploads\/sites\/3\/2026\/08\/Forside-NTNU.png 1024w, https:\/\/foreldreutvalgene.no\/fug\/wp-content\/uploads\/sites\/3\/2026\/08\/Forside-NTNU-300x200.png 300w, https:\/\/foreldreutvalgene.no\/fug\/wp-content\/uploads\/sites\/3\/2026\/08\/Forside-NTNU-768x512.png 768w, https:\/\/foreldreutvalgene.no\/fug\/wp-content\/uploads\/sites\/3\/2026\/08\/Forside-NTNU-620x414.png 620w, https:\/\/foreldreutvalgene.no\/fug\/wp-content\/uploads\/sites\/3\/2026\/08\/Forside-NTNU-120x80.png 120w, https:\/\/foreldreutvalgene.no\/fug\/wp-content\/uploads\/sites\/3\/2026\/08\/Forside-NTNU-320x213.png 320w\" sizes=\"auto, (max-width: 1024px) 100vw, 1024px\" \/><\/a><figcaption class=\"wp-element-caption\">Forside av N\u00e5r skole og hjem drar i samme retning<\/figcaption><\/figure>\n<\/div>\n<\/div>\n<\/div><\/div>\n\n\n\n<p class=\"wp-block-paragraph\"><\/p>\n","protected":false},"excerpt":{"rendered":"<p>I denne artikkelen f\u00e5r du innblikk i hvordan en skole jobber med lavterskel digital kommunikasjon for elever med skoleutfordringer. Dette er ett av ti eksempler p\u00e5 skole-hjem-samarbeid, hentet fra rapporten N\u00e5r skole og hjem drar i samme retning. L\u00e6rende eksempel Ved en av caseskolene beskrives en praksis der det etableres en egen digital kommunikasjonskanal for [&hellip;]<\/p>\n","protected":false},"author":7,"featured_media":13300,"comment_status":"closed","ping_status":"closed","sticky":false,"template":"page-theme.php","format":"standard","meta":{"_acf_changed":false,"footnotes":""},"categories":[108],"tags":[110,109],"class_list":["post-13299","post","type-post","status-publish","format-standard","has-post-thumbnail","hentry","category-god-praksis","tag-digital-kommunikasjon","tag-kommunikasjon-ved-bekymringsfullt-skolefravaer"],"acf":[],"yoast_head":"<!-- This site is optimized with the Yoast SEO Premium plugin v28.2 (Yoast SEO v28.2) - https:\/\/yoast.com\/product\/yoast-seo-premium-wordpress\/ -->\n<title>Lavterskel digital kommunikasjon for elever med skoleutfordringer<\/title>\n<meta name=\"description\" content=\"Slik lager du en kommunikasjonskanal for foreldre til elever som trenger tett oppf\u00f8lging, som for eksempel ved bekymringsfullt skolefrav\u00e6r.\" \/>\n<meta name=\"robots\" content=\"index, follow, max-snippet:-1, max-image-preview:large, max-video-preview:-1\" \/>\n<link rel=\"canonical\" href=\"https:\/\/foreldreutvalgene.no\/fug\/lavterskel-digital-kommunikasjon-for-elever-med-skoleutfordringer\/\" \/>\n<meta property=\"og:locale\" content=\"nb_NO\" \/>\n<meta property=\"og:type\" content=\"article\" \/>\n<meta property=\"og:title\" content=\"Lavterskel digital kommunikasjon for elever med skoleutfordringer\" \/>\n<meta property=\"og:description\" content=\"Slik lager du en kommunikasjonskanal for foreldre til elever som trenger tett oppf\u00f8lging, som for eksempel ved bekymringsfullt skolefrav\u00e6r.\" \/>\n<meta property=\"og:url\" content=\"https:\/\/foreldreutvalgene.no\/fug\/lavterskel-digital-kommunikasjon-for-elever-med-skoleutfordringer\/\" \/>\n<meta property=\"og:site_name\" content=\"Foreldreutvalget for grunnoppl\u00e6ringen\" \/>\n<meta property=\"article:published_time\" content=\"2026-09-04T11:31:00+00:00\" \/>\n<meta property=\"article:modified_time\" content=\"2026-09-04T13:11:46+00:00\" \/>\n<meta property=\"og:image\" content=\"https:\/\/foreldreutvalgene.no\/fug\/wp-content\/uploads\/sites\/3\/2026\/09\/COLOURBOX53877752-scaled.jpg\" \/>\n\t<meta property=\"og:image:width\" content=\"2560\" \/>\n\t<meta property=\"og:image:height\" content=\"1707\" \/>\n\t<meta property=\"og:image:type\" content=\"image\/jpeg\" \/>\n<meta name=\"author\" content=\"bjornar\" \/>\n<meta name=\"twitter:card\" content=\"summary_large_image\" \/>\n<meta name=\"twitter:label1\" content=\"Skrevet av\" \/>\n\t<meta name=\"twitter:data1\" content=\"bjornar\" \/>\n\t<meta name=\"twitter:label2\" content=\"Ansl. lesetid\" \/>\n\t<meta name=\"twitter:data2\" content=\"5 minutter\" \/>\n<script type=\"application\/ld+json\" class=\"yoast-schema-graph\">{\"@context\":\"https:\\\/\\\/schema.org\",\"@graph\":[{\"@type\":\"Article\",\"@id\":\"https:\\\/\\\/foreldreutvalgene.no\\\/fug\\\/lavterskel-digital-kommunikasjon-for-elever-med-skoleutfordringer\\\/#article\",\"isPartOf\":{\"@id\":\"https:\\\/\\\/foreldreutvalgene.no\\\/fug\\\/lavterskel-digital-kommunikasjon-for-elever-med-skoleutfordringer\\\/\"},\"author\":{\"name\":\"bjornar\",\"@id\":\"https:\\\/\\\/foreldreutvalgene.no\\\/fug\\\/#\\\/schema\\\/person\\\/4074f8e84b174980cd2d4c2ec88dccef\"},\"headline\":\"Lavterskel digital kommunikasjon for elever med skoleutfordringer\",\"datePublished\":\"2026-09-04T11:31:00+00:00\",\"dateModified\":\"2026-09-04T13:11:46+00:00\",\"mainEntityOfPage\":{\"@id\":\"https:\\\/\\\/foreldreutvalgene.no\\\/fug\\\/lavterskel-digital-kommunikasjon-for-elever-med-skoleutfordringer\\\/\"},\"wordCount\":824,\"publisher\":{\"@id\":\"https:\\\/\\\/foreldreutvalgene.no\\\/fug\\\/#organization\"},\"image\":{\"@id\":\"https:\\\/\\\/foreldreutvalgene.no\\\/fug\\\/lavterskel-digital-kommunikasjon-for-elever-med-skoleutfordringer\\\/#primaryimage\"},\"thumbnailUrl\":\"https:\\\/\\\/foreldreutvalgene.no\\\/fug\\\/wp-content\\\/uploads\\\/sites\\\/3\\\/2026\\\/09\\\/COLOURBOX53877752-scaled.jpg\",\"keywords\":[\"digital kommunikasjon\",\"kommunikasjon ved bekymringsfullt skolefrav\u00e6r\"],\"articleSection\":[\"God praksis\"],\"inLanguage\":\"nb-NO\"},{\"@type\":\"WebPage\",\"@id\":\"https:\\\/\\\/foreldreutvalgene.no\\\/fug\\\/lavterskel-digital-kommunikasjon-for-elever-med-skoleutfordringer\\\/\",\"url\":\"https:\\\/\\\/foreldreutvalgene.no\\\/fug\\\/lavterskel-digital-kommunikasjon-for-elever-med-skoleutfordringer\\\/\",\"name\":\"Lavterskel digital kommunikasjon for elever med skoleutfordringer\",\"isPartOf\":{\"@id\":\"https:\\\/\\\/foreldreutvalgene.no\\\/fug\\\/#website\"},\"primaryImageOfPage\":{\"@id\":\"https:\\\/\\\/foreldreutvalgene.no\\\/fug\\\/lavterskel-digital-kommunikasjon-for-elever-med-skoleutfordringer\\\/#primaryimage\"},\"image\":{\"@id\":\"https:\\\/\\\/foreldreutvalgene.no\\\/fug\\\/lavterskel-digital-kommunikasjon-for-elever-med-skoleutfordringer\\\/#primaryimage\"},\"thumbnailUrl\":\"https:\\\/\\\/foreldreutvalgene.no\\\/fug\\\/wp-content\\\/uploads\\\/sites\\\/3\\\/2026\\\/09\\\/COLOURBOX53877752-scaled.jpg\",\"datePublished\":\"2026-09-04T11:31:00+00:00\",\"dateModified\":\"2026-09-04T13:11:46+00:00\",\"description\":\"Slik lager du en kommunikasjonskanal for foreldre til elever som trenger tett oppf\u00f8lging, som for eksempel ved bekymringsfullt skolefrav\u00e6r.\",\"breadcrumb\":{\"@id\":\"https:\\\/\\\/foreldreutvalgene.no\\\/fug\\\/lavterskel-digital-kommunikasjon-for-elever-med-skoleutfordringer\\\/#breadcrumb\"},\"inLanguage\":\"nb-NO\",\"potentialAction\":[{\"@type\":\"ReadAction\",\"target\":[\"https:\\\/\\\/foreldreutvalgene.no\\\/fug\\\/lavterskel-digital-kommunikasjon-for-elever-med-skoleutfordringer\\\/\"]}]},{\"@type\":\"ImageObject\",\"inLanguage\":\"nb-NO\",\"@id\":\"https:\\\/\\\/foreldreutvalgene.no\\\/fug\\\/lavterskel-digital-kommunikasjon-for-elever-med-skoleutfordringer\\\/#primaryimage\",\"url\":\"https:\\\/\\\/foreldreutvalgene.no\\\/fug\\\/wp-content\\\/uploads\\\/sites\\\/3\\\/2026\\\/09\\\/COLOURBOX53877752-scaled.jpg\",\"contentUrl\":\"https:\\\/\\\/foreldreutvalgene.no\\\/fug\\\/wp-content\\\/uploads\\\/sites\\\/3\\\/2026\\\/09\\\/COLOURBOX53877752-scaled.jpg\",\"width\":2560,\"height\":1707,\"caption\":\"Bildet viser ei jente som sitter hjemme og jobber p\u00e5 skole-pcen.\"},{\"@type\":\"BreadcrumbList\",\"@id\":\"https:\\\/\\\/foreldreutvalgene.no\\\/fug\\\/lavterskel-digital-kommunikasjon-for-elever-med-skoleutfordringer\\\/#breadcrumb\",\"itemListElement\":[{\"@type\":\"ListItem\",\"position\":1,\"name\":\"Home\",\"item\":\"https:\\\/\\\/foreldreutvalgene.no\\\/fug\\\/\"},{\"@type\":\"ListItem\",\"position\":2,\"name\":\"Lavterskel digital kommunikasjon for elever med skoleutfordringer\"}]},{\"@type\":\"WebSite\",\"@id\":\"https:\\\/\\\/foreldreutvalgene.no\\\/fug\\\/#website\",\"url\":\"https:\\\/\\\/foreldreutvalgene.no\\\/fug\\\/\",\"name\":\"Foreldreutvalget for grunnoppl\u00e6ringen\",\"description\":\"\",\"publisher\":{\"@id\":\"https:\\\/\\\/foreldreutvalgene.no\\\/fug\\\/#organization\"},\"potentialAction\":[{\"@type\":\"SearchAction\",\"target\":{\"@type\":\"EntryPoint\",\"urlTemplate\":\"https:\\\/\\\/foreldreutvalgene.no\\\/fug\\\/?s={search_term_string}\"},\"query-input\":{\"@type\":\"PropertyValueSpecification\",\"valueRequired\":true,\"valueName\":\"search_term_string\"}}],\"inLanguage\":\"nb-NO\"},{\"@type\":\"Organization\",\"@id\":\"https:\\\/\\\/foreldreutvalgene.no\\\/fug\\\/#organization\",\"name\":\"Foreldreutvalget for grunnoppl\u00e6ringen\",\"url\":\"https:\\\/\\\/foreldreutvalgene.no\\\/fug\\\/\",\"logo\":{\"@type\":\"ImageObject\",\"inLanguage\":\"nb-NO\",\"@id\":\"https:\\\/\\\/foreldreutvalgene.no\\\/fug\\\/#\\\/schema\\\/logo\\\/image\\\/\",\"url\":\"https:\\\/\\\/foreldreutvalgene.no\\\/fug\\\/wp-content\\\/uploads\\\/sites\\\/3\\\/2021\\\/06\\\/footer-logo-fug-outlined.svg\",\"contentUrl\":\"https:\\\/\\\/foreldreutvalgene.no\\\/fug\\\/wp-content\\\/uploads\\\/sites\\\/3\\\/2021\\\/06\\\/footer-logo-fug-outlined.svg\",\"width\":310,\"height\":73,\"caption\":\"Foreldreutvalget for grunnoppl\u00e6ringen\"},\"image\":{\"@id\":\"https:\\\/\\\/foreldreutvalgene.no\\\/fug\\\/#\\\/schema\\\/logo\\\/image\\\/\"}},{\"@type\":\"Person\",\"@id\":\"https:\\\/\\\/foreldreutvalgene.no\\\/fug\\\/#\\\/schema\\\/person\\\/4074f8e84b174980cd2d4c2ec88dccef\",\"name\":\"bjornar\",\"image\":{\"@type\":\"ImageObject\",\"inLanguage\":\"nb-NO\",\"@id\":\"https:\\\/\\\/secure.gravatar.com\\\/avatar\\\/5cafd5e235f3e1bbf1c12509a1e2c8d0c45b72ded70691f3113dc1c8fb45ee92?s=96&d=mm&r=g\",\"url\":\"https:\\\/\\\/secure.gravatar.com\\\/avatar\\\/5cafd5e235f3e1bbf1c12509a1e2c8d0c45b72ded70691f3113dc1c8fb45ee92?s=96&d=mm&r=g\",\"contentUrl\":\"https:\\\/\\\/secure.gravatar.com\\\/avatar\\\/5cafd5e235f3e1bbf1c12509a1e2c8d0c45b72ded70691f3113dc1c8fb45ee92?s=96&d=mm&r=g\",\"caption\":\"bjornar\"},\"url\":\"https:\\\/\\\/foreldreutvalgene.no\\\/fug\\\/author\\\/bjornar\\\/\"}]}<\/script>\n<!-- \/ Yoast SEO Premium plugin. -->","yoast_head_json":{"title":"Lavterskel digital kommunikasjon for elever med skoleutfordringer","description":"Slik lager du en kommunikasjonskanal for foreldre til elever som trenger tett oppf\u00f8lging, som for eksempel ved bekymringsfullt skolefrav\u00e6r.","robots":{"index":"index","follow":"follow","max-snippet":"max-snippet:-1","max-image-preview":"max-image-preview:large","max-video-preview":"max-video-preview:-1"},"canonical":"https:\/\/foreldreutvalgene.no\/fug\/lavterskel-digital-kommunikasjon-for-elever-med-skoleutfordringer\/","og_locale":"nb_NO","og_type":"article","og_title":"Lavterskel digital kommunikasjon for elever med skoleutfordringer","og_description":"Slik lager du en kommunikasjonskanal for foreldre til elever som trenger tett oppf\u00f8lging, som for eksempel ved bekymringsfullt skolefrav\u00e6r.","og_url":"https:\/\/foreldreutvalgene.no\/fug\/lavterskel-digital-kommunikasjon-for-elever-med-skoleutfordringer\/","og_site_name":"Foreldreutvalget for grunnoppl\u00e6ringen","article_published_time":"2026-09-04T11:31:00+00:00","article_modified_time":"2026-09-04T13:11:46+00:00","og_image":[{"width":2560,"height":1707,"url":"https:\/\/foreldreutvalgene.no\/fug\/wp-content\/uploads\/sites\/3\/2026\/09\/COLOURBOX53877752-scaled.jpg","type":"image\/jpeg"}],"author":"bjornar","twitter_card":"summary_large_image","twitter_misc":{"Skrevet av":"bjornar","Ansl. lesetid":"5 minutter"},"schema":{"@context":"https:\/\/schema.org","@graph":[{"@type":"Article","@id":"https:\/\/foreldreutvalgene.no\/fug\/lavterskel-digital-kommunikasjon-for-elever-med-skoleutfordringer\/#article","isPartOf":{"@id":"https:\/\/foreldreutvalgene.no\/fug\/lavterskel-digital-kommunikasjon-for-elever-med-skoleutfordringer\/"},"author":{"name":"bjornar","@id":"https:\/\/foreldreutvalgene.no\/fug\/#\/schema\/person\/4074f8e84b174980cd2d4c2ec88dccef"},"headline":"Lavterskel digital kommunikasjon for elever med skoleutfordringer","datePublished":"2026-09-04T11:31:00+00:00","dateModified":"2026-09-04T13:11:46+00:00","mainEntityOfPage":{"@id":"https:\/\/foreldreutvalgene.no\/fug\/lavterskel-digital-kommunikasjon-for-elever-med-skoleutfordringer\/"},"wordCount":824,"publisher":{"@id":"https:\/\/foreldreutvalgene.no\/fug\/#organization"},"image":{"@id":"https:\/\/foreldreutvalgene.no\/fug\/lavterskel-digital-kommunikasjon-for-elever-med-skoleutfordringer\/#primaryimage"},"thumbnailUrl":"https:\/\/foreldreutvalgene.no\/fug\/wp-content\/uploads\/sites\/3\/2026\/09\/COLOURBOX53877752-scaled.jpg","keywords":["digital kommunikasjon","kommunikasjon ved bekymringsfullt skolefrav\u00e6r"],"articleSection":["God praksis"],"inLanguage":"nb-NO"},{"@type":"WebPage","@id":"https:\/\/foreldreutvalgene.no\/fug\/lavterskel-digital-kommunikasjon-for-elever-med-skoleutfordringer\/","url":"https:\/\/foreldreutvalgene.no\/fug\/lavterskel-digital-kommunikasjon-for-elever-med-skoleutfordringer\/","name":"Lavterskel digital kommunikasjon for elever med skoleutfordringer","isPartOf":{"@id":"https:\/\/foreldreutvalgene.no\/fug\/#website"},"primaryImageOfPage":{"@id":"https:\/\/foreldreutvalgene.no\/fug\/lavterskel-digital-kommunikasjon-for-elever-med-skoleutfordringer\/#primaryimage"},"image":{"@id":"https:\/\/foreldreutvalgene.no\/fug\/lavterskel-digital-kommunikasjon-for-elever-med-skoleutfordringer\/#primaryimage"},"thumbnailUrl":"https:\/\/foreldreutvalgene.no\/fug\/wp-content\/uploads\/sites\/3\/2026\/09\/COLOURBOX53877752-scaled.jpg","datePublished":"2026-09-04T11:31:00+00:00","dateModified":"2026-09-04T13:11:46+00:00","description":"Slik lager du en kommunikasjonskanal for foreldre til elever som trenger tett oppf\u00f8lging, som for eksempel ved bekymringsfullt skolefrav\u00e6r.","breadcrumb":{"@id":"https:\/\/foreldreutvalgene.no\/fug\/lavterskel-digital-kommunikasjon-for-elever-med-skoleutfordringer\/#breadcrumb"},"inLanguage":"nb-NO","potentialAction":[{"@type":"ReadAction","target":["https:\/\/foreldreutvalgene.no\/fug\/lavterskel-digital-kommunikasjon-for-elever-med-skoleutfordringer\/"]}]},{"@type":"ImageObject","inLanguage":"nb-NO","@id":"https:\/\/foreldreutvalgene.no\/fug\/lavterskel-digital-kommunikasjon-for-elever-med-skoleutfordringer\/#primaryimage","url":"https:\/\/foreldreutvalgene.no\/fug\/wp-content\/uploads\/sites\/3\/2026\/09\/COLOURBOX53877752-scaled.jpg","contentUrl":"https:\/\/foreldreutvalgene.no\/fug\/wp-content\/uploads\/sites\/3\/2026\/09\/COLOURBOX53877752-scaled.jpg","width":2560,"height":1707,"caption":"Bildet viser ei jente som sitter hjemme og jobber p\u00e5 skole-pcen."},{"@type":"BreadcrumbList","@id":"https:\/\/foreldreutvalgene.no\/fug\/lavterskel-digital-kommunikasjon-for-elever-med-skoleutfordringer\/#breadcrumb","itemListElement":[{"@type":"ListItem","position":1,"name":"Home","item":"https:\/\/foreldreutvalgene.no\/fug\/"},{"@type":"ListItem","position":2,"name":"Lavterskel digital kommunikasjon for elever med skoleutfordringer"}]},{"@type":"WebSite","@id":"https:\/\/foreldreutvalgene.no\/fug\/#website","url":"https:\/\/foreldreutvalgene.no\/fug\/","name":"Foreldreutvalget for grunnoppl\u00e6ringen","description":"","publisher":{"@id":"https:\/\/foreldreutvalgene.no\/fug\/#organization"},"potentialAction":[{"@type":"SearchAction","target":{"@type":"EntryPoint","urlTemplate":"https:\/\/foreldreutvalgene.no\/fug\/?s={search_term_string}"},"query-input":{"@type":"PropertyValueSpecification","valueRequired":true,"valueName":"search_term_string"}}],"inLanguage":"nb-NO"},{"@type":"Organization","@id":"https:\/\/foreldreutvalgene.no\/fug\/#organization","name":"Foreldreutvalget for grunnoppl\u00e6ringen","url":"https:\/\/foreldreutvalgene.no\/fug\/","logo":{"@type":"ImageObject","inLanguage":"nb-NO","@id":"https:\/\/foreldreutvalgene.no\/fug\/#\/schema\/logo\/image\/","url":"https:\/\/foreldreutvalgene.no\/fug\/wp-content\/uploads\/sites\/3\/2021\/06\/footer-logo-fug-outlined.svg","contentUrl":"https:\/\/foreldreutvalgene.no\/fug\/wp-content\/uploads\/sites\/3\/2021\/06\/footer-logo-fug-outlined.svg","width":310,"height":73,"caption":"Foreldreutvalget for grunnoppl\u00e6ringen"},"image":{"@id":"https:\/\/foreldreutvalgene.no\/fug\/#\/schema\/logo\/image\/"}},{"@type":"Person","@id":"https:\/\/foreldreutvalgene.no\/fug\/#\/schema\/person\/4074f8e84b174980cd2d4c2ec88dccef","name":"bjornar","image":{"@type":"ImageObject","inLanguage":"nb-NO","@id":"https:\/\/secure.gravatar.com\/avatar\/5cafd5e235f3e1bbf1c12509a1e2c8d0c45b72ded70691f3113dc1c8fb45ee92?s=96&d=mm&r=g","url":"https:\/\/secure.gravatar.com\/avatar\/5cafd5e235f3e1bbf1c12509a1e2c8d0c45b72ded70691f3113dc1c8fb45ee92?s=96&d=mm&r=g","contentUrl":"https:\/\/secure.gravatar.com\/avatar\/5cafd5e235f3e1bbf1c12509a1e2c8d0c45b72ded70691f3113dc1c8fb45ee92?s=96&d=mm&r=g","caption":"bjornar"},"url":"https:\/\/foreldreutvalgene.no\/fug\/author\/bjornar\/"}]}},"_links":{"self":[{"href":"https:\/\/foreldreutvalgene.no\/fug\/wp-json\/wp\/v2\/posts\/13299","targetHints":{"allow":["GET"]}}],"collection":[{"href":"https:\/\/foreldreutvalgene.no\/fug\/wp-json\/wp\/v2\/posts"}],"about":[{"href":"https:\/\/foreldreutvalgene.no\/fug\/wp-json\/wp\/v2\/types\/post"}],"author":[{"embeddable":true,"href":"https:\/\/foreldreutvalgene.no\/fug\/wp-json\/wp\/v2\/users\/7"}],"replies":[{"embeddable":true,"href":"https:\/\/foreldreutvalgene.no\/fug\/wp-json\/wp\/v2\/comments?post=13299"}],"version-history":[{"count":20,"href":"https:\/\/foreldreutvalgene.no\/fug\/wp-json\/wp\/v2\/posts\/13299\/revisions"}],"predecessor-version":[{"id":13331,"href":"https:\/\/foreldreutvalgene.no\/fug\/wp-json\/wp\/v2\/posts\/13299\/revisions\/13331"}],"wp:featuredmedia":[{"embeddable":true,"href":"https:\/\/foreldreutvalgene.no\/fug\/wp-json\/wp\/v2\/media\/13300"}],"wp:attachment":[{"href":"https:\/\/foreldreutvalgene.no\/fug\/wp-json\/wp\/v2\/media?parent=13299"}],"wp:term":[{"taxonomy":"category","embeddable":true,"href":"https:\/\/foreldreutvalgene.no\/fug\/wp-json\/wp\/v2\/categories?post=13299"},{"taxonomy":"post_tag","embeddable":true,"href":"https:\/\/foreldreutvalgene.no\/fug\/wp-json\/wp\/v2\/tags?post=13299"}],"curies":[{"name":"wp","href":"https:\/\/api.w.org\/{rel}","templated":true}]}}