{"id":12601,"date":"2025-10-15T15:06:15","date_gmt":"2025-10-15T13:06:15","guid":{"rendered":"https:\/\/foreldreutvalgene.no\/fug\/?p=12601"},"modified":"2025-10-15T15:42:06","modified_gmt":"2025-10-15T13:42:06","slug":"tiarsjubileum-for-utarming-av-skolesektoren","status":"publish","type":"post","link":"https:\/\/foreldreutvalgene.no\/fug\/tiarsjubileum-for-utarming-av-skolesektoren\/","title":{"rendered":"&#8211; Ti\u00e5rsjubileum for utarming av skolesektoren"},"content":{"rendered":"\n<figure class=\"wp-block-image size-large\"><img loading=\"lazy\" decoding=\"async\" width=\"1024\" height=\"768\" src=\"https:\/\/foreldreutvalgene.no\/fug\/wp-content\/uploads\/sites\/3\/2025\/10\/Stale-komprimert-1024x768.jpg\" alt=\"St\u00e5le Kalkvik budsjett\" class=\"wp-image-12604\" srcset=\"https:\/\/foreldreutvalgene.no\/fug\/wp-content\/uploads\/sites\/3\/2025\/10\/Stale-komprimert-1024x768.jpg 1024w, https:\/\/foreldreutvalgene.no\/fug\/wp-content\/uploads\/sites\/3\/2025\/10\/Stale-komprimert-300x225.jpg 300w, https:\/\/foreldreutvalgene.no\/fug\/wp-content\/uploads\/sites\/3\/2025\/10\/Stale-komprimert-768x576.jpg 768w, https:\/\/foreldreutvalgene.no\/fug\/wp-content\/uploads\/sites\/3\/2025\/10\/Stale-komprimert-1536x1152.jpg 1536w, https:\/\/foreldreutvalgene.no\/fug\/wp-content\/uploads\/sites\/3\/2025\/10\/Stale-komprimert-2048x1536.jpg 2048w, https:\/\/foreldreutvalgene.no\/fug\/wp-content\/uploads\/sites\/3\/2025\/10\/Stale-komprimert-620x465.jpg 620w, https:\/\/foreldreutvalgene.no\/fug\/wp-content\/uploads\/sites\/3\/2025\/10\/Stale-komprimert-120x90.jpg 120w, https:\/\/foreldreutvalgene.no\/fug\/wp-content\/uploads\/sites\/3\/2025\/10\/Stale-komprimert-320x240.jpg 320w, https:\/\/foreldreutvalgene.no\/fug\/wp-content\/uploads\/sites\/3\/2025\/10\/Stale-komprimert-1440x1080.jpg 1440w\" sizes=\"auto, (max-width: 1024px) 100vw, 1024px\" \/><figcaption class=\"wp-element-caption\">P\u00e5 bildet ser du St\u00e5le Sand Kalkvik med statsbudsjettet for 2026 i handa. <\/figcaption><\/figure>\n\n\n\n<p class=\"has-large-font-size\"><strong>FUG-leiar St\u00e5le Sand Kalkvik var uroa over rammene til kommunane i fjor. Han er ikkje mindre skuffa no. \u2013 Om eg tolkar det rett, blir dette nok ein realnedgang for skulen.<\/strong><\/p>\n\n\n\n<p class=\"has-normal-font-size\">Kalkvik er uroa for den vedvarande mangelen p\u00e5 satsing p\u00e5 barn og unge \u2013 og det er han ikkje \u00e5leine om. Saman med FUB-leiar Tor Eirik Rasmussen har han merka seg at det er langt mellom dei reelle satsingane i oppvekstsektoren.<\/p>\n\n\n\n<p class=\"has-normal-font-size\">\u2013 Slik vi les det, er det ikkje gjort ei satsing utover l\u00f8ns- og prisveksten i barnehage og oppl\u00e6ring sidan 2016. Vi har alts\u00e5 ti\u00e5rsjubileum med utarming av b\u00e5de barnehage og skule. Kva for ein katastrofe m\u00e5 til f\u00f8r det blir satsa p\u00e5 barna v\u00e5re utover status quo?<\/p>\n\n\n\n<p>Her finn du <a href=\"https:\/\/www.regjeringen.no\/no\/statsbudsjett\/2026\/dokumenter-og-pressemeldinger\/id3119385\/?expand=kd\">statsbudsjettet for 2026<\/a><\/p>\n\n\n\n<h2 class=\"wp-block-heading\" id=\"h-uroa-for-kvaliteten-i-sfo\">Uroa for kvaliteten i SFO<\/h2>\n\n\n\n<p>Utviklinga i skulefritidsordninga (SFO) uroar \u00f2g St\u00e5le Sand Kalkvik. Etter innf\u00f8ringa av gratis kjernetid har over 35 000 nye barn kome til \u2013 og fleire er venta.<\/p>\n\n\n\n<p>\u2013 Vi ser ein kraftig auke i talet p\u00e5 barn i SFO, men ikkje ein tilsvarande auke i talet p\u00e5 tilsette. Held dette fram, fryktar eg at kvaliteten p\u00e5 tilbodet vil bli svekt \u2013 s\u00e6rleg for dei mest utsette barna. Sp\u00f8rsm\u00e5let blir d\u00e5 om tilbodet i det heile teke er attraktivt \u00e5 bruke, seier Kalkvik.<\/p>\n\n\n\n<h2 class=\"wp-block-heading\" id=\"h-kva-skjer-med-foreldreundersokinga\">Kva skjer med foreldreunders\u00f8kinga?<\/h2>\n\n\n\n<p>I 2024 la Utdanningsdirektoratet den nasjonale foreldreunders\u00f8kinga i skuffa, men lova \u00e5 finne ein meir tenleg m\u00e5te \u00e5 h\u00f8yre foreldra p\u00e5. Det ser vi f\u00e5 spor av i budsjettet.<\/p>\n\n\n\n<p>\u2013 Vi h\u00f8yrer regjeringa seie at dei \u00f8nskjer betre innsikt i skulemilj\u00f8et for \u00e5 f\u00e5 ei kvalitetsutvikling. Korleis skal dei f\u00e5 til det utan \u00e5 h\u00f8yre foreldra? sp\u00f8r Kalkvik og held fram: \u2013 Det er sett av 30 millionar kroner til ei ny skulemilj\u00f8unders\u00f8king. Vi forventar at dei i det minste tek inn foreldreperspektivet i denne unders\u00f8kinga.<\/p>\n\n\n\n<h2 class=\"wp-block-heading\" id=\"h-bra-med-meir-leik-i-skulen\">Bra med meir leik i skulen<\/h2>\n\n\n\n<p>Vidare er det positivt at regjeringa vil auke tilskotsordninga for meir praktisk l\u00e6ring fr\u00e5 160 til 191 millionar kroner og utvide ho til \u00f2g \u00e5 gjelde elevar fr\u00e5 1. til 4. trinn. Vi merkar oss \u00f2g at det er sett av meir midlar til trykte l\u00e6remiddel.<\/p>\n\n\n\n<p>\u2013 Vi veit at det er eit etterslep b\u00e5de p\u00e5 trykte og digitale l\u00e6ringsmiddel, og at dei no legg opp til 190 kroner per elev er for lite. Vi set v\u00e5r lit til at dei andre partia p\u00e5 Stortinget bidreg med eit l\u00f8ft for sektoren, seier Kalkvik.<\/p>\n","protected":false},"excerpt":{"rendered":"<p>FUG-leiar St\u00e5le Sand Kalkvik var uroa over rammene til kommunane i fjor. Han er ikkje mindre skuffa no. \u2013 Om eg tolkar det rett, blir dette nok ein realnedgang for skulen. Kalkvik er uroa for den vedvarande mangelen p\u00e5 satsing p\u00e5 barn og unge \u2013 og det er han ikkje \u00e5leine om. Saman med FUB-leiar [&hellip;]<\/p>\n","protected":false},"author":7,"featured_media":12604,"comment_status":"closed","ping_status":"closed","sticky":false,"template":"","format":"standard","meta":{"_acf_changed":false,"footnotes":""},"categories":[25],"tags":[],"class_list":["post-12601","post","type-post","status-publish","format-standard","has-post-thumbnail","hentry","category-aktuelle-saker"],"acf":[],"yoast_head":"<!-- This site is optimized with the Yoast SEO Premium plugin v27.4 (Yoast SEO v27.4) - https:\/\/yoast.com\/product\/yoast-seo-premium-wordpress\/ -->\n<title>- Ti\u00e5rsjubileum for utarming av skolesektoren<\/title>\n<meta name=\"description\" content=\"FUG-leder St\u00e5le Sand Kalkvik var bekymret over rammene til kommunene i fjor. Han er ikke mindre skuffa n\u00e5. - Hvis jeg tolker det riktig s\u00e5 blir dette nok en realnedgang for skole.\" \/>\n<meta name=\"robots\" content=\"index, follow, max-snippet:-1, max-image-preview:large, max-video-preview:-1\" \/>\n<link rel=\"canonical\" href=\"https:\/\/foreldreutvalgene.no\/fug\/tiarsjubileum-for-utarming-av-skolesektoren\/\" \/>\n<meta property=\"og:locale\" content=\"nb_NO\" \/>\n<meta property=\"og:type\" content=\"article\" \/>\n<meta property=\"og:title\" content=\"- Ti\u00e5rsjubileum for utarming av skolesektoren\" \/>\n<meta property=\"og:description\" content=\"FUG-leder St\u00e5le Sand Kalkvik var bekymret over rammene til kommunene i fjor. Han er ikke mindre skuffa n\u00e5. - Hvis jeg tolker det riktig s\u00e5 blir dette nok en realnedgang for skole.\" \/>\n<meta property=\"og:url\" content=\"https:\/\/foreldreutvalgene.no\/fug\/tiarsjubileum-for-utarming-av-skolesektoren\/\" \/>\n<meta property=\"og:site_name\" content=\"Foreldreutvalget for grunnoppl\u00e6ringen\" \/>\n<meta property=\"article:published_time\" content=\"2025-10-15T13:06:15+00:00\" \/>\n<meta property=\"article:modified_time\" content=\"2025-10-15T13:42:06+00:00\" \/>\n<meta property=\"og:image\" content=\"https:\/\/foreldreutvalgene.no\/fug\/wp-content\/uploads\/sites\/3\/2025\/10\/Stale-komprimert-scaled.jpg\" \/>\n\t<meta property=\"og:image:width\" content=\"2560\" \/>\n\t<meta property=\"og:image:height\" content=\"1920\" \/>\n\t<meta property=\"og:image:type\" content=\"image\/jpeg\" \/>\n<meta name=\"author\" content=\"bjornar\" \/>\n<meta name=\"twitter:card\" content=\"summary_large_image\" \/>\n<meta name=\"twitter:label1\" content=\"Skrevet av\" \/>\n\t<meta name=\"twitter:data1\" content=\"bjornar\" \/>\n\t<meta name=\"twitter:label2\" content=\"Ansl. lesetid\" \/>\n\t<meta name=\"twitter:data2\" content=\"3 minutter\" \/>\n<script type=\"application\/ld+json\" class=\"yoast-schema-graph\">{\"@context\":\"https:\\\/\\\/schema.org\",\"@graph\":[{\"@type\":\"Article\",\"@id\":\"https:\\\/\\\/foreldreutvalgene.no\\\/fug\\\/tiarsjubileum-for-utarming-av-skolesektoren\\\/#article\",\"isPartOf\":{\"@id\":\"https:\\\/\\\/foreldreutvalgene.no\\\/fug\\\/tiarsjubileum-for-utarming-av-skolesektoren\\\/\"},\"author\":{\"name\":\"bjornar\",\"@id\":\"https:\\\/\\\/foreldreutvalgene.no\\\/fug\\\/#\\\/schema\\\/person\\\/4074f8e84b174980cd2d4c2ec88dccef\"},\"headline\":\"&#8211; Ti\u00e5rsjubileum for utarming av skolesektoren\",\"datePublished\":\"2025-10-15T13:06:15+00:00\",\"dateModified\":\"2025-10-15T13:42:06+00:00\",\"mainEntityOfPage\":{\"@id\":\"https:\\\/\\\/foreldreutvalgene.no\\\/fug\\\/tiarsjubileum-for-utarming-av-skolesektoren\\\/\"},\"wordCount\":424,\"publisher\":{\"@id\":\"https:\\\/\\\/foreldreutvalgene.no\\\/fug\\\/#organization\"},\"image\":{\"@id\":\"https:\\\/\\\/foreldreutvalgene.no\\\/fug\\\/tiarsjubileum-for-utarming-av-skolesektoren\\\/#primaryimage\"},\"thumbnailUrl\":\"https:\\\/\\\/foreldreutvalgene.no\\\/fug\\\/wp-content\\\/uploads\\\/sites\\\/3\\\/2025\\\/10\\\/Stale-komprimert-scaled.jpg\",\"articleSection\":[\"Aktuelle saker\"],\"inLanguage\":\"nb-NO\"},{\"@type\":\"WebPage\",\"@id\":\"https:\\\/\\\/foreldreutvalgene.no\\\/fug\\\/tiarsjubileum-for-utarming-av-skolesektoren\\\/\",\"url\":\"https:\\\/\\\/foreldreutvalgene.no\\\/fug\\\/tiarsjubileum-for-utarming-av-skolesektoren\\\/\",\"name\":\"- Ti\u00e5rsjubileum for utarming av skolesektoren\",\"isPartOf\":{\"@id\":\"https:\\\/\\\/foreldreutvalgene.no\\\/fug\\\/#website\"},\"primaryImageOfPage\":{\"@id\":\"https:\\\/\\\/foreldreutvalgene.no\\\/fug\\\/tiarsjubileum-for-utarming-av-skolesektoren\\\/#primaryimage\"},\"image\":{\"@id\":\"https:\\\/\\\/foreldreutvalgene.no\\\/fug\\\/tiarsjubileum-for-utarming-av-skolesektoren\\\/#primaryimage\"},\"thumbnailUrl\":\"https:\\\/\\\/foreldreutvalgene.no\\\/fug\\\/wp-content\\\/uploads\\\/sites\\\/3\\\/2025\\\/10\\\/Stale-komprimert-scaled.jpg\",\"datePublished\":\"2025-10-15T13:06:15+00:00\",\"dateModified\":\"2025-10-15T13:42:06+00:00\",\"description\":\"FUG-leder St\u00e5le Sand Kalkvik var bekymret over rammene til kommunene i fjor. Han er ikke mindre skuffa n\u00e5. - Hvis jeg tolker det riktig s\u00e5 blir dette nok en realnedgang for skole.\",\"breadcrumb\":{\"@id\":\"https:\\\/\\\/foreldreutvalgene.no\\\/fug\\\/tiarsjubileum-for-utarming-av-skolesektoren\\\/#breadcrumb\"},\"inLanguage\":\"nb-NO\",\"potentialAction\":[{\"@type\":\"ReadAction\",\"target\":[\"https:\\\/\\\/foreldreutvalgene.no\\\/fug\\\/tiarsjubileum-for-utarming-av-skolesektoren\\\/\"]}]},{\"@type\":\"ImageObject\",\"inLanguage\":\"nb-NO\",\"@id\":\"https:\\\/\\\/foreldreutvalgene.no\\\/fug\\\/tiarsjubileum-for-utarming-av-skolesektoren\\\/#primaryimage\",\"url\":\"https:\\\/\\\/foreldreutvalgene.no\\\/fug\\\/wp-content\\\/uploads\\\/sites\\\/3\\\/2025\\\/10\\\/Stale-komprimert-scaled.jpg\",\"contentUrl\":\"https:\\\/\\\/foreldreutvalgene.no\\\/fug\\\/wp-content\\\/uploads\\\/sites\\\/3\\\/2025\\\/10\\\/Stale-komprimert-scaled.jpg\",\"width\":2560,\"height\":1920},{\"@type\":\"BreadcrumbList\",\"@id\":\"https:\\\/\\\/foreldreutvalgene.no\\\/fug\\\/tiarsjubileum-for-utarming-av-skolesektoren\\\/#breadcrumb\",\"itemListElement\":[{\"@type\":\"ListItem\",\"position\":1,\"name\":\"Home\",\"item\":\"https:\\\/\\\/foreldreutvalgene.no\\\/fug\\\/\"},{\"@type\":\"ListItem\",\"position\":2,\"name\":\"&#8211; Ti\u00e5rsjubileum for utarming av skolesektoren\"}]},{\"@type\":\"WebSite\",\"@id\":\"https:\\\/\\\/foreldreutvalgene.no\\\/fug\\\/#website\",\"url\":\"https:\\\/\\\/foreldreutvalgene.no\\\/fug\\\/\",\"name\":\"Foreldreutvalget for grunnoppl\u00e6ringen\",\"description\":\"\",\"publisher\":{\"@id\":\"https:\\\/\\\/foreldreutvalgene.no\\\/fug\\\/#organization\"},\"potentialAction\":[{\"@type\":\"SearchAction\",\"target\":{\"@type\":\"EntryPoint\",\"urlTemplate\":\"https:\\\/\\\/foreldreutvalgene.no\\\/fug\\\/?s={search_term_string}\"},\"query-input\":{\"@type\":\"PropertyValueSpecification\",\"valueRequired\":true,\"valueName\":\"search_term_string\"}}],\"inLanguage\":\"nb-NO\"},{\"@type\":\"Organization\",\"@id\":\"https:\\\/\\\/foreldreutvalgene.no\\\/fug\\\/#organization\",\"name\":\"Foreldreutvalget for grunnoppl\u00e6ringen\",\"url\":\"https:\\\/\\\/foreldreutvalgene.no\\\/fug\\\/\",\"logo\":{\"@type\":\"ImageObject\",\"inLanguage\":\"nb-NO\",\"@id\":\"https:\\\/\\\/foreldreutvalgene.no\\\/fug\\\/#\\\/schema\\\/logo\\\/image\\\/\",\"url\":\"https:\\\/\\\/foreldreutvalgene.no\\\/fug\\\/wp-content\\\/uploads\\\/sites\\\/3\\\/2021\\\/06\\\/footer-logo-fug-outlined.svg\",\"contentUrl\":\"https:\\\/\\\/foreldreutvalgene.no\\\/fug\\\/wp-content\\\/uploads\\\/sites\\\/3\\\/2021\\\/06\\\/footer-logo-fug-outlined.svg\",\"width\":310,\"height\":73,\"caption\":\"Foreldreutvalget for grunnoppl\u00e6ringen\"},\"image\":{\"@id\":\"https:\\\/\\\/foreldreutvalgene.no\\\/fug\\\/#\\\/schema\\\/logo\\\/image\\\/\"}},{\"@type\":\"Person\",\"@id\":\"https:\\\/\\\/foreldreutvalgene.no\\\/fug\\\/#\\\/schema\\\/person\\\/4074f8e84b174980cd2d4c2ec88dccef\",\"name\":\"bjornar\",\"image\":{\"@type\":\"ImageObject\",\"inLanguage\":\"nb-NO\",\"@id\":\"https:\\\/\\\/secure.gravatar.com\\\/avatar\\\/5cafd5e235f3e1bbf1c12509a1e2c8d0c45b72ded70691f3113dc1c8fb45ee92?s=96&d=mm&r=g\",\"url\":\"https:\\\/\\\/secure.gravatar.com\\\/avatar\\\/5cafd5e235f3e1bbf1c12509a1e2c8d0c45b72ded70691f3113dc1c8fb45ee92?s=96&d=mm&r=g\",\"contentUrl\":\"https:\\\/\\\/secure.gravatar.com\\\/avatar\\\/5cafd5e235f3e1bbf1c12509a1e2c8d0c45b72ded70691f3113dc1c8fb45ee92?s=96&d=mm&r=g\",\"caption\":\"bjornar\"},\"url\":\"https:\\\/\\\/foreldreutvalgene.no\\\/fug\\\/author\\\/bjornar\\\/\"}]}<\/script>\n<!-- \/ Yoast SEO Premium plugin. -->","yoast_head_json":{"title":"- Ti\u00e5rsjubileum for utarming av skolesektoren","description":"FUG-leder St\u00e5le Sand Kalkvik var bekymret over rammene til kommunene i fjor. Han er ikke mindre skuffa n\u00e5. - Hvis jeg tolker det riktig s\u00e5 blir dette nok en realnedgang for skole.","robots":{"index":"index","follow":"follow","max-snippet":"max-snippet:-1","max-image-preview":"max-image-preview:large","max-video-preview":"max-video-preview:-1"},"canonical":"https:\/\/foreldreutvalgene.no\/fug\/tiarsjubileum-for-utarming-av-skolesektoren\/","og_locale":"nb_NO","og_type":"article","og_title":"- Ti\u00e5rsjubileum for utarming av skolesektoren","og_description":"FUG-leder St\u00e5le Sand Kalkvik var bekymret over rammene til kommunene i fjor. Han er ikke mindre skuffa n\u00e5. - Hvis jeg tolker det riktig s\u00e5 blir dette nok en realnedgang for skole.","og_url":"https:\/\/foreldreutvalgene.no\/fug\/tiarsjubileum-for-utarming-av-skolesektoren\/","og_site_name":"Foreldreutvalget for grunnoppl\u00e6ringen","article_published_time":"2025-10-15T13:06:15+00:00","article_modified_time":"2025-10-15T13:42:06+00:00","og_image":[{"width":2560,"height":1920,"url":"https:\/\/foreldreutvalgene.no\/fug\/wp-content\/uploads\/sites\/3\/2025\/10\/Stale-komprimert-scaled.jpg","type":"image\/jpeg"}],"author":"bjornar","twitter_card":"summary_large_image","twitter_misc":{"Skrevet av":"bjornar","Ansl. lesetid":"3 minutter"},"schema":{"@context":"https:\/\/schema.org","@graph":[{"@type":"Article","@id":"https:\/\/foreldreutvalgene.no\/fug\/tiarsjubileum-for-utarming-av-skolesektoren\/#article","isPartOf":{"@id":"https:\/\/foreldreutvalgene.no\/fug\/tiarsjubileum-for-utarming-av-skolesektoren\/"},"author":{"name":"bjornar","@id":"https:\/\/foreldreutvalgene.no\/fug\/#\/schema\/person\/4074f8e84b174980cd2d4c2ec88dccef"},"headline":"&#8211; Ti\u00e5rsjubileum for utarming av skolesektoren","datePublished":"2025-10-15T13:06:15+00:00","dateModified":"2025-10-15T13:42:06+00:00","mainEntityOfPage":{"@id":"https:\/\/foreldreutvalgene.no\/fug\/tiarsjubileum-for-utarming-av-skolesektoren\/"},"wordCount":424,"publisher":{"@id":"https:\/\/foreldreutvalgene.no\/fug\/#organization"},"image":{"@id":"https:\/\/foreldreutvalgene.no\/fug\/tiarsjubileum-for-utarming-av-skolesektoren\/#primaryimage"},"thumbnailUrl":"https:\/\/foreldreutvalgene.no\/fug\/wp-content\/uploads\/sites\/3\/2025\/10\/Stale-komprimert-scaled.jpg","articleSection":["Aktuelle saker"],"inLanguage":"nb-NO"},{"@type":"WebPage","@id":"https:\/\/foreldreutvalgene.no\/fug\/tiarsjubileum-for-utarming-av-skolesektoren\/","url":"https:\/\/foreldreutvalgene.no\/fug\/tiarsjubileum-for-utarming-av-skolesektoren\/","name":"- Ti\u00e5rsjubileum for utarming av skolesektoren","isPartOf":{"@id":"https:\/\/foreldreutvalgene.no\/fug\/#website"},"primaryImageOfPage":{"@id":"https:\/\/foreldreutvalgene.no\/fug\/tiarsjubileum-for-utarming-av-skolesektoren\/#primaryimage"},"image":{"@id":"https:\/\/foreldreutvalgene.no\/fug\/tiarsjubileum-for-utarming-av-skolesektoren\/#primaryimage"},"thumbnailUrl":"https:\/\/foreldreutvalgene.no\/fug\/wp-content\/uploads\/sites\/3\/2025\/10\/Stale-komprimert-scaled.jpg","datePublished":"2025-10-15T13:06:15+00:00","dateModified":"2025-10-15T13:42:06+00:00","description":"FUG-leder St\u00e5le Sand Kalkvik var bekymret over rammene til kommunene i fjor. Han er ikke mindre skuffa n\u00e5. - Hvis jeg tolker det riktig s\u00e5 blir dette nok en realnedgang for skole.","breadcrumb":{"@id":"https:\/\/foreldreutvalgene.no\/fug\/tiarsjubileum-for-utarming-av-skolesektoren\/#breadcrumb"},"inLanguage":"nb-NO","potentialAction":[{"@type":"ReadAction","target":["https:\/\/foreldreutvalgene.no\/fug\/tiarsjubileum-for-utarming-av-skolesektoren\/"]}]},{"@type":"ImageObject","inLanguage":"nb-NO","@id":"https:\/\/foreldreutvalgene.no\/fug\/tiarsjubileum-for-utarming-av-skolesektoren\/#primaryimage","url":"https:\/\/foreldreutvalgene.no\/fug\/wp-content\/uploads\/sites\/3\/2025\/10\/Stale-komprimert-scaled.jpg","contentUrl":"https:\/\/foreldreutvalgene.no\/fug\/wp-content\/uploads\/sites\/3\/2025\/10\/Stale-komprimert-scaled.jpg","width":2560,"height":1920},{"@type":"BreadcrumbList","@id":"https:\/\/foreldreutvalgene.no\/fug\/tiarsjubileum-for-utarming-av-skolesektoren\/#breadcrumb","itemListElement":[{"@type":"ListItem","position":1,"name":"Home","item":"https:\/\/foreldreutvalgene.no\/fug\/"},{"@type":"ListItem","position":2,"name":"&#8211; Ti\u00e5rsjubileum for utarming av skolesektoren"}]},{"@type":"WebSite","@id":"https:\/\/foreldreutvalgene.no\/fug\/#website","url":"https:\/\/foreldreutvalgene.no\/fug\/","name":"Foreldreutvalget for grunnoppl\u00e6ringen","description":"","publisher":{"@id":"https:\/\/foreldreutvalgene.no\/fug\/#organization"},"potentialAction":[{"@type":"SearchAction","target":{"@type":"EntryPoint","urlTemplate":"https:\/\/foreldreutvalgene.no\/fug\/?s={search_term_string}"},"query-input":{"@type":"PropertyValueSpecification","valueRequired":true,"valueName":"search_term_string"}}],"inLanguage":"nb-NO"},{"@type":"Organization","@id":"https:\/\/foreldreutvalgene.no\/fug\/#organization","name":"Foreldreutvalget for grunnoppl\u00e6ringen","url":"https:\/\/foreldreutvalgene.no\/fug\/","logo":{"@type":"ImageObject","inLanguage":"nb-NO","@id":"https:\/\/foreldreutvalgene.no\/fug\/#\/schema\/logo\/image\/","url":"https:\/\/foreldreutvalgene.no\/fug\/wp-content\/uploads\/sites\/3\/2021\/06\/footer-logo-fug-outlined.svg","contentUrl":"https:\/\/foreldreutvalgene.no\/fug\/wp-content\/uploads\/sites\/3\/2021\/06\/footer-logo-fug-outlined.svg","width":310,"height":73,"caption":"Foreldreutvalget for grunnoppl\u00e6ringen"},"image":{"@id":"https:\/\/foreldreutvalgene.no\/fug\/#\/schema\/logo\/image\/"}},{"@type":"Person","@id":"https:\/\/foreldreutvalgene.no\/fug\/#\/schema\/person\/4074f8e84b174980cd2d4c2ec88dccef","name":"bjornar","image":{"@type":"ImageObject","inLanguage":"nb-NO","@id":"https:\/\/secure.gravatar.com\/avatar\/5cafd5e235f3e1bbf1c12509a1e2c8d0c45b72ded70691f3113dc1c8fb45ee92?s=96&d=mm&r=g","url":"https:\/\/secure.gravatar.com\/avatar\/5cafd5e235f3e1bbf1c12509a1e2c8d0c45b72ded70691f3113dc1c8fb45ee92?s=96&d=mm&r=g","contentUrl":"https:\/\/secure.gravatar.com\/avatar\/5cafd5e235f3e1bbf1c12509a1e2c8d0c45b72ded70691f3113dc1c8fb45ee92?s=96&d=mm&r=g","caption":"bjornar"},"url":"https:\/\/foreldreutvalgene.no\/fug\/author\/bjornar\/"}]}},"_links":{"self":[{"href":"https:\/\/foreldreutvalgene.no\/fug\/wp-json\/wp\/v2\/posts\/12601","targetHints":{"allow":["GET"]}}],"collection":[{"href":"https:\/\/foreldreutvalgene.no\/fug\/wp-json\/wp\/v2\/posts"}],"about":[{"href":"https:\/\/foreldreutvalgene.no\/fug\/wp-json\/wp\/v2\/types\/post"}],"author":[{"embeddable":true,"href":"https:\/\/foreldreutvalgene.no\/fug\/wp-json\/wp\/v2\/users\/7"}],"replies":[{"embeddable":true,"href":"https:\/\/foreldreutvalgene.no\/fug\/wp-json\/wp\/v2\/comments?post=12601"}],"version-history":[{"count":2,"href":"https:\/\/foreldreutvalgene.no\/fug\/wp-json\/wp\/v2\/posts\/12601\/revisions"}],"predecessor-version":[{"id":12605,"href":"https:\/\/foreldreutvalgene.no\/fug\/wp-json\/wp\/v2\/posts\/12601\/revisions\/12605"}],"wp:featuredmedia":[{"embeddable":true,"href":"https:\/\/foreldreutvalgene.no\/fug\/wp-json\/wp\/v2\/media\/12604"}],"wp:attachment":[{"href":"https:\/\/foreldreutvalgene.no\/fug\/wp-json\/wp\/v2\/media?parent=12601"}],"wp:term":[{"taxonomy":"category","embeddable":true,"href":"https:\/\/foreldreutvalgene.no\/fug\/wp-json\/wp\/v2\/categories?post=12601"},{"taxonomy":"post_tag","embeddable":true,"href":"https:\/\/foreldreutvalgene.no\/fug\/wp-json\/wp\/v2\/tags?post=12601"}],"curies":[{"name":"wp","href":"https:\/\/api.w.org\/{rel}","templated":true}]}}