{"id":10242,"date":"2023-12-20T10:56:28","date_gmt":"2023-12-20T09:56:28","guid":{"rendered":"https:\/\/foreldreutvalgene.no\/fug\/?p=10242"},"modified":"2025-06-17T12:51:00","modified_gmt":"2025-06-17T10:51:00","slug":"oppsummering-2020-2023","status":"publish","type":"post","link":"https:\/\/foreldreutvalgene.no\/fug\/oppsummering-2020-2023\/","title":{"rendered":"Oppsummering 2020 &#8211; 2023"},"content":{"rendered":"\n<figure class=\"wp-block-image size-large\"><img loading=\"lazy\" decoding=\"async\" width=\"1024\" height=\"768\" src=\"https:\/\/foreldreutvalgene.no\/fug\/wp-content\/uploads\/sites\/3\/2023\/12\/mote-1024x768.jpg\" alt=\"Foreldreutvalget for grunnoppl\u00e6ringen 2020-2023. \" class=\"wp-image-10245\" srcset=\"https:\/\/foreldreutvalgene.no\/fug\/wp-content\/uploads\/sites\/3\/2023\/12\/mote-1024x768.jpg 1024w, https:\/\/foreldreutvalgene.no\/fug\/wp-content\/uploads\/sites\/3\/2023\/12\/mote-300x225.jpg 300w, https:\/\/foreldreutvalgene.no\/fug\/wp-content\/uploads\/sites\/3\/2023\/12\/mote-768x576.jpg 768w, https:\/\/foreldreutvalgene.no\/fug\/wp-content\/uploads\/sites\/3\/2023\/12\/mote-1536x1152.jpg 1536w, https:\/\/foreldreutvalgene.no\/fug\/wp-content\/uploads\/sites\/3\/2023\/12\/mote-620x465.jpg 620w, https:\/\/foreldreutvalgene.no\/fug\/wp-content\/uploads\/sites\/3\/2023\/12\/mote-120x90.jpg 120w, https:\/\/foreldreutvalgene.no\/fug\/wp-content\/uploads\/sites\/3\/2023\/12\/mote-320x240.jpg 320w, https:\/\/foreldreutvalgene.no\/fug\/wp-content\/uploads\/sites\/3\/2023\/12\/mote-1440x1080.jpg 1440w, https:\/\/foreldreutvalgene.no\/fug\/wp-content\/uploads\/sites\/3\/2023\/12\/mote.jpg 2016w\" sizes=\"auto, (max-width: 1024px) 100vw, 1024px\" \/><figcaption class=\"wp-element-caption\">P\u00e5 bildet ser du representantene for FUG fra 2020 &#8211; 2023. Bildet er tatt i siste utvalgsm\u00f8te h\u00f8sten 2023. <\/figcaption><\/figure>\n\n\n\n<p class=\"has-large-font-size\"><strong>Etter fire \u00e5r sammen sier det sittende Foreldreutvalget for grunnoppl\u00e6ringen takk for seg ved nytt\u00e5r. Her kan du lese litt om aktiviteten i utvalget i l\u00f8pet av \u00e5rene. <\/strong><\/p>\n\n\n\n<p>Mye har skjedd i skole-Norge i l\u00f8pet av de fire siste \u00e5rene. For \u00e5 oppsummere noe av det FUG har jobbet med har vi laget et avslutningshefte med de viktigste sakene. Heftet kan du lese som <a href=\"https:\/\/viewer.ipaper.io\/Fjuz\/foreldreutvalgene\/fug\/avslutningshefte-for-fug\/\">ebok her<\/a>.<\/p>\n\n\n\n<div data-wp-interactive=\"core\/file\" class=\"wp-block-file\"><object data-wp-bind--hidden=\"!state.hasPdfPreview\" hidden class=\"wp-block-file__embed\" data=\"https:\/\/foreldreutvalgene.no\/fug\/wp-content\/uploads\/sites\/3\/2023\/12\/FUG_avslutningsdok.pdf\" type=\"application\/pdf\" style=\"width:100%;height:600px\" aria-label=\"Innbygging av FUG_avslutningsdok\"><\/object><a id=\"wp-block-file--media-ec5c09d6-a944-4039-8e1a-19c672e48480\" href=\"https:\/\/foreldreutvalgene.no\/fug\/wp-content\/uploads\/sites\/3\/2023\/12\/FUG_avslutningsdok.pdf\">FUG_avslutningsdok<\/a><a href=\"https:\/\/foreldreutvalgene.no\/fug\/wp-content\/uploads\/sites\/3\/2023\/12\/FUG_avslutningsdok.pdf\" class=\"wp-block-file__button wp-element-button\" download aria-describedby=\"wp-block-file--media-ec5c09d6-a944-4039-8e1a-19c672e48480\">Last ned<\/a><\/div>\n","protected":false},"excerpt":{"rendered":"<p>Etter fire \u00e5r sammen sier det sittende Foreldreutvalget for grunnoppl\u00e6ringen takk for seg ved nytt\u00e5r. Her kan du lese litt om aktiviteten i utvalget i l\u00f8pet av \u00e5rene. Mye har skjedd i skole-Norge i l\u00f8pet av de fire siste \u00e5rene. For \u00e5 oppsummere noe av det FUG har jobbet med har vi laget et avslutningshefte [&hellip;]<\/p>\n","protected":false},"author":7,"featured_media":10245,"comment_status":"closed","ping_status":"closed","sticky":true,"template":"","format":"standard","meta":{"_acf_changed":false,"footnotes":""},"categories":[1],"tags":[],"class_list":["post-10242","post","type-post","status-publish","format-standard","has-post-thumbnail","hentry","category-annet"],"acf":[],"yoast_head":"<!-- This site is optimized with the Yoast SEO Premium plugin v27.4 (Yoast SEO v27.4) - https:\/\/yoast.com\/product\/yoast-seo-premium-wordpress\/ -->\n<title>Oppsummering 2020 - 2023 - Foreldreutvalget for grunnoppl\u00e6ringen<\/title>\n<meta name=\"description\" content=\"Etter fire \u00e5r sammen sier det sittende Foreldreutvalget for grunnoppl\u00e6ringen takk for seg ved nytt\u00e5r. Her kan du lese om aktivitetene deres.\" \/>\n<meta name=\"robots\" content=\"index, follow, max-snippet:-1, max-image-preview:large, max-video-preview:-1\" \/>\n<link rel=\"canonical\" href=\"https:\/\/foreldreutvalgene.no\/fug\/oppsummering-2020-2023\/\" \/>\n<meta property=\"og:locale\" content=\"nb_NO\" \/>\n<meta property=\"og:type\" content=\"article\" \/>\n<meta property=\"og:title\" content=\"Oppsummering 2020 - 2023\" \/>\n<meta property=\"og:description\" content=\"Etter fire \u00e5r sammen sier det sittende Foreldreutvalget for grunnoppl\u00e6ringen takk for seg ved nytt\u00e5r. Her kan du lese om aktivitetene deres.\" \/>\n<meta property=\"og:url\" content=\"https:\/\/foreldreutvalgene.no\/fug\/oppsummering-2020-2023\/\" \/>\n<meta property=\"og:site_name\" content=\"Foreldreutvalget for grunnoppl\u00e6ringen\" \/>\n<meta property=\"article:published_time\" content=\"2023-12-20T09:56:28+00:00\" \/>\n<meta property=\"article:modified_time\" content=\"2025-06-17T10:51:00+00:00\" \/>\n<meta property=\"og:image\" content=\"https:\/\/foreldreutvalgene.no\/fug\/wp-content\/uploads\/sites\/3\/2023\/12\/mote.jpg\" \/>\n\t<meta property=\"og:image:width\" content=\"2016\" \/>\n\t<meta property=\"og:image:height\" content=\"1512\" \/>\n\t<meta property=\"og:image:type\" content=\"image\/jpeg\" \/>\n<meta name=\"author\" content=\"bjornar\" \/>\n<meta name=\"twitter:card\" content=\"summary_large_image\" \/>\n<meta name=\"twitter:label1\" content=\"Skrevet av\" \/>\n\t<meta name=\"twitter:data1\" content=\"bjornar\" \/>\n\t<meta name=\"twitter:label2\" content=\"Ansl. lesetid\" \/>\n\t<meta name=\"twitter:data2\" content=\"1 minutt\" \/>\n<script type=\"application\/ld+json\" class=\"yoast-schema-graph\">{\"@context\":\"https:\\\/\\\/schema.org\",\"@graph\":[{\"@type\":\"Article\",\"@id\":\"https:\\\/\\\/foreldreutvalgene.no\\\/fug\\\/oppsummering-2020-2023\\\/#article\",\"isPartOf\":{\"@id\":\"https:\\\/\\\/foreldreutvalgene.no\\\/fug\\\/oppsummering-2020-2023\\\/\"},\"author\":{\"name\":\"bjornar\",\"@id\":\"https:\\\/\\\/foreldreutvalgene.no\\\/fug\\\/#\\\/schema\\\/person\\\/4074f8e84b174980cd2d4c2ec88dccef\"},\"headline\":\"Oppsummering 2020 &#8211; 2023\",\"datePublished\":\"2023-12-20T09:56:28+00:00\",\"dateModified\":\"2025-06-17T10:51:00+00:00\",\"mainEntityOfPage\":{\"@id\":\"https:\\\/\\\/foreldreutvalgene.no\\\/fug\\\/oppsummering-2020-2023\\\/\"},\"wordCount\":93,\"publisher\":{\"@id\":\"https:\\\/\\\/foreldreutvalgene.no\\\/fug\\\/#organization\"},\"image\":{\"@id\":\"https:\\\/\\\/foreldreutvalgene.no\\\/fug\\\/oppsummering-2020-2023\\\/#primaryimage\"},\"thumbnailUrl\":\"https:\\\/\\\/foreldreutvalgene.no\\\/fug\\\/wp-content\\\/uploads\\\/sites\\\/3\\\/2023\\\/12\\\/mote.jpg\",\"articleSection\":[\"Annet\"],\"inLanguage\":\"nb-NO\"},{\"@type\":\"WebPage\",\"@id\":\"https:\\\/\\\/foreldreutvalgene.no\\\/fug\\\/oppsummering-2020-2023\\\/\",\"url\":\"https:\\\/\\\/foreldreutvalgene.no\\\/fug\\\/oppsummering-2020-2023\\\/\",\"name\":\"Oppsummering 2020 - 2023 - Foreldreutvalget for grunnoppl\u00e6ringen\",\"isPartOf\":{\"@id\":\"https:\\\/\\\/foreldreutvalgene.no\\\/fug\\\/#website\"},\"primaryImageOfPage\":{\"@id\":\"https:\\\/\\\/foreldreutvalgene.no\\\/fug\\\/oppsummering-2020-2023\\\/#primaryimage\"},\"image\":{\"@id\":\"https:\\\/\\\/foreldreutvalgene.no\\\/fug\\\/oppsummering-2020-2023\\\/#primaryimage\"},\"thumbnailUrl\":\"https:\\\/\\\/foreldreutvalgene.no\\\/fug\\\/wp-content\\\/uploads\\\/sites\\\/3\\\/2023\\\/12\\\/mote.jpg\",\"datePublished\":\"2023-12-20T09:56:28+00:00\",\"dateModified\":\"2025-06-17T10:51:00+00:00\",\"description\":\"Etter fire \u00e5r sammen sier det sittende Foreldreutvalget for grunnoppl\u00e6ringen takk for seg ved nytt\u00e5r. Her kan du lese om aktivitetene deres.\",\"breadcrumb\":{\"@id\":\"https:\\\/\\\/foreldreutvalgene.no\\\/fug\\\/oppsummering-2020-2023\\\/#breadcrumb\"},\"inLanguage\":\"nb-NO\",\"potentialAction\":[{\"@type\":\"ReadAction\",\"target\":[\"https:\\\/\\\/foreldreutvalgene.no\\\/fug\\\/oppsummering-2020-2023\\\/\"]}]},{\"@type\":\"ImageObject\",\"inLanguage\":\"nb-NO\",\"@id\":\"https:\\\/\\\/foreldreutvalgene.no\\\/fug\\\/oppsummering-2020-2023\\\/#primaryimage\",\"url\":\"https:\\\/\\\/foreldreutvalgene.no\\\/fug\\\/wp-content\\\/uploads\\\/sites\\\/3\\\/2023\\\/12\\\/mote.jpg\",\"contentUrl\":\"https:\\\/\\\/foreldreutvalgene.no\\\/fug\\\/wp-content\\\/uploads\\\/sites\\\/3\\\/2023\\\/12\\\/mote.jpg\",\"width\":2016,\"height\":1512,\"caption\":\"P\u00e5 bildet ser du representantene for FUG fra 2020 - 2023. Bildet er tatt i siste utvalgsm\u00f8te h\u00f8sten 2023.\"},{\"@type\":\"BreadcrumbList\",\"@id\":\"https:\\\/\\\/foreldreutvalgene.no\\\/fug\\\/oppsummering-2020-2023\\\/#breadcrumb\",\"itemListElement\":[{\"@type\":\"ListItem\",\"position\":1,\"name\":\"Home\",\"item\":\"https:\\\/\\\/foreldreutvalgene.no\\\/fug\\\/\"},{\"@type\":\"ListItem\",\"position\":2,\"name\":\"Oppsummering 2020 &#8211; 2023\"}]},{\"@type\":\"WebSite\",\"@id\":\"https:\\\/\\\/foreldreutvalgene.no\\\/fug\\\/#website\",\"url\":\"https:\\\/\\\/foreldreutvalgene.no\\\/fug\\\/\",\"name\":\"Foreldreutvalget for grunnoppl\u00e6ringen\",\"description\":\"\",\"publisher\":{\"@id\":\"https:\\\/\\\/foreldreutvalgene.no\\\/fug\\\/#organization\"},\"potentialAction\":[{\"@type\":\"SearchAction\",\"target\":{\"@type\":\"EntryPoint\",\"urlTemplate\":\"https:\\\/\\\/foreldreutvalgene.no\\\/fug\\\/?s={search_term_string}\"},\"query-input\":{\"@type\":\"PropertyValueSpecification\",\"valueRequired\":true,\"valueName\":\"search_term_string\"}}],\"inLanguage\":\"nb-NO\"},{\"@type\":\"Organization\",\"@id\":\"https:\\\/\\\/foreldreutvalgene.no\\\/fug\\\/#organization\",\"name\":\"Foreldreutvalget for grunnoppl\u00e6ringen\",\"url\":\"https:\\\/\\\/foreldreutvalgene.no\\\/fug\\\/\",\"logo\":{\"@type\":\"ImageObject\",\"inLanguage\":\"nb-NO\",\"@id\":\"https:\\\/\\\/foreldreutvalgene.no\\\/fug\\\/#\\\/schema\\\/logo\\\/image\\\/\",\"url\":\"https:\\\/\\\/foreldreutvalgene.no\\\/fug\\\/wp-content\\\/uploads\\\/sites\\\/3\\\/2021\\\/06\\\/footer-logo-fug-outlined.svg\",\"contentUrl\":\"https:\\\/\\\/foreldreutvalgene.no\\\/fug\\\/wp-content\\\/uploads\\\/sites\\\/3\\\/2021\\\/06\\\/footer-logo-fug-outlined.svg\",\"width\":310,\"height\":73,\"caption\":\"Foreldreutvalget for grunnoppl\u00e6ringen\"},\"image\":{\"@id\":\"https:\\\/\\\/foreldreutvalgene.no\\\/fug\\\/#\\\/schema\\\/logo\\\/image\\\/\"}},{\"@type\":\"Person\",\"@id\":\"https:\\\/\\\/foreldreutvalgene.no\\\/fug\\\/#\\\/schema\\\/person\\\/4074f8e84b174980cd2d4c2ec88dccef\",\"name\":\"bjornar\",\"image\":{\"@type\":\"ImageObject\",\"inLanguage\":\"nb-NO\",\"@id\":\"https:\\\/\\\/secure.gravatar.com\\\/avatar\\\/5cafd5e235f3e1bbf1c12509a1e2c8d0c45b72ded70691f3113dc1c8fb45ee92?s=96&d=mm&r=g\",\"url\":\"https:\\\/\\\/secure.gravatar.com\\\/avatar\\\/5cafd5e235f3e1bbf1c12509a1e2c8d0c45b72ded70691f3113dc1c8fb45ee92?s=96&d=mm&r=g\",\"contentUrl\":\"https:\\\/\\\/secure.gravatar.com\\\/avatar\\\/5cafd5e235f3e1bbf1c12509a1e2c8d0c45b72ded70691f3113dc1c8fb45ee92?s=96&d=mm&r=g\",\"caption\":\"bjornar\"},\"url\":\"https:\\\/\\\/foreldreutvalgene.no\\\/fug\\\/author\\\/bjornar\\\/\"}]}<\/script>\n<!-- \/ Yoast SEO Premium plugin. -->","yoast_head_json":{"title":"Oppsummering 2020 - 2023 - Foreldreutvalget for grunnoppl\u00e6ringen","description":"Etter fire \u00e5r sammen sier det sittende Foreldreutvalget for grunnoppl\u00e6ringen takk for seg ved nytt\u00e5r. Her kan du lese om aktivitetene deres.","robots":{"index":"index","follow":"follow","max-snippet":"max-snippet:-1","max-image-preview":"max-image-preview:large","max-video-preview":"max-video-preview:-1"},"canonical":"https:\/\/foreldreutvalgene.no\/fug\/oppsummering-2020-2023\/","og_locale":"nb_NO","og_type":"article","og_title":"Oppsummering 2020 - 2023","og_description":"Etter fire \u00e5r sammen sier det sittende Foreldreutvalget for grunnoppl\u00e6ringen takk for seg ved nytt\u00e5r. Her kan du lese om aktivitetene deres.","og_url":"https:\/\/foreldreutvalgene.no\/fug\/oppsummering-2020-2023\/","og_site_name":"Foreldreutvalget for grunnoppl\u00e6ringen","article_published_time":"2023-12-20T09:56:28+00:00","article_modified_time":"2025-06-17T10:51:00+00:00","og_image":[{"width":2016,"height":1512,"url":"https:\/\/foreldreutvalgene.no\/fug\/wp-content\/uploads\/sites\/3\/2023\/12\/mote.jpg","type":"image\/jpeg"}],"author":"bjornar","twitter_card":"summary_large_image","twitter_misc":{"Skrevet av":"bjornar","Ansl. lesetid":"1 minutt"},"schema":{"@context":"https:\/\/schema.org","@graph":[{"@type":"Article","@id":"https:\/\/foreldreutvalgene.no\/fug\/oppsummering-2020-2023\/#article","isPartOf":{"@id":"https:\/\/foreldreutvalgene.no\/fug\/oppsummering-2020-2023\/"},"author":{"name":"bjornar","@id":"https:\/\/foreldreutvalgene.no\/fug\/#\/schema\/person\/4074f8e84b174980cd2d4c2ec88dccef"},"headline":"Oppsummering 2020 &#8211; 2023","datePublished":"2023-12-20T09:56:28+00:00","dateModified":"2025-06-17T10:51:00+00:00","mainEntityOfPage":{"@id":"https:\/\/foreldreutvalgene.no\/fug\/oppsummering-2020-2023\/"},"wordCount":93,"publisher":{"@id":"https:\/\/foreldreutvalgene.no\/fug\/#organization"},"image":{"@id":"https:\/\/foreldreutvalgene.no\/fug\/oppsummering-2020-2023\/#primaryimage"},"thumbnailUrl":"https:\/\/foreldreutvalgene.no\/fug\/wp-content\/uploads\/sites\/3\/2023\/12\/mote.jpg","articleSection":["Annet"],"inLanguage":"nb-NO"},{"@type":"WebPage","@id":"https:\/\/foreldreutvalgene.no\/fug\/oppsummering-2020-2023\/","url":"https:\/\/foreldreutvalgene.no\/fug\/oppsummering-2020-2023\/","name":"Oppsummering 2020 - 2023 - Foreldreutvalget for grunnoppl\u00e6ringen","isPartOf":{"@id":"https:\/\/foreldreutvalgene.no\/fug\/#website"},"primaryImageOfPage":{"@id":"https:\/\/foreldreutvalgene.no\/fug\/oppsummering-2020-2023\/#primaryimage"},"image":{"@id":"https:\/\/foreldreutvalgene.no\/fug\/oppsummering-2020-2023\/#primaryimage"},"thumbnailUrl":"https:\/\/foreldreutvalgene.no\/fug\/wp-content\/uploads\/sites\/3\/2023\/12\/mote.jpg","datePublished":"2023-12-20T09:56:28+00:00","dateModified":"2025-06-17T10:51:00+00:00","description":"Etter fire \u00e5r sammen sier det sittende Foreldreutvalget for grunnoppl\u00e6ringen takk for seg ved nytt\u00e5r. Her kan du lese om aktivitetene deres.","breadcrumb":{"@id":"https:\/\/foreldreutvalgene.no\/fug\/oppsummering-2020-2023\/#breadcrumb"},"inLanguage":"nb-NO","potentialAction":[{"@type":"ReadAction","target":["https:\/\/foreldreutvalgene.no\/fug\/oppsummering-2020-2023\/"]}]},{"@type":"ImageObject","inLanguage":"nb-NO","@id":"https:\/\/foreldreutvalgene.no\/fug\/oppsummering-2020-2023\/#primaryimage","url":"https:\/\/foreldreutvalgene.no\/fug\/wp-content\/uploads\/sites\/3\/2023\/12\/mote.jpg","contentUrl":"https:\/\/foreldreutvalgene.no\/fug\/wp-content\/uploads\/sites\/3\/2023\/12\/mote.jpg","width":2016,"height":1512,"caption":"P\u00e5 bildet ser du representantene for FUG fra 2020 - 2023. Bildet er tatt i siste utvalgsm\u00f8te h\u00f8sten 2023."},{"@type":"BreadcrumbList","@id":"https:\/\/foreldreutvalgene.no\/fug\/oppsummering-2020-2023\/#breadcrumb","itemListElement":[{"@type":"ListItem","position":1,"name":"Home","item":"https:\/\/foreldreutvalgene.no\/fug\/"},{"@type":"ListItem","position":2,"name":"Oppsummering 2020 &#8211; 2023"}]},{"@type":"WebSite","@id":"https:\/\/foreldreutvalgene.no\/fug\/#website","url":"https:\/\/foreldreutvalgene.no\/fug\/","name":"Foreldreutvalget for grunnoppl\u00e6ringen","description":"","publisher":{"@id":"https:\/\/foreldreutvalgene.no\/fug\/#organization"},"potentialAction":[{"@type":"SearchAction","target":{"@type":"EntryPoint","urlTemplate":"https:\/\/foreldreutvalgene.no\/fug\/?s={search_term_string}"},"query-input":{"@type":"PropertyValueSpecification","valueRequired":true,"valueName":"search_term_string"}}],"inLanguage":"nb-NO"},{"@type":"Organization","@id":"https:\/\/foreldreutvalgene.no\/fug\/#organization","name":"Foreldreutvalget for grunnoppl\u00e6ringen","url":"https:\/\/foreldreutvalgene.no\/fug\/","logo":{"@type":"ImageObject","inLanguage":"nb-NO","@id":"https:\/\/foreldreutvalgene.no\/fug\/#\/schema\/logo\/image\/","url":"https:\/\/foreldreutvalgene.no\/fug\/wp-content\/uploads\/sites\/3\/2021\/06\/footer-logo-fug-outlined.svg","contentUrl":"https:\/\/foreldreutvalgene.no\/fug\/wp-content\/uploads\/sites\/3\/2021\/06\/footer-logo-fug-outlined.svg","width":310,"height":73,"caption":"Foreldreutvalget for grunnoppl\u00e6ringen"},"image":{"@id":"https:\/\/foreldreutvalgene.no\/fug\/#\/schema\/logo\/image\/"}},{"@type":"Person","@id":"https:\/\/foreldreutvalgene.no\/fug\/#\/schema\/person\/4074f8e84b174980cd2d4c2ec88dccef","name":"bjornar","image":{"@type":"ImageObject","inLanguage":"nb-NO","@id":"https:\/\/secure.gravatar.com\/avatar\/5cafd5e235f3e1bbf1c12509a1e2c8d0c45b72ded70691f3113dc1c8fb45ee92?s=96&d=mm&r=g","url":"https:\/\/secure.gravatar.com\/avatar\/5cafd5e235f3e1bbf1c12509a1e2c8d0c45b72ded70691f3113dc1c8fb45ee92?s=96&d=mm&r=g","contentUrl":"https:\/\/secure.gravatar.com\/avatar\/5cafd5e235f3e1bbf1c12509a1e2c8d0c45b72ded70691f3113dc1c8fb45ee92?s=96&d=mm&r=g","caption":"bjornar"},"url":"https:\/\/foreldreutvalgene.no\/fug\/author\/bjornar\/"}]}},"_links":{"self":[{"href":"https:\/\/foreldreutvalgene.no\/fug\/wp-json\/wp\/v2\/posts\/10242","targetHints":{"allow":["GET"]}}],"collection":[{"href":"https:\/\/foreldreutvalgene.no\/fug\/wp-json\/wp\/v2\/posts"}],"about":[{"href":"https:\/\/foreldreutvalgene.no\/fug\/wp-json\/wp\/v2\/types\/post"}],"author":[{"embeddable":true,"href":"https:\/\/foreldreutvalgene.no\/fug\/wp-json\/wp\/v2\/users\/7"}],"replies":[{"embeddable":true,"href":"https:\/\/foreldreutvalgene.no\/fug\/wp-json\/wp\/v2\/comments?post=10242"}],"version-history":[{"count":4,"href":"https:\/\/foreldreutvalgene.no\/fug\/wp-json\/wp\/v2\/posts\/10242\/revisions"}],"predecessor-version":[{"id":11657,"href":"https:\/\/foreldreutvalgene.no\/fug\/wp-json\/wp\/v2\/posts\/10242\/revisions\/11657"}],"wp:featuredmedia":[{"embeddable":true,"href":"https:\/\/foreldreutvalgene.no\/fug\/wp-json\/wp\/v2\/media\/10245"}],"wp:attachment":[{"href":"https:\/\/foreldreutvalgene.no\/fug\/wp-json\/wp\/v2\/media?parent=10242"}],"wp:term":[{"taxonomy":"category","embeddable":true,"href":"https:\/\/foreldreutvalgene.no\/fug\/wp-json\/wp\/v2\/categories?post=10242"},{"taxonomy":"post_tag","embeddable":true,"href":"https:\/\/foreldreutvalgene.no\/fug\/wp-json\/wp\/v2\/tags?post=10242"}],"curies":[{"name":"wp","href":"https:\/\/api.w.org\/{rel}","templated":true}]}}