{"id":8703,"date":"2026-01-27T14:17:41","date_gmt":"2026-01-27T13:17:41","guid":{"rendered":"https:\/\/foreldreutvalgene.no\/fub\/?p=8703"},"modified":"2026-02-13T15:05:19","modified_gmt":"2026-02-13T14:05:19","slug":"plakater-til-barnehagedagen-2026","status":"publish","type":"post","link":"https:\/\/foreldreutvalgene.no\/fub\/plakater-til-barnehagedagen-2026\/","title":{"rendered":"Plakater til Barnehagedagen 2026"},"content":{"rendered":"\n<figure class=\"wp-block-image size-large\"><img loading=\"lazy\" decoding=\"async\" width=\"1024\" height=\"768\" src=\"https:\/\/foreldreutvalgene.no\/fub\/wp-content\/uploads\/sites\/2\/2026\/01\/Barnehagedagen-2026-plakatpotp-1024x768.png\" alt=\"Plakater til Barnehagedagen 2026\" class=\"wp-image-8719\" srcset=\"https:\/\/foreldreutvalgene.no\/fub\/wp-content\/uploads\/sites\/2\/2026\/01\/Barnehagedagen-2026-plakatpotp-1024x768.png 1024w, https:\/\/foreldreutvalgene.no\/fub\/wp-content\/uploads\/sites\/2\/2026\/01\/Barnehagedagen-2026-plakatpotp-300x225.png 300w, https:\/\/foreldreutvalgene.no\/fub\/wp-content\/uploads\/sites\/2\/2026\/01\/Barnehagedagen-2026-plakatpotp-768x576.png 768w, https:\/\/foreldreutvalgene.no\/fub\/wp-content\/uploads\/sites\/2\/2026\/01\/Barnehagedagen-2026-plakatpotp-1536x1152.png 1536w, https:\/\/foreldreutvalgene.no\/fub\/wp-content\/uploads\/sites\/2\/2026\/01\/Barnehagedagen-2026-plakatpotp-620x465.png 620w, https:\/\/foreldreutvalgene.no\/fub\/wp-content\/uploads\/sites\/2\/2026\/01\/Barnehagedagen-2026-plakatpotp-120x90.png 120w, https:\/\/foreldreutvalgene.no\/fub\/wp-content\/uploads\/sites\/2\/2026\/01\/Barnehagedagen-2026-plakatpotp-320x240.png 320w, https:\/\/foreldreutvalgene.no\/fub\/wp-content\/uploads\/sites\/2\/2026\/01\/Barnehagedagen-2026-plakatpotp-1440x1080.png 1440w, https:\/\/foreldreutvalgene.no\/fub\/wp-content\/uploads\/sites\/2\/2026\/01\/Barnehagedagen-2026-plakatpotp.png 1890w\" sizes=\"auto, (max-width: 1024px) 100vw, 1024px\" \/><figcaption class=\"wp-element-caption\">P\u00e5 biletet ser du nokre av plakatene til Barnehagedagen 2026. <\/figcaption><\/figure>\n\n\n\n<p class=\"has-large-font-size\"><strong>Barnehagedagen 2026 n\u00e6rmar seg. Her lastar du ned plakaten p\u00e5 ditt spr\u00e5k. Ho finst som vanleg p\u00e5 nynorsk, kvensk, lulesamisk, nordsamisk og s\u00f8rsamisk.<\/strong><\/p>\n\n\n\n<p>Tysdag 10. mars blir Barnehagedagen 2026 markert i barnehagar over heile Noreg. I tr\u00e5d med tradisjonen lanserer vi plakatane p\u00e5 ditt spr\u00e5k.<\/p>\n\n\n\n<p>\u00c5rets barnehagedag har f\u00e5tt inkludering og fellesskap som tema, og slagordet er \u00abrom for alle\u00bb. Vi h\u00e5par mange barnehagar brukar dagen til \u00e5 snakke om korleis ein jobbar med inkludering og fellesskap p\u00e5 avdelingane, og i barnehagen generelt. Ein fin m\u00e5te \u00e5 starte f\u00f8rebuingane til dagen p\u00e5, er \u00e5 la barna vere med og henge opp plakaten.<\/p>\n\n\n\n<p><a href=\"https:\/\/foreldreutvalgene.no\/fub\/kveldsseminar-for-barnehagedagen-2026\/\">Hugs \u00f2g at vi har opptak av eit kveldsseminar med inspirasjon. Sj\u00e5 det her <\/a><\/p>\n\n\n\n<p><em>Alle variantar finst b\u00e5de med og utan skrivefelt. Har du sp\u00f8rsm\u00e5l om plakaten, kan du sende e\u2011post til <a href=\"mailto:bjornar.vika@fug.no\">bjornar.vika@fug.no<\/a>.<\/em><\/p>\n\n\n\n<h2 class=\"wp-block-heading\" id=\"h-bokmal\">Bokm\u00e5l<\/h2>\n\n\n\n<div class=\"wp-block-columns is-layout-flex wp-container-core-columns-is-layout-9d6595d7 wp-block-columns-is-layout-flex\">\n<div class=\"wp-block-column is-layout-flow wp-block-column-is-layout-flow\" style=\"flex-basis:50%\">\n<div data-wp-interactive=\"core\/file\" class=\"wp-block-file\"><object data-wp-bind--hidden=\"!state.hasPdfPreview\" hidden class=\"wp-block-file__embed\" data=\"https:\/\/foreldreutvalgene.no\/fub\/wp-content\/uploads\/sites\/2\/2026\/01\/Plakat-Barnehagedagen-2026-TRYKK_med_skrivefelt.pdf\" type=\"application\/pdf\" style=\"width:100%;height:600px\" aria-label=\"Innbygging av Plakat Barnehagedagen 2026 TRYKK med skrivefelt\"><\/object><a id=\"wp-block-file--media-75cce331-f583-48e3-a25b-ac5801ec5fa7\" href=\"https:\/\/foreldreutvalgene.no\/fub\/wp-content\/uploads\/sites\/2\/2026\/01\/Plakat-Barnehagedagen-2026-TRYKK_med_skrivefelt.pdf\">Plakat Barnehagedagen 2026 TRYKK med skrivefelt<\/a><a href=\"https:\/\/foreldreutvalgene.no\/fub\/wp-content\/uploads\/sites\/2\/2026\/01\/Plakat-Barnehagedagen-2026-TRYKK_med_skrivefelt.pdf\" class=\"wp-block-file__button wp-element-button\" download aria-describedby=\"wp-block-file--media-75cce331-f583-48e3-a25b-ac5801ec5fa7\">Last ned<\/a><\/div>\n<\/div>\n\n\n\n<div class=\"wp-block-column is-layout-flow wp-block-column-is-layout-flow\" style=\"flex-basis:50%\">\n<div data-wp-interactive=\"core\/file\" class=\"wp-block-file\"><object data-wp-bind--hidden=\"!state.hasPdfPreview\" hidden class=\"wp-block-file__embed\" data=\"https:\/\/foreldreutvalgene.no\/fub\/wp-content\/uploads\/sites\/2\/2026\/01\/Plakat-Barnehagedagen-2026-TRYKK.pdf\" type=\"application\/pdf\" style=\"width:100%;height:600px\" aria-label=\"Innbygging av Plakat Barnehagedagen 2026 TRYKK\"><\/object><a id=\"wp-block-file--media-1b9c86f2-f55a-48db-ba1b-4b4a55029eda\" href=\"https:\/\/foreldreutvalgene.no\/fub\/wp-content\/uploads\/sites\/2\/2026\/01\/Plakat-Barnehagedagen-2026-TRYKK.pdf\">Plakat Barnehagedagen 2026 TRYKK<\/a><a href=\"https:\/\/foreldreutvalgene.no\/fub\/wp-content\/uploads\/sites\/2\/2026\/01\/Plakat-Barnehagedagen-2026-TRYKK.pdf\" class=\"wp-block-file__button wp-element-button\" download aria-describedby=\"wp-block-file--media-1b9c86f2-f55a-48db-ba1b-4b4a55029eda\">Last ned<\/a><\/div>\n<\/div>\n<\/div>\n\n\n\n<h2 class=\"wp-block-heading\" id=\"h-nynorsk\">Nynorsk<\/h2>\n\n\n\n<div class=\"wp-block-columns is-layout-flex wp-container-core-columns-is-layout-9d6595d7 wp-block-columns-is-layout-flex\">\n<div class=\"wp-block-column is-layout-flow wp-block-column-is-layout-flow\" style=\"flex-basis:50%\">\n<div data-wp-interactive=\"core\/file\" class=\"wp-block-file\"><object data-wp-bind--hidden=\"!state.hasPdfPreview\" hidden class=\"wp-block-file__embed\" data=\"https:\/\/foreldreutvalgene.no\/fub\/wp-content\/uploads\/sites\/2\/2026\/01\/Plakat-594x841mm_Rom-for-alle_Nynorsk_TRYKK_med_skrivefelt.pdf\" type=\"application\/pdf\" style=\"width:100%;height:600px\" aria-label=\"Innbygging av Plakat nynorsk TRYKK med skrivefelt\"><\/object><a id=\"wp-block-file--media-616a0f24-2ac4-43bf-abae-fce2be4ed0af\" href=\"https:\/\/foreldreutvalgene.no\/fub\/wp-content\/uploads\/sites\/2\/2026\/01\/Plakat-594x841mm_Rom-for-alle_Nynorsk_TRYKK_med_skrivefelt.pdf\">Plakat nynorsk TRYKK med skrivefelt<\/a><a href=\"https:\/\/foreldreutvalgene.no\/fub\/wp-content\/uploads\/sites\/2\/2026\/01\/Plakat-594x841mm_Rom-for-alle_Nynorsk_TRYKK_med_skrivefelt.pdf\" class=\"wp-block-file__button wp-element-button\" download aria-describedby=\"wp-block-file--media-616a0f24-2ac4-43bf-abae-fce2be4ed0af\">Last ned<\/a><\/div>\n<\/div>\n\n\n\n<div class=\"wp-block-column is-layout-flow wp-block-column-is-layout-flow\" style=\"flex-basis:50%\">\n<div data-wp-interactive=\"core\/file\" class=\"wp-block-file\"><object data-wp-bind--hidden=\"!state.hasPdfPreview\" hidden class=\"wp-block-file__embed\" data=\"https:\/\/foreldreutvalgene.no\/fub\/wp-content\/uploads\/sites\/2\/2026\/01\/Plakat-594x841mm_Rom-for-alle_Nynorsk_TRYKK.pdf\" type=\"application\/pdf\" style=\"width:100%;height:600px\" aria-label=\"Innbygging av Plakat Barnehagedagen Nynorsk TRYKK\"><\/object><a id=\"wp-block-file--media-9bccd625-ba09-4374-9ae8-86daa0c6b3c1\" href=\"https:\/\/foreldreutvalgene.no\/fub\/wp-content\/uploads\/sites\/2\/2026\/01\/Plakat-594x841mm_Rom-for-alle_Nynorsk_TRYKK.pdf\">Plakat Barnehagedagen Nynorsk TRYKK<\/a><a href=\"https:\/\/foreldreutvalgene.no\/fub\/wp-content\/uploads\/sites\/2\/2026\/01\/Plakat-594x841mm_Rom-for-alle_Nynorsk_TRYKK.pdf\" class=\"wp-block-file__button wp-element-button\" download aria-describedby=\"wp-block-file--media-9bccd625-ba09-4374-9ae8-86daa0c6b3c1\">Last ned<\/a><\/div>\n<\/div>\n<\/div>\n\n\n\n<h2 class=\"wp-block-heading\" id=\"h-lulesamisk\">Lulesamisk<\/h2>\n\n\n\n<div class=\"wp-block-columns is-layout-flex wp-container-core-columns-is-layout-9d6595d7 wp-block-columns-is-layout-flex\">\n<div class=\"wp-block-column is-layout-flow wp-block-column-is-layout-flow\" style=\"flex-basis:50%\">\n<div data-wp-interactive=\"core\/file\" class=\"wp-block-file\"><object data-wp-bind--hidden=\"!state.hasPdfPreview\" hidden class=\"wp-block-file__embed\" data=\"https:\/\/foreldreutvalgene.no\/fub\/wp-content\/uploads\/sites\/2\/2026\/01\/Plakat-594x841mm_Rom-for-alle_Lulesamisk_TRYKK_med_skrivefelt.pdf\" type=\"application\/pdf\" style=\"width:100%;height:600px\" aria-label=\"Innbygging av Plakat lulesamisk TRYKK med skrivefelt\"><\/object><a id=\"wp-block-file--media-3381b45a-5d75-459e-8774-aa4f10505f86\" href=\"https:\/\/foreldreutvalgene.no\/fub\/wp-content\/uploads\/sites\/2\/2026\/01\/Plakat-594x841mm_Rom-for-alle_Lulesamisk_TRYKK_med_skrivefelt.pdf\">Plakat lulesamisk TRYKK med skrivefelt<\/a><a href=\"https:\/\/foreldreutvalgene.no\/fub\/wp-content\/uploads\/sites\/2\/2026\/01\/Plakat-594x841mm_Rom-for-alle_Lulesamisk_TRYKK_med_skrivefelt.pdf\" class=\"wp-block-file__button wp-element-button\" download aria-describedby=\"wp-block-file--media-3381b45a-5d75-459e-8774-aa4f10505f86\">Last ned<\/a><\/div>\n<\/div>\n\n\n\n<div class=\"wp-block-column is-layout-flow wp-block-column-is-layout-flow\" style=\"flex-basis:50%\">\n<div data-wp-interactive=\"core\/file\" class=\"wp-block-file\"><object data-wp-bind--hidden=\"!state.hasPdfPreview\" hidden class=\"wp-block-file__embed\" data=\"https:\/\/foreldreutvalgene.no\/fub\/wp-content\/uploads\/sites\/2\/2026\/01\/Plakat-594x841mm_Rom-for-alle_Lulsamisk_TRYKK.pdf\" type=\"application\/pdf\" style=\"width:100%;height:600px\" aria-label=\"Innbygging av Plakat Barnehagedagen lulesamisk TRYKK\"><\/object><a id=\"wp-block-file--media-48dacf26-dc70-47bb-b5ce-8c13d3f8c5a0\" href=\"https:\/\/foreldreutvalgene.no\/fub\/wp-content\/uploads\/sites\/2\/2026\/01\/Plakat-594x841mm_Rom-for-alle_Lulsamisk_TRYKK.pdf\">Plakat Barnehagedagen lulesamisk TRYKK<\/a><a href=\"https:\/\/foreldreutvalgene.no\/fub\/wp-content\/uploads\/sites\/2\/2026\/01\/Plakat-594x841mm_Rom-for-alle_Lulsamisk_TRYKK.pdf\" class=\"wp-block-file__button wp-element-button\" download aria-describedby=\"wp-block-file--media-48dacf26-dc70-47bb-b5ce-8c13d3f8c5a0\">Last ned<\/a><\/div>\n<\/div>\n<\/div>\n\n\n\n<h2 class=\"wp-block-heading\" id=\"h-nordsamisk\">Nordsamisk<\/h2>\n\n\n\n<div class=\"wp-block-columns is-layout-flex wp-container-core-columns-is-layout-9d6595d7 wp-block-columns-is-layout-flex\">\n<div class=\"wp-block-column is-layout-flow wp-block-column-is-layout-flow\" style=\"flex-basis:50%\">\n<div data-wp-interactive=\"core\/file\" class=\"wp-block-file\"><object data-wp-bind--hidden=\"!state.hasPdfPreview\" hidden class=\"wp-block-file__embed\" data=\"https:\/\/foreldreutvalgene.no\/fub\/wp-content\/uploads\/sites\/2\/2026\/01\/Plakat-594x841mm_Rom-for-alle_Nordsamisk_TRYKK_med_skrivefelt.pdf\" type=\"application\/pdf\" style=\"width:100%;height:600px\" aria-label=\"Innbygging av Plakat Barnehagedagen nordsamisk TRYKK med skrivefelt\"><\/object><a id=\"wp-block-file--media-3fc7074b-8b51-422d-a80c-b44882c312ff\" href=\"https:\/\/foreldreutvalgene.no\/fub\/wp-content\/uploads\/sites\/2\/2026\/01\/Plakat-594x841mm_Rom-for-alle_Nordsamisk_TRYKK_med_skrivefelt.pdf\">Plakat Barnehagedagen nordsamisk TRYKK med skrivefelt<\/a><a href=\"https:\/\/foreldreutvalgene.no\/fub\/wp-content\/uploads\/sites\/2\/2026\/01\/Plakat-594x841mm_Rom-for-alle_Nordsamisk_TRYKK_med_skrivefelt.pdf\" class=\"wp-block-file__button wp-element-button\" download aria-describedby=\"wp-block-file--media-3fc7074b-8b51-422d-a80c-b44882c312ff\">Last ned<\/a><\/div>\n<\/div>\n\n\n\n<div class=\"wp-block-column is-layout-flow wp-block-column-is-layout-flow\" style=\"flex-basis:50%\">\n<div data-wp-interactive=\"core\/file\" class=\"wp-block-file\"><object data-wp-bind--hidden=\"!state.hasPdfPreview\" hidden class=\"wp-block-file__embed\" data=\"https:\/\/foreldreutvalgene.no\/fub\/wp-content\/uploads\/sites\/2\/2026\/01\/Plakat-594x841mm_Rom-for-alle_Nordsamisk_TRYKK.pdf\" type=\"application\/pdf\" style=\"width:100%;height:600px\" aria-label=\"Innbygging av Plakat 594x841mm_Rom for alle_Nordsamisk_TRYKK\"><\/object><a id=\"wp-block-file--media-135a0f65-2db0-4f7e-9f09-08de1be84349\" href=\"https:\/\/foreldreutvalgene.no\/fub\/wp-content\/uploads\/sites\/2\/2026\/01\/Plakat-594x841mm_Rom-for-alle_Nordsamisk_TRYKK.pdf\">Plakat 594x841mm_Rom for alle_Nordsamisk_TRYKK<\/a><a href=\"https:\/\/foreldreutvalgene.no\/fub\/wp-content\/uploads\/sites\/2\/2026\/01\/Plakat-594x841mm_Rom-for-alle_Nordsamisk_TRYKK.pdf\" class=\"wp-block-file__button wp-element-button\" download aria-describedby=\"wp-block-file--media-135a0f65-2db0-4f7e-9f09-08de1be84349\">Last ned<\/a><\/div>\n<\/div>\n<\/div>\n\n\n\n<h2 class=\"wp-block-heading\" id=\"h-sorsamisk\">S\u00f8rsamisk<\/h2>\n\n\n\n<div class=\"wp-block-columns is-layout-flex wp-container-core-columns-is-layout-9d6595d7 wp-block-columns-is-layout-flex\">\n<div class=\"wp-block-column is-layout-flow wp-block-column-is-layout-flow\" style=\"flex-basis:50%\">\n<div data-wp-interactive=\"core\/file\" class=\"wp-block-file\"><object data-wp-bind--hidden=\"!state.hasPdfPreview\" hidden class=\"wp-block-file__embed\" data=\"https:\/\/foreldreutvalgene.no\/fub\/wp-content\/uploads\/sites\/2\/2026\/01\/Plakat-594x841mm_Rom-for-alle_S\u251c\u00a9rsamisk_TRYKK_med_skrivefelt.pdf\" type=\"application\/pdf\" style=\"width:100%;height:600px\" aria-label=\"Innbygging av Plakat Barnehagedagen s\u00f8rsamisk TRYKK med skrivefelt\"><\/object><a id=\"wp-block-file--media-eaa0c629-6a88-4d86-b628-f76817816cb1\" href=\"https:\/\/foreldreutvalgene.no\/fub\/wp-content\/uploads\/sites\/2\/2026\/01\/Plakat-594x841mm_Rom-for-alle_S\u251c\u00a9rsamisk_TRYKK_med_skrivefelt.pdf\">Plakat Barnehagedagen s\u00f8rsamisk TRYKK med skrivefelt<\/a><a href=\"https:\/\/foreldreutvalgene.no\/fub\/wp-content\/uploads\/sites\/2\/2026\/01\/Plakat-594x841mm_Rom-for-alle_S\u251c\u00a9rsamisk_TRYKK_med_skrivefelt.pdf\" class=\"wp-block-file__button wp-element-button\" download aria-describedby=\"wp-block-file--media-eaa0c629-6a88-4d86-b628-f76817816cb1\">Last ned<\/a><\/div>\n<\/div>\n\n\n\n<div class=\"wp-block-column is-layout-flow wp-block-column-is-layout-flow\" style=\"flex-basis:50%\">\n<div data-wp-interactive=\"core\/file\" class=\"wp-block-file\"><object data-wp-bind--hidden=\"!state.hasPdfPreview\" hidden class=\"wp-block-file__embed\" data=\"https:\/\/foreldreutvalgene.no\/fub\/wp-content\/uploads\/sites\/2\/2026\/01\/Plakat-594x841mm_Rom-for-alle_S\u251c\u00a9rsamisk_TRYKK.pdf\" type=\"application\/pdf\" style=\"width:100%;height:600px\" aria-label=\"Innbygging av Plakat Barnehagedagen s\u00f8rsamisk_TRYKK\"><\/object><a id=\"wp-block-file--media-1f6bc2e0-4345-40c0-8fe8-003e6a313be9\" href=\"https:\/\/foreldreutvalgene.no\/fub\/wp-content\/uploads\/sites\/2\/2026\/01\/Plakat-594x841mm_Rom-for-alle_S\u251c\u00a9rsamisk_TRYKK.pdf\">Plakat Barnehagedagen s\u00f8rsamisk_TRYKK<\/a><a href=\"https:\/\/foreldreutvalgene.no\/fub\/wp-content\/uploads\/sites\/2\/2026\/01\/Plakat-594x841mm_Rom-for-alle_S\u251c\u00a9rsamisk_TRYKK.pdf\" class=\"wp-block-file__button wp-element-button\" download aria-describedby=\"wp-block-file--media-1f6bc2e0-4345-40c0-8fe8-003e6a313be9\">Last ned<\/a><\/div>\n<\/div>\n<\/div>\n\n\n\n<h2 class=\"wp-block-heading\" id=\"h-kvensk\">Kvensk<\/h2>\n\n\n\n<div class=\"wp-block-columns is-layout-flex wp-container-core-columns-is-layout-9d6595d7 wp-block-columns-is-layout-flex\">\n<div class=\"wp-block-column is-layout-flow wp-block-column-is-layout-flow\" style=\"flex-basis:50%\">\n<div data-wp-interactive=\"core\/file\" class=\"wp-block-file\"><object data-wp-bind--hidden=\"!state.hasPdfPreview\" hidden class=\"wp-block-file__embed\" data=\"https:\/\/foreldreutvalgene.no\/fub\/wp-content\/uploads\/sites\/2\/2026\/01\/Plakat-594x841mm_Rom-for-alle_Kvensk_TRYKK_med_skrivefelt.pdf\" type=\"application\/pdf\" style=\"width:100%;height:600px\" aria-label=\"Innbygging av Plakat Barnehagedagen kvensk TRYKK med skrivefelt\"><\/object><a id=\"wp-block-file--media-e562d763-ffdd-4587-a72e-4e50978174a5\" href=\"https:\/\/foreldreutvalgene.no\/fub\/wp-content\/uploads\/sites\/2\/2026\/01\/Plakat-594x841mm_Rom-for-alle_Kvensk_TRYKK_med_skrivefelt.pdf\">Plakat Barnehagedagen kvensk TRYKK med skrivefelt<\/a><a href=\"https:\/\/foreldreutvalgene.no\/fub\/wp-content\/uploads\/sites\/2\/2026\/01\/Plakat-594x841mm_Rom-for-alle_Kvensk_TRYKK_med_skrivefelt.pdf\" class=\"wp-block-file__button wp-element-button\" download aria-describedby=\"wp-block-file--media-e562d763-ffdd-4587-a72e-4e50978174a5\">Last ned<\/a><\/div>\n<\/div>\n\n\n\n<div class=\"wp-block-column is-layout-flow wp-block-column-is-layout-flow\" style=\"flex-basis:50%\">\n<div data-wp-interactive=\"core\/file\" class=\"wp-block-file\"><object data-wp-bind--hidden=\"!state.hasPdfPreview\" hidden class=\"wp-block-file__embed\" data=\"https:\/\/foreldreutvalgene.no\/fub\/wp-content\/uploads\/sites\/2\/2026\/01\/Plakat-594x841mm_Rom-for-alle_Kvensk_TRYKK.pdf\" type=\"application\/pdf\" style=\"width:100%;height:600px\" aria-label=\"Innbygging av Plakat Barnehagedagen kvensk TRYKK\"><\/object><a id=\"wp-block-file--media-7b61199c-3281-466a-94a6-7e49b4af8b8d\" href=\"https:\/\/foreldreutvalgene.no\/fub\/wp-content\/uploads\/sites\/2\/2026\/01\/Plakat-594x841mm_Rom-for-alle_Kvensk_TRYKK.pdf\">Plakat Barnehagedagen kvensk TRYKK<\/a><a href=\"https:\/\/foreldreutvalgene.no\/fub\/wp-content\/uploads\/sites\/2\/2026\/01\/Plakat-594x841mm_Rom-for-alle_Kvensk_TRYKK.pdf\" class=\"wp-block-file__button wp-element-button\" download aria-describedby=\"wp-block-file--media-7b61199c-3281-466a-94a6-7e49b4af8b8d\">Last ned<\/a><\/div>\n<\/div>\n<\/div>\n\n\n\n<h2 class=\"wp-block-heading\" id=\"h-t-skjorte-med-logo\">T-skjorte med logo<\/h2>\n\n\n\n<p>Under finn du fila for \u00e5 trykke \u00e5rets logo p\u00e5 t-skjorte. Fila er i Adobe Illustrator. <\/p>\n\n\n\n<p><strong>Ved \u00f8nske om bestilling av t-skjorter til barnehagedagen kan ein ta kontakt med Line Engstr\u00f8m hos ID\u00c9 House of Brands.<\/strong><\/p>\n\n\n\n<p>Ho kan kontaktast p\u00e5 e-post Line.Engstrom@idegroup.no<\/p>\n\n\n","protected":false},"excerpt":{"rendered":"<p>Barnehagedagen 2026 n\u00e6rmar seg. Her lastar du ned plakaten p\u00e5 ditt spr\u00e5k. Ho finst som vanleg p\u00e5 nynorsk, kvensk, lulesamisk, nordsamisk og s\u00f8rsamisk. Tysdag 10. mars blir Barnehagedagen 2026 markert i barnehagar over heile Noreg. I tr\u00e5d med tradisjonen lanserer vi plakatane p\u00e5 ditt spr\u00e5k. \u00c5rets barnehagedag har f\u00e5tt inkludering og fellesskap som tema, og [&hellip;]<\/p>\n","protected":false},"author":7,"featured_media":8719,"comment_status":"closed","ping_status":"closed","sticky":false,"template":"page-theme.php","format":"standard","meta":{"_acf_changed":false,"footnotes":""},"categories":[45],"tags":[],"class_list":["post-8703","post","type-post","status-publish","format-standard","has-post-thumbnail","hentry","category-barnehagedagen"],"acf":[],"yoast_head":"<!-- This site is optimized with the Yoast SEO Premium plugin v27.4 (Yoast SEO v27.4) - https:\/\/yoast.com\/product\/yoast-seo-premium-wordpress\/ -->\n<title>Plakater til Barnehagedagen 2026 - Foreldreutvalget for barnehager<\/title>\n<meta name=\"description\" content=\"Her kan du laste ned plakaten for Barnehagedagen 2026. Plakaten finnes p\u00e5 norsk, nynorsk, kvensk. lulesamisk, nordsamisk og s\u00f8rsamisk.\" \/>\n<meta name=\"robots\" content=\"index, follow, max-snippet:-1, max-image-preview:large, max-video-preview:-1\" \/>\n<link rel=\"canonical\" href=\"https:\/\/foreldreutvalgene.no\/fub\/plakater-til-barnehagedagen-2026\/\" \/>\n<meta property=\"og:locale\" content=\"nb_NO\" \/>\n<meta property=\"og:type\" content=\"article\" \/>\n<meta property=\"og:title\" content=\"Plakater til Barnehagedagen 2026\" \/>\n<meta property=\"og:description\" content=\"Her kan du laste ned plakaten for Barnehagedagen 2026. Plakaten finnes p\u00e5 norsk, nynorsk, kvensk. lulesamisk, nordsamisk og s\u00f8rsamisk.\" \/>\n<meta property=\"og:url\" content=\"https:\/\/foreldreutvalgene.no\/fub\/plakater-til-barnehagedagen-2026\/\" \/>\n<meta property=\"og:site_name\" content=\"Foreldreutvalget for barnehager\" \/>\n<meta property=\"article:published_time\" content=\"2026-01-27T13:17:41+00:00\" \/>\n<meta property=\"article:modified_time\" content=\"2026-02-13T14:05:19+00:00\" \/>\n<meta property=\"og:image\" content=\"https:\/\/foreldreutvalgene.no\/fub\/wp-content\/uploads\/sites\/2\/2026\/01\/Barnehagedagen-2026-plakatpotp.png\" \/>\n\t<meta property=\"og:image:width\" content=\"1890\" \/>\n\t<meta property=\"og:image:height\" content=\"1417\" \/>\n\t<meta property=\"og:image:type\" content=\"image\/png\" \/>\n<meta name=\"author\" content=\"bjornar\" \/>\n<meta name=\"twitter:card\" content=\"summary_large_image\" \/>\n<meta name=\"twitter:label1\" content=\"Skrevet av\" \/>\n\t<meta name=\"twitter:data1\" content=\"bjornar\" \/>\n\t<meta name=\"twitter:label2\" content=\"Ansl. lesetid\" \/>\n\t<meta name=\"twitter:data2\" content=\"2 minutter\" \/>\n<script type=\"application\/ld+json\" class=\"yoast-schema-graph\">{\"@context\":\"https:\\\/\\\/schema.org\",\"@graph\":[{\"@type\":\"Article\",\"@id\":\"https:\\\/\\\/foreldreutvalgene.no\\\/fub\\\/plakater-til-barnehagedagen-2026\\\/#article\",\"isPartOf\":{\"@id\":\"https:\\\/\\\/foreldreutvalgene.no\\\/fub\\\/plakater-til-barnehagedagen-2026\\\/\"},\"author\":{\"name\":\"bjornar\",\"@id\":\"https:\\\/\\\/foreldreutvalgene.no\\\/fub\\\/#\\\/schema\\\/person\\\/4074f8e84b174980cd2d4c2ec88dccef\"},\"headline\":\"Plakater til Barnehagedagen 2026\",\"datePublished\":\"2026-01-27T13:17:41+00:00\",\"dateModified\":\"2026-02-13T14:05:19+00:00\",\"mainEntityOfPage\":{\"@id\":\"https:\\\/\\\/foreldreutvalgene.no\\\/fub\\\/plakater-til-barnehagedagen-2026\\\/\"},\"wordCount\":299,\"publisher\":{\"@id\":\"https:\\\/\\\/foreldreutvalgene.no\\\/fub\\\/#organization\"},\"image\":{\"@id\":\"https:\\\/\\\/foreldreutvalgene.no\\\/fub\\\/plakater-til-barnehagedagen-2026\\\/#primaryimage\"},\"thumbnailUrl\":\"https:\\\/\\\/foreldreutvalgene.no\\\/fub\\\/wp-content\\\/uploads\\\/sites\\\/2\\\/2026\\\/01\\\/Barnehagedagen-2026-plakatpotp.png\",\"articleSection\":[\"Barnehagedagen\"],\"inLanguage\":\"nb-NO\"},{\"@type\":\"WebPage\",\"@id\":\"https:\\\/\\\/foreldreutvalgene.no\\\/fub\\\/plakater-til-barnehagedagen-2026\\\/\",\"url\":\"https:\\\/\\\/foreldreutvalgene.no\\\/fub\\\/plakater-til-barnehagedagen-2026\\\/\",\"name\":\"Plakater til Barnehagedagen 2026 - Foreldreutvalget for barnehager\",\"isPartOf\":{\"@id\":\"https:\\\/\\\/foreldreutvalgene.no\\\/fub\\\/#website\"},\"primaryImageOfPage\":{\"@id\":\"https:\\\/\\\/foreldreutvalgene.no\\\/fub\\\/plakater-til-barnehagedagen-2026\\\/#primaryimage\"},\"image\":{\"@id\":\"https:\\\/\\\/foreldreutvalgene.no\\\/fub\\\/plakater-til-barnehagedagen-2026\\\/#primaryimage\"},\"thumbnailUrl\":\"https:\\\/\\\/foreldreutvalgene.no\\\/fub\\\/wp-content\\\/uploads\\\/sites\\\/2\\\/2026\\\/01\\\/Barnehagedagen-2026-plakatpotp.png\",\"datePublished\":\"2026-01-27T13:17:41+00:00\",\"dateModified\":\"2026-02-13T14:05:19+00:00\",\"description\":\"Her kan du laste ned plakaten for Barnehagedagen 2026. Plakaten finnes p\u00e5 norsk, nynorsk, kvensk. lulesamisk, nordsamisk og s\u00f8rsamisk.\",\"breadcrumb\":{\"@id\":\"https:\\\/\\\/foreldreutvalgene.no\\\/fub\\\/plakater-til-barnehagedagen-2026\\\/#breadcrumb\"},\"inLanguage\":\"nb-NO\",\"potentialAction\":[{\"@type\":\"ReadAction\",\"target\":[\"https:\\\/\\\/foreldreutvalgene.no\\\/fub\\\/plakater-til-barnehagedagen-2026\\\/\"]}]},{\"@type\":\"ImageObject\",\"inLanguage\":\"nb-NO\",\"@id\":\"https:\\\/\\\/foreldreutvalgene.no\\\/fub\\\/plakater-til-barnehagedagen-2026\\\/#primaryimage\",\"url\":\"https:\\\/\\\/foreldreutvalgene.no\\\/fub\\\/wp-content\\\/uploads\\\/sites\\\/2\\\/2026\\\/01\\\/Barnehagedagen-2026-plakatpotp.png\",\"contentUrl\":\"https:\\\/\\\/foreldreutvalgene.no\\\/fub\\\/wp-content\\\/uploads\\\/sites\\\/2\\\/2026\\\/01\\\/Barnehagedagen-2026-plakatpotp.png\",\"width\":1890,\"height\":1417,\"caption\":\"P\u00e5 biletet ser du nokre av plakatene til Barnehagedagen 2026.\"},{\"@type\":\"BreadcrumbList\",\"@id\":\"https:\\\/\\\/foreldreutvalgene.no\\\/fub\\\/plakater-til-barnehagedagen-2026\\\/#breadcrumb\",\"itemListElement\":[{\"@type\":\"ListItem\",\"position\":1,\"name\":\"Home\",\"item\":\"https:\\\/\\\/foreldreutvalgene.no\\\/fub\\\/\"},{\"@type\":\"ListItem\",\"position\":2,\"name\":\"Plakater til Barnehagedagen 2026\"}]},{\"@type\":\"WebSite\",\"@id\":\"https:\\\/\\\/foreldreutvalgene.no\\\/fub\\\/#website\",\"url\":\"https:\\\/\\\/foreldreutvalgene.no\\\/fub\\\/\",\"name\":\"Foreldreutvalget for barnehager\",\"description\":\"\",\"publisher\":{\"@id\":\"https:\\\/\\\/foreldreutvalgene.no\\\/fub\\\/#organization\"},\"potentialAction\":[{\"@type\":\"SearchAction\",\"target\":{\"@type\":\"EntryPoint\",\"urlTemplate\":\"https:\\\/\\\/foreldreutvalgene.no\\\/fub\\\/?s={search_term_string}\"},\"query-input\":{\"@type\":\"PropertyValueSpecification\",\"valueRequired\":true,\"valueName\":\"search_term_string\"}}],\"inLanguage\":\"nb-NO\"},{\"@type\":\"Organization\",\"@id\":\"https:\\\/\\\/foreldreutvalgene.no\\\/fub\\\/#organization\",\"name\":\"Foreldreutvalget for barnehager\",\"url\":\"https:\\\/\\\/foreldreutvalgene.no\\\/fub\\\/\",\"logo\":{\"@type\":\"ImageObject\",\"inLanguage\":\"nb-NO\",\"@id\":\"https:\\\/\\\/foreldreutvalgene.no\\\/fub\\\/#\\\/schema\\\/logo\\\/image\\\/\",\"url\":\"https:\\\/\\\/foreldreutvalgene.no\\\/fub\\\/wp-content\\\/uploads\\\/sites\\\/2\\\/2021\\\/08\\\/fublogo-footer.svg\",\"contentUrl\":\"https:\\\/\\\/foreldreutvalgene.no\\\/fub\\\/wp-content\\\/uploads\\\/sites\\\/2\\\/2021\\\/08\\\/fublogo-footer.svg\",\"width\":507,\"height\":149,\"caption\":\"Foreldreutvalget for barnehager\"},\"image\":{\"@id\":\"https:\\\/\\\/foreldreutvalgene.no\\\/fub\\\/#\\\/schema\\\/logo\\\/image\\\/\"}},{\"@type\":\"Person\",\"@id\":\"https:\\\/\\\/foreldreutvalgene.no\\\/fub\\\/#\\\/schema\\\/person\\\/4074f8e84b174980cd2d4c2ec88dccef\",\"name\":\"bjornar\",\"image\":{\"@type\":\"ImageObject\",\"inLanguage\":\"nb-NO\",\"@id\":\"https:\\\/\\\/secure.gravatar.com\\\/avatar\\\/5cafd5e235f3e1bbf1c12509a1e2c8d0c45b72ded70691f3113dc1c8fb45ee92?s=96&d=mm&r=g\",\"url\":\"https:\\\/\\\/secure.gravatar.com\\\/avatar\\\/5cafd5e235f3e1bbf1c12509a1e2c8d0c45b72ded70691f3113dc1c8fb45ee92?s=96&d=mm&r=g\",\"contentUrl\":\"https:\\\/\\\/secure.gravatar.com\\\/avatar\\\/5cafd5e235f3e1bbf1c12509a1e2c8d0c45b72ded70691f3113dc1c8fb45ee92?s=96&d=mm&r=g\",\"caption\":\"bjornar\"},\"url\":\"https:\\\/\\\/foreldreutvalgene.no\\\/fub\\\/author\\\/bjornar\\\/\"}]}<\/script>\n<!-- \/ Yoast SEO Premium plugin. -->","yoast_head_json":{"title":"Plakater til Barnehagedagen 2026 - Foreldreutvalget for barnehager","description":"Her kan du laste ned plakaten for Barnehagedagen 2026. Plakaten finnes p\u00e5 norsk, nynorsk, kvensk. lulesamisk, nordsamisk og s\u00f8rsamisk.","robots":{"index":"index","follow":"follow","max-snippet":"max-snippet:-1","max-image-preview":"max-image-preview:large","max-video-preview":"max-video-preview:-1"},"canonical":"https:\/\/foreldreutvalgene.no\/fub\/plakater-til-barnehagedagen-2026\/","og_locale":"nb_NO","og_type":"article","og_title":"Plakater til Barnehagedagen 2026","og_description":"Her kan du laste ned plakaten for Barnehagedagen 2026. Plakaten finnes p\u00e5 norsk, nynorsk, kvensk. lulesamisk, nordsamisk og s\u00f8rsamisk.","og_url":"https:\/\/foreldreutvalgene.no\/fub\/plakater-til-barnehagedagen-2026\/","og_site_name":"Foreldreutvalget for barnehager","article_published_time":"2026-01-27T13:17:41+00:00","article_modified_time":"2026-02-13T14:05:19+00:00","og_image":[{"width":1890,"height":1417,"url":"https:\/\/foreldreutvalgene.no\/fub\/wp-content\/uploads\/sites\/2\/2026\/01\/Barnehagedagen-2026-plakatpotp.png","type":"image\/png"}],"author":"bjornar","twitter_card":"summary_large_image","twitter_misc":{"Skrevet av":"bjornar","Ansl. lesetid":"2 minutter"},"schema":{"@context":"https:\/\/schema.org","@graph":[{"@type":"Article","@id":"https:\/\/foreldreutvalgene.no\/fub\/plakater-til-barnehagedagen-2026\/#article","isPartOf":{"@id":"https:\/\/foreldreutvalgene.no\/fub\/plakater-til-barnehagedagen-2026\/"},"author":{"name":"bjornar","@id":"https:\/\/foreldreutvalgene.no\/fub\/#\/schema\/person\/4074f8e84b174980cd2d4c2ec88dccef"},"headline":"Plakater til Barnehagedagen 2026","datePublished":"2026-01-27T13:17:41+00:00","dateModified":"2026-02-13T14:05:19+00:00","mainEntityOfPage":{"@id":"https:\/\/foreldreutvalgene.no\/fub\/plakater-til-barnehagedagen-2026\/"},"wordCount":299,"publisher":{"@id":"https:\/\/foreldreutvalgene.no\/fub\/#organization"},"image":{"@id":"https:\/\/foreldreutvalgene.no\/fub\/plakater-til-barnehagedagen-2026\/#primaryimage"},"thumbnailUrl":"https:\/\/foreldreutvalgene.no\/fub\/wp-content\/uploads\/sites\/2\/2026\/01\/Barnehagedagen-2026-plakatpotp.png","articleSection":["Barnehagedagen"],"inLanguage":"nb-NO"},{"@type":"WebPage","@id":"https:\/\/foreldreutvalgene.no\/fub\/plakater-til-barnehagedagen-2026\/","url":"https:\/\/foreldreutvalgene.no\/fub\/plakater-til-barnehagedagen-2026\/","name":"Plakater til Barnehagedagen 2026 - Foreldreutvalget for barnehager","isPartOf":{"@id":"https:\/\/foreldreutvalgene.no\/fub\/#website"},"primaryImageOfPage":{"@id":"https:\/\/foreldreutvalgene.no\/fub\/plakater-til-barnehagedagen-2026\/#primaryimage"},"image":{"@id":"https:\/\/foreldreutvalgene.no\/fub\/plakater-til-barnehagedagen-2026\/#primaryimage"},"thumbnailUrl":"https:\/\/foreldreutvalgene.no\/fub\/wp-content\/uploads\/sites\/2\/2026\/01\/Barnehagedagen-2026-plakatpotp.png","datePublished":"2026-01-27T13:17:41+00:00","dateModified":"2026-02-13T14:05:19+00:00","description":"Her kan du laste ned plakaten for Barnehagedagen 2026. Plakaten finnes p\u00e5 norsk, nynorsk, kvensk. lulesamisk, nordsamisk og s\u00f8rsamisk.","breadcrumb":{"@id":"https:\/\/foreldreutvalgene.no\/fub\/plakater-til-barnehagedagen-2026\/#breadcrumb"},"inLanguage":"nb-NO","potentialAction":[{"@type":"ReadAction","target":["https:\/\/foreldreutvalgene.no\/fub\/plakater-til-barnehagedagen-2026\/"]}]},{"@type":"ImageObject","inLanguage":"nb-NO","@id":"https:\/\/foreldreutvalgene.no\/fub\/plakater-til-barnehagedagen-2026\/#primaryimage","url":"https:\/\/foreldreutvalgene.no\/fub\/wp-content\/uploads\/sites\/2\/2026\/01\/Barnehagedagen-2026-plakatpotp.png","contentUrl":"https:\/\/foreldreutvalgene.no\/fub\/wp-content\/uploads\/sites\/2\/2026\/01\/Barnehagedagen-2026-plakatpotp.png","width":1890,"height":1417,"caption":"P\u00e5 biletet ser du nokre av plakatene til Barnehagedagen 2026."},{"@type":"BreadcrumbList","@id":"https:\/\/foreldreutvalgene.no\/fub\/plakater-til-barnehagedagen-2026\/#breadcrumb","itemListElement":[{"@type":"ListItem","position":1,"name":"Home","item":"https:\/\/foreldreutvalgene.no\/fub\/"},{"@type":"ListItem","position":2,"name":"Plakater til Barnehagedagen 2026"}]},{"@type":"WebSite","@id":"https:\/\/foreldreutvalgene.no\/fub\/#website","url":"https:\/\/foreldreutvalgene.no\/fub\/","name":"Foreldreutvalget for barnehager","description":"","publisher":{"@id":"https:\/\/foreldreutvalgene.no\/fub\/#organization"},"potentialAction":[{"@type":"SearchAction","target":{"@type":"EntryPoint","urlTemplate":"https:\/\/foreldreutvalgene.no\/fub\/?s={search_term_string}"},"query-input":{"@type":"PropertyValueSpecification","valueRequired":true,"valueName":"search_term_string"}}],"inLanguage":"nb-NO"},{"@type":"Organization","@id":"https:\/\/foreldreutvalgene.no\/fub\/#organization","name":"Foreldreutvalget for barnehager","url":"https:\/\/foreldreutvalgene.no\/fub\/","logo":{"@type":"ImageObject","inLanguage":"nb-NO","@id":"https:\/\/foreldreutvalgene.no\/fub\/#\/schema\/logo\/image\/","url":"https:\/\/foreldreutvalgene.no\/fub\/wp-content\/uploads\/sites\/2\/2021\/08\/fublogo-footer.svg","contentUrl":"https:\/\/foreldreutvalgene.no\/fub\/wp-content\/uploads\/sites\/2\/2021\/08\/fublogo-footer.svg","width":507,"height":149,"caption":"Foreldreutvalget for barnehager"},"image":{"@id":"https:\/\/foreldreutvalgene.no\/fub\/#\/schema\/logo\/image\/"}},{"@type":"Person","@id":"https:\/\/foreldreutvalgene.no\/fub\/#\/schema\/person\/4074f8e84b174980cd2d4c2ec88dccef","name":"bjornar","image":{"@type":"ImageObject","inLanguage":"nb-NO","@id":"https:\/\/secure.gravatar.com\/avatar\/5cafd5e235f3e1bbf1c12509a1e2c8d0c45b72ded70691f3113dc1c8fb45ee92?s=96&d=mm&r=g","url":"https:\/\/secure.gravatar.com\/avatar\/5cafd5e235f3e1bbf1c12509a1e2c8d0c45b72ded70691f3113dc1c8fb45ee92?s=96&d=mm&r=g","contentUrl":"https:\/\/secure.gravatar.com\/avatar\/5cafd5e235f3e1bbf1c12509a1e2c8d0c45b72ded70691f3113dc1c8fb45ee92?s=96&d=mm&r=g","caption":"bjornar"},"url":"https:\/\/foreldreutvalgene.no\/fub\/author\/bjornar\/"}]}},"_links":{"self":[{"href":"https:\/\/foreldreutvalgene.no\/fub\/wp-json\/wp\/v2\/posts\/8703","targetHints":{"allow":["GET"]}}],"collection":[{"href":"https:\/\/foreldreutvalgene.no\/fub\/wp-json\/wp\/v2\/posts"}],"about":[{"href":"https:\/\/foreldreutvalgene.no\/fub\/wp-json\/wp\/v2\/types\/post"}],"author":[{"embeddable":true,"href":"https:\/\/foreldreutvalgene.no\/fub\/wp-json\/wp\/v2\/users\/7"}],"replies":[{"embeddable":true,"href":"https:\/\/foreldreutvalgene.no\/fub\/wp-json\/wp\/v2\/comments?post=8703"}],"version-history":[{"count":8,"href":"https:\/\/foreldreutvalgene.no\/fub\/wp-json\/wp\/v2\/posts\/8703\/revisions"}],"predecessor-version":[{"id":8796,"href":"https:\/\/foreldreutvalgene.no\/fub\/wp-json\/wp\/v2\/posts\/8703\/revisions\/8796"}],"wp:featuredmedia":[{"embeddable":true,"href":"https:\/\/foreldreutvalgene.no\/fub\/wp-json\/wp\/v2\/media\/8719"}],"wp:attachment":[{"href":"https:\/\/foreldreutvalgene.no\/fub\/wp-json\/wp\/v2\/media?parent=8703"}],"wp:term":[{"taxonomy":"category","embeddable":true,"href":"https:\/\/foreldreutvalgene.no\/fub\/wp-json\/wp\/v2\/categories?post=8703"},{"taxonomy":"post_tag","embeddable":true,"href":"https:\/\/foreldreutvalgene.no\/fub\/wp-json\/wp\/v2\/tags?post=8703"}],"curies":[{"name":"wp","href":"https:\/\/api.w.org\/{rel}","templated":true}]}}