{"id":8154,"date":"2025-08-26T13:50:47","date_gmt":"2025-08-26T11:50:47","guid":{"rendered":"https:\/\/foreldreutvalgene.no\/fub\/?p=8154"},"modified":"2025-10-03T14:58:38","modified_gmt":"2025-10-03T12:58:38","slug":"slik-legger-du-til-rette-for-moteplasser-i-barnehagen","status":"publish","type":"post","link":"https:\/\/foreldreutvalgene.no\/fub\/slik-legger-du-til-rette-for-moteplasser-i-barnehagen\/","title":{"rendered":"Slik legger du til rette for m\u00f8teplasser i barnehagen"},"content":{"rendered":"\n<figure class=\"wp-block-image size-large\"><img loading=\"lazy\" decoding=\"async\" width=\"1024\" height=\"585\" src=\"https:\/\/foreldreutvalgene.no\/fub\/wp-content\/uploads\/sites\/2\/2025\/08\/Moteplasser-1024x585.jpg\" alt=\"M\u00f8teplasser i barnehagen\" class=\"wp-image-8480\" srcset=\"https:\/\/foreldreutvalgene.no\/fub\/wp-content\/uploads\/sites\/2\/2025\/08\/Moteplasser-1024x585.jpg 1024w, https:\/\/foreldreutvalgene.no\/fub\/wp-content\/uploads\/sites\/2\/2025\/08\/Moteplasser-300x172.jpg 300w, https:\/\/foreldreutvalgene.no\/fub\/wp-content\/uploads\/sites\/2\/2025\/08\/Moteplasser-768x439.jpg 768w, https:\/\/foreldreutvalgene.no\/fub\/wp-content\/uploads\/sites\/2\/2025\/08\/Moteplasser-620x354.jpg 620w, https:\/\/foreldreutvalgene.no\/fub\/wp-content\/uploads\/sites\/2\/2025\/08\/Moteplasser-120x69.jpg 120w, https:\/\/foreldreutvalgene.no\/fub\/wp-content\/uploads\/sites\/2\/2025\/08\/Moteplasser-320x183.jpg 320w, https:\/\/foreldreutvalgene.no\/fub\/wp-content\/uploads\/sites\/2\/2025\/08\/Moteplasser.jpg 1193w\" sizes=\"auto, (max-width: 1024px) 100vw, 1024px\" \/><figcaption class=\"wp-element-caption\"><em>Bildet viser foreldre og en ansatt som treffes p\u00e5 den ukentlige m\u00f8teplassen til Slime g\u00e5rd barnehage.<\/em><\/figcaption><\/figure>\n\n\n\n<p class=\"has-large-font-size\"><strong>M\u00f8teplasser fremmer inkludering og forebygger mobbing. I denne artikkelen f\u00e5r du eksempler p\u00e5 hvordan din barnehage enkelt kan legge til rette for gode m\u00f8teplasser.<\/strong><\/p>\n\n\n\n<p>Kan barnehager bli enda flinkere p\u00e5 utnytte potensialet som ligger i at foreldre og barn fra ulike bakgrunner m\u00f8tes i barnehagen i b\u00e5de formelle og uformelle settinger? Ved \u00e5 legge til rette for m\u00f8teplasser for barn og foreldre har noen barnehager lykkes med \u00e5 gj\u00f8re barnehagen om til en arena for inkludering. Se filmen fra Slime g\u00e5rd barnehage her:<\/p>\n\n\n\n<figure class=\"wp-block-embed is-type-video is-provider-youtube wp-block-embed-youtube wp-embed-aspect-16-9 wp-has-aspect-ratio\"><div class=\"wp-block-embed__wrapper\">\n<div class=\"video-container\"><iframe loading=\"lazy\" title=\"Verdien av gode m\u00f8teplasser i barnehagen\" width=\"680\" height=\"383\" src=\"https:\/\/www.youtube.com\/embed\/KyYr2rmZwBI?feature=oembed\" frameborder=\"0\" allow=\"accelerometer; autoplay; clipboard-write; encrypted-media; gyroscope; picture-in-picture; web-share\" referrerpolicy=\"strict-origin-when-cross-origin\" allowfullscreen><\/iframe><\/div>\n<\/div><\/figure>\n\n\n\n<h2 class=\"wp-block-heading\" id=\"h-hvorfor-moteplasser\">Hvorfor m\u00f8teplasser? <\/h2>\n\n\n\n<p>Barnehager som inkluderer og bygger gode fellesskap, spiller en viktig rolle i helsefremmende arbeid og i \u00e5 redusere sosiale helseforskjeller. Sjansene for \u00e5 ha et godt sosialt nettverk er ulikt fordelt mellom oss.\u200b Det er sterke sammenhenger mellom levek\u00e5r, sosiale nettverk og livskvalitet.<\/p>\n\n\n\n<p>Det sosiale immunforsvaret v\u00e5rt betyr mye. Gode relasjoner p\u00e5virker helse, trivsel, l\u00e6ring og familieliv positivt, b\u00e5de for store og sm\u00e5. Relasjoner mellom foreldrene er ogs\u00e5 forebyggende mot mobbing blant barna. N\u00e5r barna ser at foreldrene kjenner hverandre og snakker sammen, p\u00e5virker det deres oppf\u00f8rsel og valg. Det blir vanskeligere for barna \u00e5 mobbe og ekskludere n\u00e5r foreldrene inkluderer og omg\u00e5s hverandre.<\/p>\n\n\n\n<h2 class=\"wp-block-heading\" id=\"h-slik-skaper-du-en-moteplass-i-din-barnehage\">Slik skaper du en m\u00f8teplass i din barnehage<\/h2>\n\n\n\n<p>Nedover i artikkelen skal vi gi dere eksempler p\u00e5 hvordan man kan skape gode m\u00f8teplasser. \u00c5 legge til rette for en m\u00f8teplass inneb\u00e6rer litt planlegging, men ingen store omveltninger i hverdagen. I Slime g\u00e5rd barnehage har de erfart at det viktigste er \u00e5 ha en fast dag, et fast tidspunkt og et fast sted.<\/p>\n\n\n\n<p><strong>I barnehagene finnes det mange m\u00f8teplasser &#8211; s\u00e5 man trenger ikke \u00e5 lage nye, men heller se p\u00e5 hvordan man bruker de man allerede har. Det viktigste er at disse m\u00f8teplassene inkluderer alle i gruppa, og at det er rom for at foreldre kan dele erfaringer og snakke sammen.<\/strong><br><\/p>\n\n\n\n<h3 class=\"wp-block-heading\" id=\"h-gode-moteplasser-kan\">Gode m\u00f8teplasser kan:<\/h3>\n\n\n\n<ul class=\"wp-block-list\">\n<li>\u00f8ke trivselen hos barn og foreldre<\/li>\n<\/ul>\n\n\n\n<ul class=\"wp-block-list\">\n<li>forebygge mobbing og ekskludering<\/li>\n<\/ul>\n\n\n\n<ul class=\"wp-block-list\">\n<li>gi tilh\u00f8righet til barnehagen<\/li>\n<\/ul>\n\n\n\n<ul class=\"wp-block-list\">\n<li>skape forutsigbarhet gjennom felles normer<\/li>\n<\/ul>\n\n\n\n<ul class=\"wp-block-list\">\n<li>f\u00f8re til at familier ogs\u00e5 inkluderes i arenaer utenfor barnehagen<\/li>\n<\/ul>\n\n\n\n<p><a href=\"https:\/\/www.barnehage.no\/foreldresamarbeid-mangfold-oslo-kommune\/gjorde-barnehagen-til-en-moteplass-for-familier-i-naermiljoet\/263513\"><strong>Les hvordan Slime g\u00e5rdsbarnehage gjorde barnehagen til en m\u00f8teplass for familier i n\u00e6rmilj\u00f8et.<\/strong><\/a><\/p>\n\n\n\n<h2 class=\"wp-block-heading\" id=\"h-foreldremotet-som-moteplass\">Foreldrem\u00f8tet som m\u00f8teplass<\/h2>\n\n\n\n<p>Det \u00e5 lage gode foreldrem\u00f8ter der foreldrene har lyst til \u00e5 komme er viktig. FUB mener barnehagene m\u00e5 skape inkluderende foreldrem\u00f8ter der det legges til rette for dialog blant foreldrene.<\/p>\n\n\n\n<p>Foreldre er forskjellige; de har forskjellig kultur, ulik adgang til ressurser, og ulikt med overskudd. S\u00e5 foreldre kan bidra ulikt ogs\u00e5 inn i fellesskapet.<\/p>\n\n\n\n<h3 class=\"wp-block-heading\" id=\"h-foreldremotet-bor-planlegges-godt\">Foreldrem\u00f8tet b\u00f8r planlegges godt: <\/h3>\n\n\n\n<p>For \u00e5 sikre et s\u00e5 godt oppm\u00f8te som mulig kan det v\u00e6re lurt \u00e5 gj\u00f8re mer enn bare \u00e5 sende ut invitasjoner. Her er noen tips: <\/p>\n\n\n\n<ul class=\"wp-block-list\">\n<li><strong>PLASSERING: <\/strong>Hvordan skal foreldrene sitte? Kaf\u00e9bord med plass til fem til seks per bord skaper en hyggeligere og mer sosial ramme enn oppstilte stoler eller klasseromsoppstilling. Kan barna p\u00e5 forh\u00e5nd ha laget navnelapper til foreldrene? Da kan dere plassere disse ut og dermed s\u00f8rge for at foreldre som ikke kjenner hverandre s\u00e5 godt kan f\u00e5 mulighet til \u00e5 bli bedre kjent. De ansatte kan ogs\u00e5 spre seg, og sitte blant foreldrene.<\/li>\n\n\n\n<li><strong>BARNEVAKT: <\/strong>Er det foreldre i gruppa som har yngre barn, og som er aleneforeldre eller har en partner som jobber skiftarbeid? \u00c5 skaffe barnevakt er kanskje verken mulig eller et \u00f8konomisk alternativ for mange. \u00c5pne opp for at barnehagen tilbyr barnepass for de som m\u00e5tte trenge det.<\/li>\n\n\n\n<li><strong>TOLK:<\/strong> Er det noen foreldre som trenger tilrettelegging i form av for eksempel tolk eller fysisk tilrettelegging? Noen kvier seg for \u00e5 be om dette fra barnehagen, og velger kanskje \u00e5 unng\u00e5 \u00e5 stille p\u00e5 m\u00f8te heller enn \u00e5 f\u00f8le at de er til bry. V\u00e6r p\u00e5 tilbudssida. \u00c5pne ogs\u00e5 for at foreldre kan ta med egen tolk (venn eller familiemedlem) om de \u00f8nsker det.<\/li>\n<\/ul>\n\n\n\n<h4 class=\"wp-block-heading\" id=\"h-materiell-til-foreldremotet\">Materiell til foreldrem\u00f8tet: <\/h4>\n\n\n\n<ul class=\"wp-block-list\">\n<li><a href=\"https:\/\/foreldreutvalgene.no\/fub\/gode-tips-til-deg-som-skal-pa-foreldremote-i-barnehagen\/\">Les FUB sine tips til foreldrem\u00f8te<\/a><\/li>\n\n\n\n<li><em><a href=\"https:\/\/foreldreutvalgene.no\/fub\/gode-tips-til-deg-som-skal-pa-foreldremote-i-barnehagen\/\">Gode tips til deg som skal p\u00e5 foreldrem\u00f8te i barnehagen<\/a><\/em> <\/li>\n<\/ul>\n\n\n\n<ul class=\"wp-block-list\">\n<li>Jo bedre forhold du har til de andre foreldrene i barnehagen, jo bedre f\u00e5r barna det. I filmen under ser du hvor lite som skal til for \u00e5 lage en tryggere hverdag for ditt og andres barn i barnehagen.<\/li>\n<\/ul>\n\n\n\n<figure class=\"wp-block-embed is-type-video is-provider-youtube wp-block-embed-youtube wp-embed-aspect-16-9 wp-has-aspect-ratio\"><div class=\"wp-block-embed__wrapper\">\n<div class=\"video-container\"><iframe loading=\"lazy\" title=\"Hvorfor b\u00f8r man si &quot;hei&quot; til andre foreldre? | FUB\" width=\"680\" height=\"383\" src=\"https:\/\/www.youtube.com\/embed\/LtlFZz2f2vE?feature=oembed\" frameborder=\"0\" allow=\"accelerometer; autoplay; clipboard-write; encrypted-media; gyroscope; picture-in-picture; web-share\" referrerpolicy=\"strict-origin-when-cross-origin\" allowfullscreen><\/iframe><\/div>\n<\/div><\/figure>\n\n\n\n<p><a href=\"https:\/\/foreldreutvalgene.no\/fub\/materiell\/tips-til-barnehagene-et-hei-betyr-mye-for-mange\/\">FUB har utarbeidet refleksjonssp\u00f8rsm\u00e5l og oppgaver knyttet til filmen<\/a> &laquo;Et hei betyr mye for mange&raquo;. Disse kan brukes i personalgruppa og p\u00e5 foreldrem\u00f8ter.<\/p>\n\n\n\n<p><strong>Lytt ogs\u00e5 til FUB sin podkastepisode om m\u00f8teplasser<\/strong>: <\/p>\n\n\n\n<figure class=\"wp-block-embed is-type-rich is-provider-spotify wp-block-embed-spotify wp-embed-aspect-21-9 wp-has-aspect-ratio\"><div class=\"wp-block-embed__wrapper\">\n<div class=\"video-container\"><iframe title=\"Spotify Embed: Hvorfor b\u00f8r foreldre med barn i barnehagen bli bedre kjent?\" style=\"border-radius: 12px\" width=\"100%\" height=\"152\" frameborder=\"0\" allowfullscreen allow=\"autoplay; clipboard-write; encrypted-media; fullscreen; picture-in-picture\" loading=\"lazy\" src=\"https:\/\/open.spotify.com\/embed\/episode\/3OW46vZlD64O1KeMflTlnN?si=4rFXKrVDRcebwuiJE6gF8Q&#038;utm_source=oembed\"><\/iframe><\/div>\n<\/div><\/figure>\n\n\n\n<h2 class=\"wp-block-heading\" id=\"h-barnehagestart-som-moteplass\">Barnehagestart som m\u00f8teplass<\/h2>\n\n\n\n<p>N\u00e5r barnet starter i barnehagen, er det viktig at foreldrene blir kjent med hverandre. Dette kan skje gjennom bes\u00f8ksdager og tilvenning, hvor b\u00e5de barn og foreldre kommer til barnehagen i grupper.<\/p>\n\n\n\n<p>N\u00e5r foreldre blir kjent med hverandre, kan de st\u00f8tte hverandre og dele erfaringer, noe som gj\u00f8r overgangen til barnehagen lettere for b\u00e5de barn og foreldre. Det skaper ogs\u00e5 et fellesskap hvor foreldre kan samarbeide om \u00e5 skape et trygt og positivt milj\u00f8 for barna.&nbsp;<\/p>\n\n\n\n<ul class=\"wp-block-list\">\n<li><strong>BES\u00d8KSDAGER I PULJER:<\/strong> N\u00e5r dere planlegger bes\u00f8ksdager i barnehagen, kan det v\u00e6re lurt \u00e5 invitere foreldre i mindre grupper fremfor ett og ett foreldrepar. Legg opp dagene slik at personalet kan ta godt imot barn og foreldre, samtidig som dere legger til rette for at foreldrene blir kjent med hverandre. Snakk med dem om at dere \u00f8nsker at foreldre b\u00e5de skal bli kjent med hverandre \u2013 og med de andre barna.&nbsp;<\/li>\n\n\n\n<li><strong>FADDERORDNING:<\/strong> La nye foreldre f\u00e5 en fadder i barnehagen. En fadder en annen forelder som har erfaring med barnehagen. Den nye forelderen blir kjent med en annen forelder og de f\u00e5r ogs\u00e5 en person de kan sp\u00f8rre om ting og f\u00e5 informasjon fra. <\/li>\n\n\n\n<li><strong>OPPSTARTSM\u00d8TE:<\/strong> Mange barnehager har et foreldrem\u00f8te for nye foreldre f\u00f8r oppstart. Mange bruker denne kvelden til \u00e5 dele informasjon om barnehagen og svare opp sp\u00f8rsm\u00e5l som foreldrene lurere p\u00e5. \u00c5 arrangere en &laquo;bli kjent kveld&raquo; ved oppstart i barnehagen kan ogs\u00e5 v\u00e6re en god id\u00e9.&nbsp;<\/li>\n<\/ul>\n\n\n\n<h2 class=\"wp-block-heading\" id=\"h-arrangement-som-moteplass\">Arrangement som m\u00f8teplass<\/h2>\n\n\n\n<p>Mange barnehager har allerede flere ulike arrangement gjennom \u00e5ret. Disse treffene gir en unik mulighet til \u00e5 samle enda flere foreldre: <\/p>\n\n\n\n<ul class=\"wp-block-list\">\n<li><strong>SOMMERFEST: <\/strong>Sommerfesten er en flott anledning for foreldre og barn til \u00e5 bli kjent med hverandre i en avslappet og uformell setting. P\u00e5 foreldrem\u00f8ter i barnehagen kan dere diskutere hvordan sommerfesten og andre arrangementer kan bli mer inkluderende &#8211; hva m\u00e5 til? Oppfordre foreldre til \u00e5 ta initiativ til \u00e5 snakke med noen de ikke kjenner s\u00e5 godt fra f\u00f8r. \u00c5 matche familier p\u00e5 sammenkomster kan ogs\u00e5 hjelpe til med \u00e5 bygge nye relasjoner.&nbsp;For eksempel kan SU-medlemmene f\u00e5 ansvar for \u00e5 passe p\u00e5 at alle familiene har noen \u00e5 sitte sammen med &#8211; ingen skal sitte alene.<\/li>\n\n\n\n<li><strong>LEKEGRUPPE UTE I BARNEHAGEN:<\/strong> \u00c5 arrangere leketreff p\u00e5 barnehagens uteomr\u00e5de kan v\u00e6re en fin m\u00e5te for foreldre og barn \u00e5 tilbringe tid sammen, og bli kjent med hverandre i en uformell setting.&nbsp;<\/li>\n\n\n\n<li><strong>TURGRUPPE FOR FORELDRE OG BARN:<\/strong> \u00c5 arrangere turgrupper for foreldre og barn, hvor man m\u00f8tes p\u00e5 et bestemt sted og g\u00e5r p\u00e5 tur sammen, kan v\u00e6re en fin m\u00e5te for foreldre og barn \u00e5 bli kjent med hverandre og n\u00e6rmilj\u00f8et.<\/li>\n\n\n\n<li><strong>BYTTEMARKED MED KL\u00c6R OG LEKER:<\/strong> \u00c5 arrangere byttemarked med kl\u00e6r og leker, drevet av foreldrene, kan v\u00e6re en fin m\u00e5te for foreldre \u00e5 m\u00f8tes og bli bedre kjent.<\/li>\n\n\n\n<li><strong>BURSDAGSFEIRING I BARNEHAGEN:<\/strong> \u00c5 l\u00e5ne ut barnehagen gratis for \u00e5 ha bursdagsselskap kan v\u00e6re en fin m\u00e5te \u00e5 legge til rette for at alle skal kunne arrangere bursdagsselskap. Ikke alle bor slik til at de har mulighet til \u00e5 arrangere barnebursdag hjemme.<\/li>\n<\/ul>\n\n\n\n<section id=\"cards-block_99049cec903fec41866c0ab2f3897b15\" class=\"byggemodul cards post-type-post\">\n\t<!-- CONTENT HERE -->\n\n\t\t\t<header class=\"sp-header-section\">\n\t\t\t\t\t\t\t<h3 class=\"sp-section-title\">\n\t\t\t\t\tMateriell til barnehagene\t\t\t\t<\/h3>\n\t\t\t\n\t\t\t\t\t<\/header>\n\t\n\t<div class=\"sp-cards-container owl-carousel posts-per-page-6\" data-grid-type=\"normal\" data-grid-mobile=\"1.5\" data-grid-tablet=\"2.5\" data-grid-desktop=\"3\" data-grid-special=\"one_two\">\t\t\t\t\t<a class=\"sp-card item style-normal align-text-left read-more-display\"\n\t\t\t\t\t\thref=\"https:\/\/foreldreutvalgene.no\/fub\/materialcategory\/filmer-og-foredrag\/\">\n\t\t\t\t\t\t<div class=\"sp-card-image\" style=\"background-image: url(https:\/\/foreldreutvalgene.no\/fub\/wp-content\/uploads\/sites\/2\/2022\/02\/Hva-gjor-man-620x413.png);\"><\/div>\n\t\t\t\t\t\t<h3>\n\t\t\t\t\t\t\tFilmer og foredrag\t\t\t\t\t\t<\/h3>\n\t\t\t\t\t\t\t\t\t\t\t\t\t\t<p class=\"read-more-text\">\n\t\t\t\t\t\t\t\t\tLes mer\t\t\t\t\t\t\t\t<\/p>\n\t\t\t\t\t\t\t\t\t\t\t\t\t<\/a>\n\t\t\t\t\t\t\t\t\t\t<a class=\"sp-card item style-normal align-text-left read-more-display\"\n\t\t\t\t\t\thref=\"https:\/\/foreldreutvalgene.no\/fub\/materialcategory\/brosjyrer\/\">\n\t\t\t\t\t\t<div class=\"sp-card-image\" style=\"background-image: url(https:\/\/foreldreutvalgene.no\/fub\/wp-content\/uploads\/sites\/2\/2021\/08\/materiell-til-foreldre-og-ansatte-aug-2021-620x388.jpg);\"><\/div>\n\t\t\t\t\t\t<h3>\n\t\t\t\t\t\t\tBrosjyrer\t\t\t\t\t\t<\/h3>\n\t\t\t\t\t\t\t\t\t\t\t\t\t\t<p class=\"read-more-text\">\n\t\t\t\t\t\t\t\t\tLes mer\t\t\t\t\t\t\t\t<\/p>\n\t\t\t\t\t\t\t\t\t\t\t\t\t<\/a>\n\t\t\t\t\t\t\t\t\t\t<a class=\"sp-card item style-normal align-text-left read-more-display\"\n\t\t\t\t\t\thref=\"https:\/\/foreldreutvalgene.no\/fub\/materialcategory\/verktoy\/\">\n\t\t\t\t\t\t<div class=\"sp-card-image\" style=\"background-image: url(https:\/\/foreldreutvalgene.no\/fub\/wp-content\/uploads\/sites\/2\/2025\/06\/Bemanningsundersokelse-forside-620x413.png);\"><\/div>\n\t\t\t\t\t\t<h3>\n\t\t\t\t\t\t\tVerkt\u00f8y\t\t\t\t\t\t<\/h3>\n\t\t\t\t\t\t\t\t\t\t\t\t\t\t<p class=\"read-more-text\">\n\t\t\t\t\t\t\t\t\tLes mer\t\t\t\t\t\t\t\t<\/p>\n\t\t\t\t\t\t\t\t\t\t\t\t\t<\/a>\n\t\t\t\t\t<\/div>\t<style type=\"text\/css\">\n\t\t#cards-block_99049cec903fec41866c0ab2f3897b15.sp-card .sp-card-image {\n\t\tpadding-bottom: 75%;\n\t}\t<\/style>\n<\/section>","protected":false},"excerpt":{"rendered":"<p>M\u00f8teplasser fremmer inkludering og forebygger mobbing. I denne artikkelen f\u00e5r du eksempler p\u00e5 hvordan din barnehage enkelt kan legge til rette for gode m\u00f8teplasser. Kan barnehager bli enda flinkere p\u00e5 utnytte potensialet som ligger i at foreldre og barn fra ulike bakgrunner m\u00f8tes i barnehagen i b\u00e5de formelle og uformelle settinger? Ved \u00e5 legge til [&hellip;]<\/p>\n","protected":false},"author":13,"featured_media":8480,"comment_status":"closed","ping_status":"closed","sticky":false,"template":"page-theme.php","format":"standard","meta":{"_acf_changed":false,"footnotes":""},"categories":[25,2],"tags":[],"class_list":["post-8154","post","type-post","status-publish","format-standard","has-post-thumbnail","hentry","category-moeter-i-barnehagen","category-om-foreldresamarbeid"],"acf":[],"yoast_head":"<!-- This site is optimized with the Yoast SEO Premium plugin v27.4 (Yoast SEO v27.4) - https:\/\/yoast.com\/product\/yoast-seo-premium-wordpress\/ -->\n<title>Slik legger du til rette for m\u00f8teplasser i barnehagen - Foreldreutvalget for barnehager<\/title>\n<meta name=\"description\" content=\"Hvordan kan barnehagen bli en arena for inkludering, med fokus p\u00e5 gode m\u00f8teplasser for b\u00e5de barn og foreldre? M\u00f8teplasser fremmer inkludering.\" \/>\n<meta name=\"robots\" content=\"index, follow, max-snippet:-1, max-image-preview:large, max-video-preview:-1\" \/>\n<link rel=\"canonical\" href=\"https:\/\/foreldreutvalgene.no\/fub\/slik-legger-du-til-rette-for-moteplasser-i-barnehagen\/\" \/>\n<meta property=\"og:locale\" content=\"nb_NO\" \/>\n<meta property=\"og:type\" content=\"article\" \/>\n<meta property=\"og:title\" content=\"Slik legger du til rette for m\u00f8teplasser i barnehagen\" \/>\n<meta property=\"og:description\" content=\"Hvordan kan barnehagen bli en arena for inkludering, med fokus p\u00e5 gode m\u00f8teplasser for b\u00e5de barn og foreldre? M\u00f8teplasser fremmer inkludering.\" \/>\n<meta property=\"og:url\" content=\"https:\/\/foreldreutvalgene.no\/fub\/slik-legger-du-til-rette-for-moteplasser-i-barnehagen\/\" \/>\n<meta property=\"og:site_name\" content=\"Foreldreutvalget for barnehager\" \/>\n<meta property=\"article:published_time\" content=\"2025-08-26T11:50:47+00:00\" \/>\n<meta property=\"article:modified_time\" content=\"2025-10-03T12:58:38+00:00\" \/>\n<meta property=\"og:image\" content=\"https:\/\/foreldreutvalgene.no\/fub\/wp-content\/uploads\/sites\/2\/2025\/08\/Moteplasser.jpg\" \/>\n\t<meta property=\"og:image:width\" content=\"1193\" \/>\n\t<meta property=\"og:image:height\" content=\"682\" \/>\n\t<meta property=\"og:image:type\" content=\"image\/jpeg\" \/>\n<meta name=\"author\" content=\"beate\" \/>\n<meta name=\"twitter:card\" content=\"summary_large_image\" \/>\n<meta name=\"twitter:label1\" content=\"Skrevet av\" \/>\n\t<meta name=\"twitter:data1\" content=\"beate\" \/>\n\t<meta name=\"twitter:label2\" content=\"Ansl. lesetid\" \/>\n\t<meta name=\"twitter:data2\" content=\"8 minutter\" \/>\n<script type=\"application\/ld+json\" class=\"yoast-schema-graph\">{\"@context\":\"https:\\\/\\\/schema.org\",\"@graph\":[{\"@type\":\"Article\",\"@id\":\"https:\\\/\\\/foreldreutvalgene.no\\\/fub\\\/slik-legger-du-til-rette-for-moteplasser-i-barnehagen\\\/#article\",\"isPartOf\":{\"@id\":\"https:\\\/\\\/foreldreutvalgene.no\\\/fub\\\/slik-legger-du-til-rette-for-moteplasser-i-barnehagen\\\/\"},\"author\":{\"name\":\"beate\",\"@id\":\"https:\\\/\\\/foreldreutvalgene.no\\\/fub\\\/#\\\/schema\\\/person\\\/3d00c6a187698abd4d8d38ad183f0ff4\"},\"headline\":\"Slik legger du til rette for m\u00f8teplasser i barnehagen\",\"datePublished\":\"2025-08-26T11:50:47+00:00\",\"dateModified\":\"2025-10-03T12:58:38+00:00\",\"mainEntityOfPage\":{\"@id\":\"https:\\\/\\\/foreldreutvalgene.no\\\/fub\\\/slik-legger-du-til-rette-for-moteplasser-i-barnehagen\\\/\"},\"wordCount\":1323,\"publisher\":{\"@id\":\"https:\\\/\\\/foreldreutvalgene.no\\\/fub\\\/#organization\"},\"image\":{\"@id\":\"https:\\\/\\\/foreldreutvalgene.no\\\/fub\\\/slik-legger-du-til-rette-for-moteplasser-i-barnehagen\\\/#primaryimage\"},\"thumbnailUrl\":\"https:\\\/\\\/foreldreutvalgene.no\\\/fub\\\/wp-content\\\/uploads\\\/sites\\\/2\\\/2025\\\/08\\\/Moteplasser.jpg\",\"articleSection\":[\"M\u00f8ter i barnehagen\",\"Om foreldresamarbeid\"],\"inLanguage\":\"nb-NO\"},{\"@type\":\"WebPage\",\"@id\":\"https:\\\/\\\/foreldreutvalgene.no\\\/fub\\\/slik-legger-du-til-rette-for-moteplasser-i-barnehagen\\\/\",\"url\":\"https:\\\/\\\/foreldreutvalgene.no\\\/fub\\\/slik-legger-du-til-rette-for-moteplasser-i-barnehagen\\\/\",\"name\":\"Slik legger du til rette for m\u00f8teplasser i barnehagen - Foreldreutvalget for barnehager\",\"isPartOf\":{\"@id\":\"https:\\\/\\\/foreldreutvalgene.no\\\/fub\\\/#website\"},\"primaryImageOfPage\":{\"@id\":\"https:\\\/\\\/foreldreutvalgene.no\\\/fub\\\/slik-legger-du-til-rette-for-moteplasser-i-barnehagen\\\/#primaryimage\"},\"image\":{\"@id\":\"https:\\\/\\\/foreldreutvalgene.no\\\/fub\\\/slik-legger-du-til-rette-for-moteplasser-i-barnehagen\\\/#primaryimage\"},\"thumbnailUrl\":\"https:\\\/\\\/foreldreutvalgene.no\\\/fub\\\/wp-content\\\/uploads\\\/sites\\\/2\\\/2025\\\/08\\\/Moteplasser.jpg\",\"datePublished\":\"2025-08-26T11:50:47+00:00\",\"dateModified\":\"2025-10-03T12:58:38+00:00\",\"description\":\"Hvordan kan barnehagen bli en arena for inkludering, med fokus p\u00e5 gode m\u00f8teplasser for b\u00e5de barn og foreldre? M\u00f8teplasser fremmer inkludering.\",\"breadcrumb\":{\"@id\":\"https:\\\/\\\/foreldreutvalgene.no\\\/fub\\\/slik-legger-du-til-rette-for-moteplasser-i-barnehagen\\\/#breadcrumb\"},\"inLanguage\":\"nb-NO\",\"potentialAction\":[{\"@type\":\"ReadAction\",\"target\":[\"https:\\\/\\\/foreldreutvalgene.no\\\/fub\\\/slik-legger-du-til-rette-for-moteplasser-i-barnehagen\\\/\"]}]},{\"@type\":\"ImageObject\",\"inLanguage\":\"nb-NO\",\"@id\":\"https:\\\/\\\/foreldreutvalgene.no\\\/fub\\\/slik-legger-du-til-rette-for-moteplasser-i-barnehagen\\\/#primaryimage\",\"url\":\"https:\\\/\\\/foreldreutvalgene.no\\\/fub\\\/wp-content\\\/uploads\\\/sites\\\/2\\\/2025\\\/08\\\/Moteplasser.jpg\",\"contentUrl\":\"https:\\\/\\\/foreldreutvalgene.no\\\/fub\\\/wp-content\\\/uploads\\\/sites\\\/2\\\/2025\\\/08\\\/Moteplasser.jpg\",\"width\":1193,\"height\":682,\"caption\":\"Bildet viser foreldre og en ansatt som treffes p\u00e5 den ukentlige m\u00f8teplassen til Slime g\u00e5rd barnehage.\"},{\"@type\":\"BreadcrumbList\",\"@id\":\"https:\\\/\\\/foreldreutvalgene.no\\\/fub\\\/slik-legger-du-til-rette-for-moteplasser-i-barnehagen\\\/#breadcrumb\",\"itemListElement\":[{\"@type\":\"ListItem\",\"position\":1,\"name\":\"Home\",\"item\":\"https:\\\/\\\/foreldreutvalgene.no\\\/fub\\\/\"},{\"@type\":\"ListItem\",\"position\":2,\"name\":\"Slik legger du til rette for m\u00f8teplasser i barnehagen\"}]},{\"@type\":\"WebSite\",\"@id\":\"https:\\\/\\\/foreldreutvalgene.no\\\/fub\\\/#website\",\"url\":\"https:\\\/\\\/foreldreutvalgene.no\\\/fub\\\/\",\"name\":\"Foreldreutvalget for barnehager\",\"description\":\"\",\"publisher\":{\"@id\":\"https:\\\/\\\/foreldreutvalgene.no\\\/fub\\\/#organization\"},\"potentialAction\":[{\"@type\":\"SearchAction\",\"target\":{\"@type\":\"EntryPoint\",\"urlTemplate\":\"https:\\\/\\\/foreldreutvalgene.no\\\/fub\\\/?s={search_term_string}\"},\"query-input\":{\"@type\":\"PropertyValueSpecification\",\"valueRequired\":true,\"valueName\":\"search_term_string\"}}],\"inLanguage\":\"nb-NO\"},{\"@type\":\"Organization\",\"@id\":\"https:\\\/\\\/foreldreutvalgene.no\\\/fub\\\/#organization\",\"name\":\"Foreldreutvalget for barnehager\",\"url\":\"https:\\\/\\\/foreldreutvalgene.no\\\/fub\\\/\",\"logo\":{\"@type\":\"ImageObject\",\"inLanguage\":\"nb-NO\",\"@id\":\"https:\\\/\\\/foreldreutvalgene.no\\\/fub\\\/#\\\/schema\\\/logo\\\/image\\\/\",\"url\":\"https:\\\/\\\/foreldreutvalgene.no\\\/fub\\\/wp-content\\\/uploads\\\/sites\\\/2\\\/2021\\\/08\\\/fublogo-footer.svg\",\"contentUrl\":\"https:\\\/\\\/foreldreutvalgene.no\\\/fub\\\/wp-content\\\/uploads\\\/sites\\\/2\\\/2021\\\/08\\\/fublogo-footer.svg\",\"width\":507,\"height\":149,\"caption\":\"Foreldreutvalget for barnehager\"},\"image\":{\"@id\":\"https:\\\/\\\/foreldreutvalgene.no\\\/fub\\\/#\\\/schema\\\/logo\\\/image\\\/\"}},{\"@type\":\"Person\",\"@id\":\"https:\\\/\\\/foreldreutvalgene.no\\\/fub\\\/#\\\/schema\\\/person\\\/3d00c6a187698abd4d8d38ad183f0ff4\",\"name\":\"beate\",\"image\":{\"@type\":\"ImageObject\",\"inLanguage\":\"nb-NO\",\"@id\":\"https:\\\/\\\/secure.gravatar.com\\\/avatar\\\/bab4ba5dc30687f62ce42dd77c24b5dc97d574500758784c52ec26ded1d2dd8d?s=96&d=mm&r=g\",\"url\":\"https:\\\/\\\/secure.gravatar.com\\\/avatar\\\/bab4ba5dc30687f62ce42dd77c24b5dc97d574500758784c52ec26ded1d2dd8d?s=96&d=mm&r=g\",\"contentUrl\":\"https:\\\/\\\/secure.gravatar.com\\\/avatar\\\/bab4ba5dc30687f62ce42dd77c24b5dc97d574500758784c52ec26ded1d2dd8d?s=96&d=mm&r=g\",\"caption\":\"beate\"},\"url\":\"https:\\\/\\\/foreldreutvalgene.no\\\/fub\\\/author\\\/beate\\\/\"}]}<\/script>\n<!-- \/ Yoast SEO Premium plugin. -->","yoast_head_json":{"title":"Slik legger du til rette for m\u00f8teplasser i barnehagen - Foreldreutvalget for barnehager","description":"Hvordan kan barnehagen bli en arena for inkludering, med fokus p\u00e5 gode m\u00f8teplasser for b\u00e5de barn og foreldre? M\u00f8teplasser fremmer inkludering.","robots":{"index":"index","follow":"follow","max-snippet":"max-snippet:-1","max-image-preview":"max-image-preview:large","max-video-preview":"max-video-preview:-1"},"canonical":"https:\/\/foreldreutvalgene.no\/fub\/slik-legger-du-til-rette-for-moteplasser-i-barnehagen\/","og_locale":"nb_NO","og_type":"article","og_title":"Slik legger du til rette for m\u00f8teplasser i barnehagen","og_description":"Hvordan kan barnehagen bli en arena for inkludering, med fokus p\u00e5 gode m\u00f8teplasser for b\u00e5de barn og foreldre? M\u00f8teplasser fremmer inkludering.","og_url":"https:\/\/foreldreutvalgene.no\/fub\/slik-legger-du-til-rette-for-moteplasser-i-barnehagen\/","og_site_name":"Foreldreutvalget for barnehager","article_published_time":"2025-08-26T11:50:47+00:00","article_modified_time":"2025-10-03T12:58:38+00:00","og_image":[{"width":1193,"height":682,"url":"https:\/\/foreldreutvalgene.no\/fub\/wp-content\/uploads\/sites\/2\/2025\/08\/Moteplasser.jpg","type":"image\/jpeg"}],"author":"beate","twitter_card":"summary_large_image","twitter_misc":{"Skrevet av":"beate","Ansl. lesetid":"8 minutter"},"schema":{"@context":"https:\/\/schema.org","@graph":[{"@type":"Article","@id":"https:\/\/foreldreutvalgene.no\/fub\/slik-legger-du-til-rette-for-moteplasser-i-barnehagen\/#article","isPartOf":{"@id":"https:\/\/foreldreutvalgene.no\/fub\/slik-legger-du-til-rette-for-moteplasser-i-barnehagen\/"},"author":{"name":"beate","@id":"https:\/\/foreldreutvalgene.no\/fub\/#\/schema\/person\/3d00c6a187698abd4d8d38ad183f0ff4"},"headline":"Slik legger du til rette for m\u00f8teplasser i barnehagen","datePublished":"2025-08-26T11:50:47+00:00","dateModified":"2025-10-03T12:58:38+00:00","mainEntityOfPage":{"@id":"https:\/\/foreldreutvalgene.no\/fub\/slik-legger-du-til-rette-for-moteplasser-i-barnehagen\/"},"wordCount":1323,"publisher":{"@id":"https:\/\/foreldreutvalgene.no\/fub\/#organization"},"image":{"@id":"https:\/\/foreldreutvalgene.no\/fub\/slik-legger-du-til-rette-for-moteplasser-i-barnehagen\/#primaryimage"},"thumbnailUrl":"https:\/\/foreldreutvalgene.no\/fub\/wp-content\/uploads\/sites\/2\/2025\/08\/Moteplasser.jpg","articleSection":["M\u00f8ter i barnehagen","Om foreldresamarbeid"],"inLanguage":"nb-NO"},{"@type":"WebPage","@id":"https:\/\/foreldreutvalgene.no\/fub\/slik-legger-du-til-rette-for-moteplasser-i-barnehagen\/","url":"https:\/\/foreldreutvalgene.no\/fub\/slik-legger-du-til-rette-for-moteplasser-i-barnehagen\/","name":"Slik legger du til rette for m\u00f8teplasser i barnehagen - Foreldreutvalget for barnehager","isPartOf":{"@id":"https:\/\/foreldreutvalgene.no\/fub\/#website"},"primaryImageOfPage":{"@id":"https:\/\/foreldreutvalgene.no\/fub\/slik-legger-du-til-rette-for-moteplasser-i-barnehagen\/#primaryimage"},"image":{"@id":"https:\/\/foreldreutvalgene.no\/fub\/slik-legger-du-til-rette-for-moteplasser-i-barnehagen\/#primaryimage"},"thumbnailUrl":"https:\/\/foreldreutvalgene.no\/fub\/wp-content\/uploads\/sites\/2\/2025\/08\/Moteplasser.jpg","datePublished":"2025-08-26T11:50:47+00:00","dateModified":"2025-10-03T12:58:38+00:00","description":"Hvordan kan barnehagen bli en arena for inkludering, med fokus p\u00e5 gode m\u00f8teplasser for b\u00e5de barn og foreldre? M\u00f8teplasser fremmer inkludering.","breadcrumb":{"@id":"https:\/\/foreldreutvalgene.no\/fub\/slik-legger-du-til-rette-for-moteplasser-i-barnehagen\/#breadcrumb"},"inLanguage":"nb-NO","potentialAction":[{"@type":"ReadAction","target":["https:\/\/foreldreutvalgene.no\/fub\/slik-legger-du-til-rette-for-moteplasser-i-barnehagen\/"]}]},{"@type":"ImageObject","inLanguage":"nb-NO","@id":"https:\/\/foreldreutvalgene.no\/fub\/slik-legger-du-til-rette-for-moteplasser-i-barnehagen\/#primaryimage","url":"https:\/\/foreldreutvalgene.no\/fub\/wp-content\/uploads\/sites\/2\/2025\/08\/Moteplasser.jpg","contentUrl":"https:\/\/foreldreutvalgene.no\/fub\/wp-content\/uploads\/sites\/2\/2025\/08\/Moteplasser.jpg","width":1193,"height":682,"caption":"Bildet viser foreldre og en ansatt som treffes p\u00e5 den ukentlige m\u00f8teplassen til Slime g\u00e5rd barnehage."},{"@type":"BreadcrumbList","@id":"https:\/\/foreldreutvalgene.no\/fub\/slik-legger-du-til-rette-for-moteplasser-i-barnehagen\/#breadcrumb","itemListElement":[{"@type":"ListItem","position":1,"name":"Home","item":"https:\/\/foreldreutvalgene.no\/fub\/"},{"@type":"ListItem","position":2,"name":"Slik legger du til rette for m\u00f8teplasser i barnehagen"}]},{"@type":"WebSite","@id":"https:\/\/foreldreutvalgene.no\/fub\/#website","url":"https:\/\/foreldreutvalgene.no\/fub\/","name":"Foreldreutvalget for barnehager","description":"","publisher":{"@id":"https:\/\/foreldreutvalgene.no\/fub\/#organization"},"potentialAction":[{"@type":"SearchAction","target":{"@type":"EntryPoint","urlTemplate":"https:\/\/foreldreutvalgene.no\/fub\/?s={search_term_string}"},"query-input":{"@type":"PropertyValueSpecification","valueRequired":true,"valueName":"search_term_string"}}],"inLanguage":"nb-NO"},{"@type":"Organization","@id":"https:\/\/foreldreutvalgene.no\/fub\/#organization","name":"Foreldreutvalget for barnehager","url":"https:\/\/foreldreutvalgene.no\/fub\/","logo":{"@type":"ImageObject","inLanguage":"nb-NO","@id":"https:\/\/foreldreutvalgene.no\/fub\/#\/schema\/logo\/image\/","url":"https:\/\/foreldreutvalgene.no\/fub\/wp-content\/uploads\/sites\/2\/2021\/08\/fublogo-footer.svg","contentUrl":"https:\/\/foreldreutvalgene.no\/fub\/wp-content\/uploads\/sites\/2\/2021\/08\/fublogo-footer.svg","width":507,"height":149,"caption":"Foreldreutvalget for barnehager"},"image":{"@id":"https:\/\/foreldreutvalgene.no\/fub\/#\/schema\/logo\/image\/"}},{"@type":"Person","@id":"https:\/\/foreldreutvalgene.no\/fub\/#\/schema\/person\/3d00c6a187698abd4d8d38ad183f0ff4","name":"beate","image":{"@type":"ImageObject","inLanguage":"nb-NO","@id":"https:\/\/secure.gravatar.com\/avatar\/bab4ba5dc30687f62ce42dd77c24b5dc97d574500758784c52ec26ded1d2dd8d?s=96&d=mm&r=g","url":"https:\/\/secure.gravatar.com\/avatar\/bab4ba5dc30687f62ce42dd77c24b5dc97d574500758784c52ec26ded1d2dd8d?s=96&d=mm&r=g","contentUrl":"https:\/\/secure.gravatar.com\/avatar\/bab4ba5dc30687f62ce42dd77c24b5dc97d574500758784c52ec26ded1d2dd8d?s=96&d=mm&r=g","caption":"beate"},"url":"https:\/\/foreldreutvalgene.no\/fub\/author\/beate\/"}]}},"_links":{"self":[{"href":"https:\/\/foreldreutvalgene.no\/fub\/wp-json\/wp\/v2\/posts\/8154","targetHints":{"allow":["GET"]}}],"collection":[{"href":"https:\/\/foreldreutvalgene.no\/fub\/wp-json\/wp\/v2\/posts"}],"about":[{"href":"https:\/\/foreldreutvalgene.no\/fub\/wp-json\/wp\/v2\/types\/post"}],"author":[{"embeddable":true,"href":"https:\/\/foreldreutvalgene.no\/fub\/wp-json\/wp\/v2\/users\/13"}],"replies":[{"embeddable":true,"href":"https:\/\/foreldreutvalgene.no\/fub\/wp-json\/wp\/v2\/comments?post=8154"}],"version-history":[{"count":39,"href":"https:\/\/foreldreutvalgene.no\/fub\/wp-json\/wp\/v2\/posts\/8154\/revisions"}],"predecessor-version":[{"id":8483,"href":"https:\/\/foreldreutvalgene.no\/fub\/wp-json\/wp\/v2\/posts\/8154\/revisions\/8483"}],"wp:featuredmedia":[{"embeddable":true,"href":"https:\/\/foreldreutvalgene.no\/fub\/wp-json\/wp\/v2\/media\/8480"}],"wp:attachment":[{"href":"https:\/\/foreldreutvalgene.no\/fub\/wp-json\/wp\/v2\/media?parent=8154"}],"wp:term":[{"taxonomy":"category","embeddable":true,"href":"https:\/\/foreldreutvalgene.no\/fub\/wp-json\/wp\/v2\/categories?post=8154"},{"taxonomy":"post_tag","embeddable":true,"href":"https:\/\/foreldreutvalgene.no\/fub\/wp-json\/wp\/v2\/tags?post=8154"}],"curies":[{"name":"wp","href":"https:\/\/api.w.org\/{rel}","templated":true}]}}