{"id":7378,"date":"2024-08-01T15:12:02","date_gmt":"2024-08-01T13:12:02","guid":{"rendered":"https:\/\/foreldreutvalgene.no\/fub\/?p=7378"},"modified":"2025-05-02T10:25:55","modified_gmt":"2025-05-02T08:25:55","slug":"marco-elsafadi-om-barnehagestart-brutal-folelse","status":"publish","type":"post","link":"https:\/\/foreldreutvalgene.no\/fub\/marco-elsafadi-om-barnehagestart-brutal-folelse\/","title":{"rendered":"Marco Elsafadi om barnehagestart: &#8211; Brutal f\u00f8lelse"},"content":{"rendered":"\n<figure class=\"wp-block-image size-large\"><img loading=\"lazy\" decoding=\"async\" width=\"1024\" height=\"768\" src=\"https:\/\/foreldreutvalgene.no\/fub\/wp-content\/uploads\/sites\/2\/2024\/08\/Marco-El-Safadi-1-av-1-1024x768.jpg\" alt=\"Marco Elsafadi\" class=\"wp-image-7380\" srcset=\"https:\/\/foreldreutvalgene.no\/fub\/wp-content\/uploads\/sites\/2\/2024\/08\/Marco-El-Safadi-1-av-1-1024x768.jpg 1024w, https:\/\/foreldreutvalgene.no\/fub\/wp-content\/uploads\/sites\/2\/2024\/08\/Marco-El-Safadi-1-av-1-300x225.jpg 300w, https:\/\/foreldreutvalgene.no\/fub\/wp-content\/uploads\/sites\/2\/2024\/08\/Marco-El-Safadi-1-av-1-768x576.jpg 768w, https:\/\/foreldreutvalgene.no\/fub\/wp-content\/uploads\/sites\/2\/2024\/08\/Marco-El-Safadi-1-av-1-1536x1152.jpg 1536w, https:\/\/foreldreutvalgene.no\/fub\/wp-content\/uploads\/sites\/2\/2024\/08\/Marco-El-Safadi-1-av-1-2048x1536.jpg 2048w, https:\/\/foreldreutvalgene.no\/fub\/wp-content\/uploads\/sites\/2\/2024\/08\/Marco-El-Safadi-1-av-1-620x465.jpg 620w, https:\/\/foreldreutvalgene.no\/fub\/wp-content\/uploads\/sites\/2\/2024\/08\/Marco-El-Safadi-1-av-1-120x90.jpg 120w, https:\/\/foreldreutvalgene.no\/fub\/wp-content\/uploads\/sites\/2\/2024\/08\/Marco-El-Safadi-1-av-1-320x240.jpg 320w, https:\/\/foreldreutvalgene.no\/fub\/wp-content\/uploads\/sites\/2\/2024\/08\/Marco-El-Safadi-1-av-1-1440x1080.jpg 1440w\" sizes=\"auto, (max-width: 1024px) 100vw, 1024px\" \/><figcaption class=\"wp-element-caption\">P\u00e5 bildet ser du Marco Elsafadi utenfor ferieleiligheten i Krager\u00f8. I den nye episoden av Foreldrepodden forteller han om barnehagestarten til sine tre barn. <\/figcaption><\/figure>\n\n\n\n<p class=\"has-large-font-size\"><strong>I nest siste avsnitt av Foreldrepodden bes\u00f8ker vi Marco Elsafadi, som forteller om det han husker fra sine tre barns f\u00f8rste dager i barnehagen.<\/strong><\/p>\n\n\n\n<p>&#8211; Det er en brutal f\u00f8lelse, det river i hjertet, forteller Marco Elsafadi n\u00e5r han husker tilbake til barnehagestarten for sine tre barn: Sarah p\u00e5 15 \u00e5r, Noah p\u00e5 9 \u00e5r, og Nora som n\u00e5 er seks og skal begynne p\u00e5 skolen. <\/p>\n\n\n\n<p>Tidligere i sommer bes\u00f8kte FUB Elsafadi i ferieleiligheten hans p\u00e5 Krager\u00f8 resort. Minnene fra barnehagetilvenningen med barna hjemme i Bergen er blandede; noen gode og noen s\u00e5re.<\/p>\n\n\n\n<h2 class=\"wp-block-heading\" id=\"h-hva-i-huleste-skjer-na\">&#8211; Hva i huleste skjer n\u00e5?<\/h2>\n\n\n\n<p>I podkasten f\u00e5r vi blant annet h\u00f8re hvordan det var da han og kona satt i bilen etter \u00e5 ha reist fra dattera for f\u00f8rste gang. <\/p>\n\n\n\n<p>&#8211; Det var et antiklimaks. Begge to var litt s\u00e5nn, hva i huleste skjer n\u00e5, liksom. Det var en s\u00e5nn f\u00f8lelse hvor vi kikka p\u00e5 hverandre. Litt trist stemning, men allikevel, heldigvis, en tanke om at det kommer til \u00e5 g\u00e5 bra.<\/p>\n\n\n\n<p>I episoden f\u00e5r du ogs\u00e5 h\u00f8re eksempler p\u00e5 at foreldrene ikke alltid er helt enige i prosessene rundt barnehagestart, noe som kan ende i utsagn man angrer p\u00e5 i etterkant. <\/p>\n\n\n\n<p>H\u00f8r podkasten her: <\/p>\n\n\n\n<figure class=\"wp-block-embed is-type-rich is-provider-spotify wp-block-embed-spotify wp-embed-aspect-21-9 wp-has-aspect-ratio\"><div class=\"wp-block-embed__wrapper\">\n<div class=\"video-container\"><iframe title=\"Spotify Embed: Marco Elsafadi om barnehagestart: - Det er en brutal f\u00f8lelse\" style=\"border-radius: 12px\" width=\"100%\" height=\"152\" frameborder=\"0\" allowfullscreen allow=\"autoplay; clipboard-write; encrypted-media; fullscreen; picture-in-picture\" loading=\"lazy\" src=\"https:\/\/open.spotify.com\/embed\/episode\/4Vb1BkZUawXbH3bNS1oot8?si=34c36a3807ea46fe&#038;utm_source=oembed\"><\/iframe><\/div>\n<\/div><\/figure>\n\n\n\n<p><a href=\"https:\/\/foreldreutvalgene.no\/fub\/category\/barnehagestart\/\"><strong>LES V\u00c5RE ARTIKLER OM BARNEHAGESTARTEN<\/strong><\/a><\/p>\n\n\n\n<h2 class=\"wp-block-heading\" id=\"h-normalt-a-reagere\">Normalt \u00e5 reagere <\/h2>\n\n\n\n<p>I disse dager vender tusenvis av sm\u00e5barn seg til livet i barnehagen for f\u00f8rste gang. \u00c5 forlate et trygt hjem til fordel for en helt ny hverdag er t\u00f8ft for b\u00e5de store og sm\u00e5. I podkasten f\u00e5r Elsafadi fram at det slett ikke er unormalt \u00e5 reagere n\u00e5r man leverer fra seg barnet sitt for f\u00f8rste gang.<\/p>\n\n\n\n<p>&#8211; Men det er jo godt \u00e5 vite at det g\u00e5r bra i de aller, aller fleste tilfellene.   <\/p>\n\n\n\n<p>\u00d8nsker du \u00e5 h\u00f8re Marco Elsafadis beste tips foran skolestarten kommer det en egen podkast om det seinere i august. <\/p>\n\n\n\n<p><\/p>\n","protected":false},"excerpt":{"rendered":"<p>I nest siste avsnitt av Foreldrepodden bes\u00f8ker vi Marco Elsafadi, som forteller om det han husker fra sine tre barns f\u00f8rste dager i barnehagen. &#8211; Det er en brutal f\u00f8lelse, det river i hjertet, forteller Marco Elsafadi n\u00e5r han husker tilbake til barnehagestarten for sine tre barn: Sarah p\u00e5 15 \u00e5r, Noah p\u00e5 9 \u00e5r, [&hellip;]<\/p>\n","protected":false},"author":7,"featured_media":7380,"comment_status":"closed","ping_status":"closed","sticky":true,"template":"","format":"standard","meta":{"_acf_changed":false,"footnotes":""},"categories":[26,78,71],"tags":[],"class_list":["post-7378","post","type-post","status-publish","format-standard","has-post-thumbnail","hentry","category-aktuelle-saker","category-barnehagestart","category-tilvenning-i-barnehagen"],"acf":[],"yoast_head":"<!-- This site is optimized with the Yoast SEO Premium plugin v27.4 (Yoast SEO v27.4) - https:\/\/yoast.com\/product\/yoast-seo-premium-wordpress\/ -->\n<title>Marco Elsafadi om barnehagestart: - Brutal f\u00f8lelse - Foreldreutvalget for barnehager<\/title>\n<meta name=\"description\" content=\"- En brutal f\u00f8lelse, det river i hjertet, sier Marco Elsafadi. I den nye podkasten husker han hva han f\u00f8lte om barnas barnehagestart.\" \/>\n<meta name=\"robots\" content=\"index, follow, max-snippet:-1, max-image-preview:large, max-video-preview:-1\" \/>\n<link rel=\"canonical\" href=\"https:\/\/foreldreutvalgene.no\/fub\/marco-elsafadi-om-barnehagestart-brutal-folelse\/\" \/>\n<meta property=\"og:locale\" content=\"nb_NO\" \/>\n<meta property=\"og:type\" content=\"article\" \/>\n<meta property=\"og:title\" content=\"Marco Elsafadi om barnehagestart: - Brutal f\u00f8lelse\" \/>\n<meta property=\"og:description\" content=\"- En brutal f\u00f8lelse, det river i hjertet, sier Marco Elsafadi. I den nye podkasten husker han hva han f\u00f8lte om barnas barnehagestart.\" \/>\n<meta property=\"og:url\" content=\"https:\/\/foreldreutvalgene.no\/fub\/marco-elsafadi-om-barnehagestart-brutal-folelse\/\" \/>\n<meta property=\"og:site_name\" content=\"Foreldreutvalget for barnehager\" \/>\n<meta property=\"article:published_time\" content=\"2024-08-01T13:12:02+00:00\" \/>\n<meta property=\"article:modified_time\" content=\"2025-05-02T08:25:55+00:00\" \/>\n<meta property=\"og:image\" content=\"https:\/\/foreldreutvalgene.no\/fub\/wp-content\/uploads\/sites\/2\/2024\/08\/Marco-El-Safadi-1-av-1-scaled.jpg\" \/>\n\t<meta property=\"og:image:width\" content=\"2560\" \/>\n\t<meta property=\"og:image:height\" content=\"1920\" \/>\n\t<meta property=\"og:image:type\" content=\"image\/jpeg\" \/>\n<meta name=\"author\" content=\"bjornar\" \/>\n<meta name=\"twitter:card\" content=\"summary_large_image\" \/>\n<meta name=\"twitter:label1\" content=\"Skrevet av\" \/>\n\t<meta name=\"twitter:data1\" content=\"bjornar\" \/>\n\t<meta name=\"twitter:label2\" content=\"Ansl. lesetid\" \/>\n\t<meta name=\"twitter:data2\" content=\"3 minutter\" \/>\n<script type=\"application\/ld+json\" class=\"yoast-schema-graph\">{\"@context\":\"https:\\\/\\\/schema.org\",\"@graph\":[{\"@type\":\"Article\",\"@id\":\"https:\\\/\\\/foreldreutvalgene.no\\\/fub\\\/marco-elsafadi-om-barnehagestart-brutal-folelse\\\/#article\",\"isPartOf\":{\"@id\":\"https:\\\/\\\/foreldreutvalgene.no\\\/fub\\\/marco-elsafadi-om-barnehagestart-brutal-folelse\\\/\"},\"author\":{\"name\":\"bjornar\",\"@id\":\"https:\\\/\\\/foreldreutvalgene.no\\\/fub\\\/#\\\/schema\\\/person\\\/4074f8e84b174980cd2d4c2ec88dccef\"},\"headline\":\"Marco Elsafadi om barnehagestart: &#8211; Brutal f\u00f8lelse\",\"datePublished\":\"2024-08-01T13:12:02+00:00\",\"dateModified\":\"2025-05-02T08:25:55+00:00\",\"mainEntityOfPage\":{\"@id\":\"https:\\\/\\\/foreldreutvalgene.no\\\/fub\\\/marco-elsafadi-om-barnehagestart-brutal-folelse\\\/\"},\"wordCount\":365,\"publisher\":{\"@id\":\"https:\\\/\\\/foreldreutvalgene.no\\\/fub\\\/#organization\"},\"image\":{\"@id\":\"https:\\\/\\\/foreldreutvalgene.no\\\/fub\\\/marco-elsafadi-om-barnehagestart-brutal-folelse\\\/#primaryimage\"},\"thumbnailUrl\":\"https:\\\/\\\/foreldreutvalgene.no\\\/fub\\\/wp-content\\\/uploads\\\/sites\\\/2\\\/2024\\\/08\\\/Marco-El-Safadi-1-av-1-scaled.jpg\",\"articleSection\":[\"Aktuelle saker\",\"Barnehagestart\",\"Tilvenning\"],\"inLanguage\":\"nb-NO\"},{\"@type\":\"WebPage\",\"@id\":\"https:\\\/\\\/foreldreutvalgene.no\\\/fub\\\/marco-elsafadi-om-barnehagestart-brutal-folelse\\\/\",\"url\":\"https:\\\/\\\/foreldreutvalgene.no\\\/fub\\\/marco-elsafadi-om-barnehagestart-brutal-folelse\\\/\",\"name\":\"Marco Elsafadi om barnehagestart: - Brutal f\u00f8lelse - Foreldreutvalget for barnehager\",\"isPartOf\":{\"@id\":\"https:\\\/\\\/foreldreutvalgene.no\\\/fub\\\/#website\"},\"primaryImageOfPage\":{\"@id\":\"https:\\\/\\\/foreldreutvalgene.no\\\/fub\\\/marco-elsafadi-om-barnehagestart-brutal-folelse\\\/#primaryimage\"},\"image\":{\"@id\":\"https:\\\/\\\/foreldreutvalgene.no\\\/fub\\\/marco-elsafadi-om-barnehagestart-brutal-folelse\\\/#primaryimage\"},\"thumbnailUrl\":\"https:\\\/\\\/foreldreutvalgene.no\\\/fub\\\/wp-content\\\/uploads\\\/sites\\\/2\\\/2024\\\/08\\\/Marco-El-Safadi-1-av-1-scaled.jpg\",\"datePublished\":\"2024-08-01T13:12:02+00:00\",\"dateModified\":\"2025-05-02T08:25:55+00:00\",\"description\":\"- En brutal f\u00f8lelse, det river i hjertet, sier Marco Elsafadi. I den nye podkasten husker han hva han f\u00f8lte om barnas barnehagestart.\",\"breadcrumb\":{\"@id\":\"https:\\\/\\\/foreldreutvalgene.no\\\/fub\\\/marco-elsafadi-om-barnehagestart-brutal-folelse\\\/#breadcrumb\"},\"inLanguage\":\"nb-NO\",\"potentialAction\":[{\"@type\":\"ReadAction\",\"target\":[\"https:\\\/\\\/foreldreutvalgene.no\\\/fub\\\/marco-elsafadi-om-barnehagestart-brutal-folelse\\\/\"]}]},{\"@type\":\"ImageObject\",\"inLanguage\":\"nb-NO\",\"@id\":\"https:\\\/\\\/foreldreutvalgene.no\\\/fub\\\/marco-elsafadi-om-barnehagestart-brutal-folelse\\\/#primaryimage\",\"url\":\"https:\\\/\\\/foreldreutvalgene.no\\\/fub\\\/wp-content\\\/uploads\\\/sites\\\/2\\\/2024\\\/08\\\/Marco-El-Safadi-1-av-1-scaled.jpg\",\"contentUrl\":\"https:\\\/\\\/foreldreutvalgene.no\\\/fub\\\/wp-content\\\/uploads\\\/sites\\\/2\\\/2024\\\/08\\\/Marco-El-Safadi-1-av-1-scaled.jpg\",\"width\":2560,\"height\":1920,\"caption\":\"P\u00e5 bildet ser du Marco Elsafadi utenfor ferieleiligheten i Krager\u00f8. I den nye episoden av Foreldrepodden forteller han om barnehagestarten til sine tre barn.\"},{\"@type\":\"BreadcrumbList\",\"@id\":\"https:\\\/\\\/foreldreutvalgene.no\\\/fub\\\/marco-elsafadi-om-barnehagestart-brutal-folelse\\\/#breadcrumb\",\"itemListElement\":[{\"@type\":\"ListItem\",\"position\":1,\"name\":\"Home\",\"item\":\"https:\\\/\\\/foreldreutvalgene.no\\\/fub\\\/\"},{\"@type\":\"ListItem\",\"position\":2,\"name\":\"Marco Elsafadi om barnehagestart: &#8211; Brutal f\u00f8lelse\"}]},{\"@type\":\"WebSite\",\"@id\":\"https:\\\/\\\/foreldreutvalgene.no\\\/fub\\\/#website\",\"url\":\"https:\\\/\\\/foreldreutvalgene.no\\\/fub\\\/\",\"name\":\"Foreldreutvalget for barnehager\",\"description\":\"\",\"publisher\":{\"@id\":\"https:\\\/\\\/foreldreutvalgene.no\\\/fub\\\/#organization\"},\"potentialAction\":[{\"@type\":\"SearchAction\",\"target\":{\"@type\":\"EntryPoint\",\"urlTemplate\":\"https:\\\/\\\/foreldreutvalgene.no\\\/fub\\\/?s={search_term_string}\"},\"query-input\":{\"@type\":\"PropertyValueSpecification\",\"valueRequired\":true,\"valueName\":\"search_term_string\"}}],\"inLanguage\":\"nb-NO\"},{\"@type\":\"Organization\",\"@id\":\"https:\\\/\\\/foreldreutvalgene.no\\\/fub\\\/#organization\",\"name\":\"Foreldreutvalget for barnehager\",\"url\":\"https:\\\/\\\/foreldreutvalgene.no\\\/fub\\\/\",\"logo\":{\"@type\":\"ImageObject\",\"inLanguage\":\"nb-NO\",\"@id\":\"https:\\\/\\\/foreldreutvalgene.no\\\/fub\\\/#\\\/schema\\\/logo\\\/image\\\/\",\"url\":\"https:\\\/\\\/foreldreutvalgene.no\\\/fub\\\/wp-content\\\/uploads\\\/sites\\\/2\\\/2021\\\/08\\\/fublogo-footer.svg\",\"contentUrl\":\"https:\\\/\\\/foreldreutvalgene.no\\\/fub\\\/wp-content\\\/uploads\\\/sites\\\/2\\\/2021\\\/08\\\/fublogo-footer.svg\",\"width\":507,\"height\":149,\"caption\":\"Foreldreutvalget for barnehager\"},\"image\":{\"@id\":\"https:\\\/\\\/foreldreutvalgene.no\\\/fub\\\/#\\\/schema\\\/logo\\\/image\\\/\"}},{\"@type\":\"Person\",\"@id\":\"https:\\\/\\\/foreldreutvalgene.no\\\/fub\\\/#\\\/schema\\\/person\\\/4074f8e84b174980cd2d4c2ec88dccef\",\"name\":\"bjornar\",\"image\":{\"@type\":\"ImageObject\",\"inLanguage\":\"nb-NO\",\"@id\":\"https:\\\/\\\/secure.gravatar.com\\\/avatar\\\/5cafd5e235f3e1bbf1c12509a1e2c8d0c45b72ded70691f3113dc1c8fb45ee92?s=96&d=mm&r=g\",\"url\":\"https:\\\/\\\/secure.gravatar.com\\\/avatar\\\/5cafd5e235f3e1bbf1c12509a1e2c8d0c45b72ded70691f3113dc1c8fb45ee92?s=96&d=mm&r=g\",\"contentUrl\":\"https:\\\/\\\/secure.gravatar.com\\\/avatar\\\/5cafd5e235f3e1bbf1c12509a1e2c8d0c45b72ded70691f3113dc1c8fb45ee92?s=96&d=mm&r=g\",\"caption\":\"bjornar\"},\"url\":\"https:\\\/\\\/foreldreutvalgene.no\\\/fub\\\/author\\\/bjornar\\\/\"}]}<\/script>\n<!-- \/ Yoast SEO Premium plugin. -->","yoast_head_json":{"title":"Marco Elsafadi om barnehagestart: - Brutal f\u00f8lelse - Foreldreutvalget for barnehager","description":"- En brutal f\u00f8lelse, det river i hjertet, sier Marco Elsafadi. I den nye podkasten husker han hva han f\u00f8lte om barnas barnehagestart.","robots":{"index":"index","follow":"follow","max-snippet":"max-snippet:-1","max-image-preview":"max-image-preview:large","max-video-preview":"max-video-preview:-1"},"canonical":"https:\/\/foreldreutvalgene.no\/fub\/marco-elsafadi-om-barnehagestart-brutal-folelse\/","og_locale":"nb_NO","og_type":"article","og_title":"Marco Elsafadi om barnehagestart: - Brutal f\u00f8lelse","og_description":"- En brutal f\u00f8lelse, det river i hjertet, sier Marco Elsafadi. I den nye podkasten husker han hva han f\u00f8lte om barnas barnehagestart.","og_url":"https:\/\/foreldreutvalgene.no\/fub\/marco-elsafadi-om-barnehagestart-brutal-folelse\/","og_site_name":"Foreldreutvalget for barnehager","article_published_time":"2024-08-01T13:12:02+00:00","article_modified_time":"2025-05-02T08:25:55+00:00","og_image":[{"width":2560,"height":1920,"url":"https:\/\/foreldreutvalgene.no\/fub\/wp-content\/uploads\/sites\/2\/2024\/08\/Marco-El-Safadi-1-av-1-scaled.jpg","type":"image\/jpeg"}],"author":"bjornar","twitter_card":"summary_large_image","twitter_misc":{"Skrevet av":"bjornar","Ansl. lesetid":"3 minutter"},"schema":{"@context":"https:\/\/schema.org","@graph":[{"@type":"Article","@id":"https:\/\/foreldreutvalgene.no\/fub\/marco-elsafadi-om-barnehagestart-brutal-folelse\/#article","isPartOf":{"@id":"https:\/\/foreldreutvalgene.no\/fub\/marco-elsafadi-om-barnehagestart-brutal-folelse\/"},"author":{"name":"bjornar","@id":"https:\/\/foreldreutvalgene.no\/fub\/#\/schema\/person\/4074f8e84b174980cd2d4c2ec88dccef"},"headline":"Marco Elsafadi om barnehagestart: &#8211; Brutal f\u00f8lelse","datePublished":"2024-08-01T13:12:02+00:00","dateModified":"2025-05-02T08:25:55+00:00","mainEntityOfPage":{"@id":"https:\/\/foreldreutvalgene.no\/fub\/marco-elsafadi-om-barnehagestart-brutal-folelse\/"},"wordCount":365,"publisher":{"@id":"https:\/\/foreldreutvalgene.no\/fub\/#organization"},"image":{"@id":"https:\/\/foreldreutvalgene.no\/fub\/marco-elsafadi-om-barnehagestart-brutal-folelse\/#primaryimage"},"thumbnailUrl":"https:\/\/foreldreutvalgene.no\/fub\/wp-content\/uploads\/sites\/2\/2024\/08\/Marco-El-Safadi-1-av-1-scaled.jpg","articleSection":["Aktuelle saker","Barnehagestart","Tilvenning"],"inLanguage":"nb-NO"},{"@type":"WebPage","@id":"https:\/\/foreldreutvalgene.no\/fub\/marco-elsafadi-om-barnehagestart-brutal-folelse\/","url":"https:\/\/foreldreutvalgene.no\/fub\/marco-elsafadi-om-barnehagestart-brutal-folelse\/","name":"Marco Elsafadi om barnehagestart: - Brutal f\u00f8lelse - Foreldreutvalget for barnehager","isPartOf":{"@id":"https:\/\/foreldreutvalgene.no\/fub\/#website"},"primaryImageOfPage":{"@id":"https:\/\/foreldreutvalgene.no\/fub\/marco-elsafadi-om-barnehagestart-brutal-folelse\/#primaryimage"},"image":{"@id":"https:\/\/foreldreutvalgene.no\/fub\/marco-elsafadi-om-barnehagestart-brutal-folelse\/#primaryimage"},"thumbnailUrl":"https:\/\/foreldreutvalgene.no\/fub\/wp-content\/uploads\/sites\/2\/2024\/08\/Marco-El-Safadi-1-av-1-scaled.jpg","datePublished":"2024-08-01T13:12:02+00:00","dateModified":"2025-05-02T08:25:55+00:00","description":"- En brutal f\u00f8lelse, det river i hjertet, sier Marco Elsafadi. I den nye podkasten husker han hva han f\u00f8lte om barnas barnehagestart.","breadcrumb":{"@id":"https:\/\/foreldreutvalgene.no\/fub\/marco-elsafadi-om-barnehagestart-brutal-folelse\/#breadcrumb"},"inLanguage":"nb-NO","potentialAction":[{"@type":"ReadAction","target":["https:\/\/foreldreutvalgene.no\/fub\/marco-elsafadi-om-barnehagestart-brutal-folelse\/"]}]},{"@type":"ImageObject","inLanguage":"nb-NO","@id":"https:\/\/foreldreutvalgene.no\/fub\/marco-elsafadi-om-barnehagestart-brutal-folelse\/#primaryimage","url":"https:\/\/foreldreutvalgene.no\/fub\/wp-content\/uploads\/sites\/2\/2024\/08\/Marco-El-Safadi-1-av-1-scaled.jpg","contentUrl":"https:\/\/foreldreutvalgene.no\/fub\/wp-content\/uploads\/sites\/2\/2024\/08\/Marco-El-Safadi-1-av-1-scaled.jpg","width":2560,"height":1920,"caption":"P\u00e5 bildet ser du Marco Elsafadi utenfor ferieleiligheten i Krager\u00f8. I den nye episoden av Foreldrepodden forteller han om barnehagestarten til sine tre barn."},{"@type":"BreadcrumbList","@id":"https:\/\/foreldreutvalgene.no\/fub\/marco-elsafadi-om-barnehagestart-brutal-folelse\/#breadcrumb","itemListElement":[{"@type":"ListItem","position":1,"name":"Home","item":"https:\/\/foreldreutvalgene.no\/fub\/"},{"@type":"ListItem","position":2,"name":"Marco Elsafadi om barnehagestart: &#8211; Brutal f\u00f8lelse"}]},{"@type":"WebSite","@id":"https:\/\/foreldreutvalgene.no\/fub\/#website","url":"https:\/\/foreldreutvalgene.no\/fub\/","name":"Foreldreutvalget for barnehager","description":"","publisher":{"@id":"https:\/\/foreldreutvalgene.no\/fub\/#organization"},"potentialAction":[{"@type":"SearchAction","target":{"@type":"EntryPoint","urlTemplate":"https:\/\/foreldreutvalgene.no\/fub\/?s={search_term_string}"},"query-input":{"@type":"PropertyValueSpecification","valueRequired":true,"valueName":"search_term_string"}}],"inLanguage":"nb-NO"},{"@type":"Organization","@id":"https:\/\/foreldreutvalgene.no\/fub\/#organization","name":"Foreldreutvalget for barnehager","url":"https:\/\/foreldreutvalgene.no\/fub\/","logo":{"@type":"ImageObject","inLanguage":"nb-NO","@id":"https:\/\/foreldreutvalgene.no\/fub\/#\/schema\/logo\/image\/","url":"https:\/\/foreldreutvalgene.no\/fub\/wp-content\/uploads\/sites\/2\/2021\/08\/fublogo-footer.svg","contentUrl":"https:\/\/foreldreutvalgene.no\/fub\/wp-content\/uploads\/sites\/2\/2021\/08\/fublogo-footer.svg","width":507,"height":149,"caption":"Foreldreutvalget for barnehager"},"image":{"@id":"https:\/\/foreldreutvalgene.no\/fub\/#\/schema\/logo\/image\/"}},{"@type":"Person","@id":"https:\/\/foreldreutvalgene.no\/fub\/#\/schema\/person\/4074f8e84b174980cd2d4c2ec88dccef","name":"bjornar","image":{"@type":"ImageObject","inLanguage":"nb-NO","@id":"https:\/\/secure.gravatar.com\/avatar\/5cafd5e235f3e1bbf1c12509a1e2c8d0c45b72ded70691f3113dc1c8fb45ee92?s=96&d=mm&r=g","url":"https:\/\/secure.gravatar.com\/avatar\/5cafd5e235f3e1bbf1c12509a1e2c8d0c45b72ded70691f3113dc1c8fb45ee92?s=96&d=mm&r=g","contentUrl":"https:\/\/secure.gravatar.com\/avatar\/5cafd5e235f3e1bbf1c12509a1e2c8d0c45b72ded70691f3113dc1c8fb45ee92?s=96&d=mm&r=g","caption":"bjornar"},"url":"https:\/\/foreldreutvalgene.no\/fub\/author\/bjornar\/"}]}},"_links":{"self":[{"href":"https:\/\/foreldreutvalgene.no\/fub\/wp-json\/wp\/v2\/posts\/7378","targetHints":{"allow":["GET"]}}],"collection":[{"href":"https:\/\/foreldreutvalgene.no\/fub\/wp-json\/wp\/v2\/posts"}],"about":[{"href":"https:\/\/foreldreutvalgene.no\/fub\/wp-json\/wp\/v2\/types\/post"}],"author":[{"embeddable":true,"href":"https:\/\/foreldreutvalgene.no\/fub\/wp-json\/wp\/v2\/users\/7"}],"replies":[{"embeddable":true,"href":"https:\/\/foreldreutvalgene.no\/fub\/wp-json\/wp\/v2\/comments?post=7378"}],"version-history":[{"count":8,"href":"https:\/\/foreldreutvalgene.no\/fub\/wp-json\/wp\/v2\/posts\/7378\/revisions"}],"predecessor-version":[{"id":8023,"href":"https:\/\/foreldreutvalgene.no\/fub\/wp-json\/wp\/v2\/posts\/7378\/revisions\/8023"}],"wp:featuredmedia":[{"embeddable":true,"href":"https:\/\/foreldreutvalgene.no\/fub\/wp-json\/wp\/v2\/media\/7380"}],"wp:attachment":[{"href":"https:\/\/foreldreutvalgene.no\/fub\/wp-json\/wp\/v2\/media?parent=7378"}],"wp:term":[{"taxonomy":"category","embeddable":true,"href":"https:\/\/foreldreutvalgene.no\/fub\/wp-json\/wp\/v2\/categories?post=7378"},{"taxonomy":"post_tag","embeddable":true,"href":"https:\/\/foreldreutvalgene.no\/fub\/wp-json\/wp\/v2\/tags?post=7378"}],"curies":[{"name":"wp","href":"https:\/\/api.w.org\/{rel}","templated":true}]}}