{"id":7004,"date":"2024-02-09T13:05:29","date_gmt":"2024-02-09T12:05:29","guid":{"rendered":"https:\/\/foreldreutvalgene.no\/fub\/?p=7004"},"modified":"2025-02-04T09:34:11","modified_gmt":"2025-02-04T08:34:11","slug":"stedet-mitt-seminar-for-barnehagedagen-2024","status":"publish","type":"post","link":"https:\/\/foreldreutvalgene.no\/fub\/stedet-mitt-seminar-for-barnehagedagen-2024\/","title":{"rendered":"Opptak av seminar for Barnehagedagen 2024"},"content":{"rendered":"\n<figure class=\"wp-block-embed is-type-video is-provider-vimeo wp-block-embed-vimeo wp-embed-aspect-16-9 wp-has-aspect-ratio\"><div class=\"wp-block-embed__wrapper\">\n<div class=\"video-container\"><iframe loading=\"lazy\" title=\"Seminar f\u00f8r barnehagedagen 2024\" src=\"https:\/\/player.vimeo.com\/video\/910417157?dnt=1&amp;app_id=122963\" width=\"680\" height=\"383\" frameborder=\"0\" allow=\"autoplay; fullscreen; picture-in-picture; clipboard-write\"><\/iframe><\/div>\n<\/div><\/figure>\n\n\n\n<p class=\"has-large-font-size\"><strong>For \u00e5 varme opp til Barnehagedagen inviterte Fagforbundet, Utdanningsforbundet og FUB barnehageansatte, foreldre og andre interesserte til kveldsseminar mandag 11. mars. Her kan du sj\u00e5 seminaret i opptak.<\/strong><\/p>\n\n\n\n<div class=\"wp-block-columns has-white-background-color has-background is-layout-flex wp-container-core-columns-is-layout-9d6595d7 wp-block-columns-is-layout-flex\">\n<div class=\"wp-block-column is-layout-flow wp-block-column-is-layout-flow\" style=\"flex-basis:100%\">\n<div class=\"wp-block-pb-accordion-item c-accordion__item js-accordion-item no-js\" data-initially-open=\"false\" data-click-to-close=\"true\" data-auto-close=\"true\" data-scroll=\"false\" data-scroll-offset=\"0\"><h2 id=\"at-70040\" class=\"c-accordion__title js-accordion-controller\" role=\"button\">Program for kveldsseminaret<\/h2><div id=\"ac-70040\" class=\"c-accordion__content\">\n<p><strong>M\u00f8teledere:<\/strong><br>Ingri Bj\u00f8rnevik, Fagforbundet<br>Hanne Fehn Dahle, Utdanningsforbundet<\/p>\n\n\n\n<p>18.00\u201318.05&nbsp;&nbsp;<br>Hilsen fra Hege Bae Nyholdt, leder av Stortingets Utdannings- og forskningskomite.<\/p>\n\n\n\n<p>18.05\u201318.20&nbsp;<br>May Britt Sundal fra Fagforbundet, yrkesseksjonsleder for kirke, kultur og oppvekst&nbsp;&nbsp;&nbsp;<br>Geir R\u00f8svoll, leder av Utdanningsforbundet&nbsp;&nbsp;&nbsp;<br>Tor Eirik Rasmussen, leder av Foreldreutvalget for barnehager (FUB)<br><br>18.20\u201318.35&nbsp;<br><strong>Stedets betydning for fellesskap og tilh\u00f8righet<\/strong><br>v\/Jon Kaurel, Utdanningsforbundet<\/p>\n\n\n\n<p>18.35\u201318.50&nbsp;<br><strong>N\u00e5r stedet er verden. Barnehagebarns navigering mellom det lokale og det globale<\/strong><br>v\/Katrine Gi\u00e6ver, OsloMet&nbsp;&nbsp;<\/p>\n\n\n\n<p>18.50\u201319.00<br><strong>Sp\u00f8rsm\u00e5l fra salen&nbsp;<\/strong><\/p>\n\n\n\n<p>19.00\u201319.10&nbsp;&nbsp;<br>Pause&nbsp;<\/p>\n\n\n\n<p>19.10\u201319.25&nbsp;<br><strong>Bruken av fjellet og byen<\/strong><br>v\/ Marius Aaning Strandos, Fl\u00f8yfjellet naturbarnehage&nbsp;<\/p>\n\n\n\n<p>19.25\u201319.40&nbsp;<br><strong>Hvordan bruke og finne x-faktoren i n\u00e6rmilj\u00f8et?<\/strong><br>v\/ \u00d8ystein Brog\u00e5rd, Tronvik G\u00e5rdsbarnehage&nbsp;<\/p>\n\n\n\n<p>19.40-19.50<br><strong>Sp\u00f8rsm\u00e5l fra salen<\/strong><\/p>\n<\/div><\/div>\n<\/div>\n<\/div>\n\n\n\n<p><strong>Her kan du laste ned&nbsp;<a href=\"https:\/\/foreldreutvalgene.no\/fub\/plakater-til-barnehagedagen\/\">plakater p\u00e5 ditt spr\u00e5k til Barnehagedagen 2024<\/a><\/strong><\/p>\n\n\n\n<p><strong>Gikk du glipp av fjor\u00e5rets seminar om bemanning? <a href=\"https:\/\/foreldreutvalgene.no\/fub\/se-nettseminar-om-bemanning\/\">Se det HER<\/a><\/strong><\/p>\n","protected":false},"excerpt":{"rendered":"<p>For \u00e5 varme opp til Barnehagedagen inviterte Fagforbundet, Utdanningsforbundet og FUB barnehageansatte, foreldre og andre interesserte til kveldsseminar mandag 11. mars. Her kan du sj\u00e5 seminaret i opptak. Her kan du laste ned&nbsp;plakater p\u00e5 ditt spr\u00e5k til Barnehagedagen 2024 Gikk du glipp av fjor\u00e5rets seminar om bemanning? Se det HER<\/p>\n","protected":false},"author":7,"featured_media":7018,"comment_status":"closed","ping_status":"closed","sticky":false,"template":"","format":"standard","meta":{"_acf_changed":false,"footnotes":""},"categories":[45],"tags":[],"class_list":["post-7004","post","type-post","status-publish","format-standard","has-post-thumbnail","hentry","category-barnehagedagen"],"acf":[],"yoast_head":"<!-- This site is optimized with the Yoast SEO Premium plugin v27.4 (Yoast SEO v27.4) - https:\/\/yoast.com\/product\/yoast-seo-premium-wordpress\/ -->\n<title>Opptak av seminar for Barnehagedagen 2024 - Foreldreutvalget for barnehager<\/title>\n<meta name=\"description\" content=\"I forbindelse med Barnehagedagen 2024 inviterer vi ansatte, foreldre og andre til kveldsseminar 11. mars i L\u00e6rernes hus. Meld deg p\u00e5 her.\" \/>\n<meta name=\"robots\" content=\"index, follow, max-snippet:-1, max-image-preview:large, max-video-preview:-1\" \/>\n<link rel=\"canonical\" href=\"https:\/\/foreldreutvalgene.no\/fub\/stedet-mitt-seminar-for-barnehagedagen-2024\/\" \/>\n<meta property=\"og:locale\" content=\"nb_NO\" \/>\n<meta property=\"og:type\" content=\"article\" \/>\n<meta property=\"og:title\" content=\"Opptak av seminar for Barnehagedagen 2024\" \/>\n<meta property=\"og:description\" content=\"I forbindelse med Barnehagedagen 2024 inviterer vi ansatte, foreldre og andre til kveldsseminar 11. mars i L\u00e6rernes hus. Meld deg p\u00e5 her.\" \/>\n<meta property=\"og:url\" content=\"https:\/\/foreldreutvalgene.no\/fub\/stedet-mitt-seminar-for-barnehagedagen-2024\/\" \/>\n<meta property=\"og:site_name\" content=\"Foreldreutvalget for barnehager\" \/>\n<meta property=\"article:published_time\" content=\"2024-02-09T12:05:29+00:00\" \/>\n<meta property=\"article:modified_time\" content=\"2025-02-04T08:34:11+00:00\" \/>\n<meta property=\"og:image\" content=\"https:\/\/foreldreutvalgene.no\/fub\/wp-content\/uploads\/sites\/2\/2024\/02\/Lita-jente-i-barnehagen.jpg\" \/>\n\t<meta property=\"og:image:width\" content=\"1920\" \/>\n\t<meta property=\"og:image:height\" content=\"1280\" \/>\n\t<meta property=\"og:image:type\" content=\"image\/jpeg\" \/>\n<meta name=\"author\" content=\"bjornar\" \/>\n<meta name=\"twitter:card\" content=\"summary_large_image\" \/>\n<meta name=\"twitter:label1\" content=\"Skrevet av\" \/>\n\t<meta name=\"twitter:data1\" content=\"bjornar\" \/>\n\t<meta name=\"twitter:label2\" content=\"Ansl. lesetid\" \/>\n\t<meta name=\"twitter:data2\" content=\"2 minutter\" \/>\n<script type=\"application\/ld+json\" class=\"yoast-schema-graph\">{\"@context\":\"https:\\\/\\\/schema.org\",\"@graph\":[{\"@type\":\"Article\",\"@id\":\"https:\\\/\\\/foreldreutvalgene.no\\\/fub\\\/stedet-mitt-seminar-for-barnehagedagen-2024\\\/#article\",\"isPartOf\":{\"@id\":\"https:\\\/\\\/foreldreutvalgene.no\\\/fub\\\/stedet-mitt-seminar-for-barnehagedagen-2024\\\/\"},\"author\":{\"name\":\"bjornar\",\"@id\":\"https:\\\/\\\/foreldreutvalgene.no\\\/fub\\\/#\\\/schema\\\/person\\\/4074f8e84b174980cd2d4c2ec88dccef\"},\"headline\":\"Opptak av seminar for Barnehagedagen 2024\",\"datePublished\":\"2024-02-09T12:05:29+00:00\",\"dateModified\":\"2025-02-04T08:34:11+00:00\",\"mainEntityOfPage\":{\"@id\":\"https:\\\/\\\/foreldreutvalgene.no\\\/fub\\\/stedet-mitt-seminar-for-barnehagedagen-2024\\\/\"},\"wordCount\":198,\"publisher\":{\"@id\":\"https:\\\/\\\/foreldreutvalgene.no\\\/fub\\\/#organization\"},\"image\":{\"@id\":\"https:\\\/\\\/foreldreutvalgene.no\\\/fub\\\/stedet-mitt-seminar-for-barnehagedagen-2024\\\/#primaryimage\"},\"thumbnailUrl\":\"https:\\\/\\\/foreldreutvalgene.no\\\/fub\\\/wp-content\\\/uploads\\\/sites\\\/2\\\/2024\\\/02\\\/Lita-jente-i-barnehagen.jpg\",\"articleSection\":[\"Barnehagedagen\"],\"inLanguage\":\"nb-NO\"},{\"@type\":\"WebPage\",\"@id\":\"https:\\\/\\\/foreldreutvalgene.no\\\/fub\\\/stedet-mitt-seminar-for-barnehagedagen-2024\\\/\",\"url\":\"https:\\\/\\\/foreldreutvalgene.no\\\/fub\\\/stedet-mitt-seminar-for-barnehagedagen-2024\\\/\",\"name\":\"Opptak av seminar for Barnehagedagen 2024 - Foreldreutvalget for barnehager\",\"isPartOf\":{\"@id\":\"https:\\\/\\\/foreldreutvalgene.no\\\/fub\\\/#website\"},\"primaryImageOfPage\":{\"@id\":\"https:\\\/\\\/foreldreutvalgene.no\\\/fub\\\/stedet-mitt-seminar-for-barnehagedagen-2024\\\/#primaryimage\"},\"image\":{\"@id\":\"https:\\\/\\\/foreldreutvalgene.no\\\/fub\\\/stedet-mitt-seminar-for-barnehagedagen-2024\\\/#primaryimage\"},\"thumbnailUrl\":\"https:\\\/\\\/foreldreutvalgene.no\\\/fub\\\/wp-content\\\/uploads\\\/sites\\\/2\\\/2024\\\/02\\\/Lita-jente-i-barnehagen.jpg\",\"datePublished\":\"2024-02-09T12:05:29+00:00\",\"dateModified\":\"2025-02-04T08:34:11+00:00\",\"description\":\"I forbindelse med Barnehagedagen 2024 inviterer vi ansatte, foreldre og andre til kveldsseminar 11. mars i L\u00e6rernes hus. Meld deg p\u00e5 her.\",\"breadcrumb\":{\"@id\":\"https:\\\/\\\/foreldreutvalgene.no\\\/fub\\\/stedet-mitt-seminar-for-barnehagedagen-2024\\\/#breadcrumb\"},\"inLanguage\":\"nb-NO\",\"potentialAction\":[{\"@type\":\"ReadAction\",\"target\":[\"https:\\\/\\\/foreldreutvalgene.no\\\/fub\\\/stedet-mitt-seminar-for-barnehagedagen-2024\\\/\"]}]},{\"@type\":\"ImageObject\",\"inLanguage\":\"nb-NO\",\"@id\":\"https:\\\/\\\/foreldreutvalgene.no\\\/fub\\\/stedet-mitt-seminar-for-barnehagedagen-2024\\\/#primaryimage\",\"url\":\"https:\\\/\\\/foreldreutvalgene.no\\\/fub\\\/wp-content\\\/uploads\\\/sites\\\/2\\\/2024\\\/02\\\/Lita-jente-i-barnehagen.jpg\",\"contentUrl\":\"https:\\\/\\\/foreldreutvalgene.no\\\/fub\\\/wp-content\\\/uploads\\\/sites\\\/2\\\/2024\\\/02\\\/Lita-jente-i-barnehagen.jpg\",\"width\":1920,\"height\":1280,\"caption\":\"Bildet viser ei lita jente p\u00e5 forundringsreise ute i barnehagen.\"},{\"@type\":\"BreadcrumbList\",\"@id\":\"https:\\\/\\\/foreldreutvalgene.no\\\/fub\\\/stedet-mitt-seminar-for-barnehagedagen-2024\\\/#breadcrumb\",\"itemListElement\":[{\"@type\":\"ListItem\",\"position\":1,\"name\":\"Home\",\"item\":\"https:\\\/\\\/foreldreutvalgene.no\\\/fub\\\/\"},{\"@type\":\"ListItem\",\"position\":2,\"name\":\"Opptak av seminar for Barnehagedagen 2024\"}]},{\"@type\":\"WebSite\",\"@id\":\"https:\\\/\\\/foreldreutvalgene.no\\\/fub\\\/#website\",\"url\":\"https:\\\/\\\/foreldreutvalgene.no\\\/fub\\\/\",\"name\":\"Foreldreutvalget for barnehager\",\"description\":\"\",\"publisher\":{\"@id\":\"https:\\\/\\\/foreldreutvalgene.no\\\/fub\\\/#organization\"},\"potentialAction\":[{\"@type\":\"SearchAction\",\"target\":{\"@type\":\"EntryPoint\",\"urlTemplate\":\"https:\\\/\\\/foreldreutvalgene.no\\\/fub\\\/?s={search_term_string}\"},\"query-input\":{\"@type\":\"PropertyValueSpecification\",\"valueRequired\":true,\"valueName\":\"search_term_string\"}}],\"inLanguage\":\"nb-NO\"},{\"@type\":\"Organization\",\"@id\":\"https:\\\/\\\/foreldreutvalgene.no\\\/fub\\\/#organization\",\"name\":\"Foreldreutvalget for barnehager\",\"url\":\"https:\\\/\\\/foreldreutvalgene.no\\\/fub\\\/\",\"logo\":{\"@type\":\"ImageObject\",\"inLanguage\":\"nb-NO\",\"@id\":\"https:\\\/\\\/foreldreutvalgene.no\\\/fub\\\/#\\\/schema\\\/logo\\\/image\\\/\",\"url\":\"https:\\\/\\\/foreldreutvalgene.no\\\/fub\\\/wp-content\\\/uploads\\\/sites\\\/2\\\/2021\\\/08\\\/fublogo-footer.svg\",\"contentUrl\":\"https:\\\/\\\/foreldreutvalgene.no\\\/fub\\\/wp-content\\\/uploads\\\/sites\\\/2\\\/2021\\\/08\\\/fublogo-footer.svg\",\"width\":507,\"height\":149,\"caption\":\"Foreldreutvalget for barnehager\"},\"image\":{\"@id\":\"https:\\\/\\\/foreldreutvalgene.no\\\/fub\\\/#\\\/schema\\\/logo\\\/image\\\/\"}},{\"@type\":\"Person\",\"@id\":\"https:\\\/\\\/foreldreutvalgene.no\\\/fub\\\/#\\\/schema\\\/person\\\/4074f8e84b174980cd2d4c2ec88dccef\",\"name\":\"bjornar\",\"image\":{\"@type\":\"ImageObject\",\"inLanguage\":\"nb-NO\",\"@id\":\"https:\\\/\\\/secure.gravatar.com\\\/avatar\\\/5cafd5e235f3e1bbf1c12509a1e2c8d0c45b72ded70691f3113dc1c8fb45ee92?s=96&d=mm&r=g\",\"url\":\"https:\\\/\\\/secure.gravatar.com\\\/avatar\\\/5cafd5e235f3e1bbf1c12509a1e2c8d0c45b72ded70691f3113dc1c8fb45ee92?s=96&d=mm&r=g\",\"contentUrl\":\"https:\\\/\\\/secure.gravatar.com\\\/avatar\\\/5cafd5e235f3e1bbf1c12509a1e2c8d0c45b72ded70691f3113dc1c8fb45ee92?s=96&d=mm&r=g\",\"caption\":\"bjornar\"},\"url\":\"https:\\\/\\\/foreldreutvalgene.no\\\/fub\\\/author\\\/bjornar\\\/\"}]}<\/script>\n<!-- \/ Yoast SEO Premium plugin. -->","yoast_head_json":{"title":"Opptak av seminar for Barnehagedagen 2024 - Foreldreutvalget for barnehager","description":"I forbindelse med Barnehagedagen 2024 inviterer vi ansatte, foreldre og andre til kveldsseminar 11. mars i L\u00e6rernes hus. Meld deg p\u00e5 her.","robots":{"index":"index","follow":"follow","max-snippet":"max-snippet:-1","max-image-preview":"max-image-preview:large","max-video-preview":"max-video-preview:-1"},"canonical":"https:\/\/foreldreutvalgene.no\/fub\/stedet-mitt-seminar-for-barnehagedagen-2024\/","og_locale":"nb_NO","og_type":"article","og_title":"Opptak av seminar for Barnehagedagen 2024","og_description":"I forbindelse med Barnehagedagen 2024 inviterer vi ansatte, foreldre og andre til kveldsseminar 11. mars i L\u00e6rernes hus. Meld deg p\u00e5 her.","og_url":"https:\/\/foreldreutvalgene.no\/fub\/stedet-mitt-seminar-for-barnehagedagen-2024\/","og_site_name":"Foreldreutvalget for barnehager","article_published_time":"2024-02-09T12:05:29+00:00","article_modified_time":"2025-02-04T08:34:11+00:00","og_image":[{"width":1920,"height":1280,"url":"https:\/\/foreldreutvalgene.no\/fub\/wp-content\/uploads\/sites\/2\/2024\/02\/Lita-jente-i-barnehagen.jpg","type":"image\/jpeg"}],"author":"bjornar","twitter_card":"summary_large_image","twitter_misc":{"Skrevet av":"bjornar","Ansl. lesetid":"2 minutter"},"schema":{"@context":"https:\/\/schema.org","@graph":[{"@type":"Article","@id":"https:\/\/foreldreutvalgene.no\/fub\/stedet-mitt-seminar-for-barnehagedagen-2024\/#article","isPartOf":{"@id":"https:\/\/foreldreutvalgene.no\/fub\/stedet-mitt-seminar-for-barnehagedagen-2024\/"},"author":{"name":"bjornar","@id":"https:\/\/foreldreutvalgene.no\/fub\/#\/schema\/person\/4074f8e84b174980cd2d4c2ec88dccef"},"headline":"Opptak av seminar for Barnehagedagen 2024","datePublished":"2024-02-09T12:05:29+00:00","dateModified":"2025-02-04T08:34:11+00:00","mainEntityOfPage":{"@id":"https:\/\/foreldreutvalgene.no\/fub\/stedet-mitt-seminar-for-barnehagedagen-2024\/"},"wordCount":198,"publisher":{"@id":"https:\/\/foreldreutvalgene.no\/fub\/#organization"},"image":{"@id":"https:\/\/foreldreutvalgene.no\/fub\/stedet-mitt-seminar-for-barnehagedagen-2024\/#primaryimage"},"thumbnailUrl":"https:\/\/foreldreutvalgene.no\/fub\/wp-content\/uploads\/sites\/2\/2024\/02\/Lita-jente-i-barnehagen.jpg","articleSection":["Barnehagedagen"],"inLanguage":"nb-NO"},{"@type":"WebPage","@id":"https:\/\/foreldreutvalgene.no\/fub\/stedet-mitt-seminar-for-barnehagedagen-2024\/","url":"https:\/\/foreldreutvalgene.no\/fub\/stedet-mitt-seminar-for-barnehagedagen-2024\/","name":"Opptak av seminar for Barnehagedagen 2024 - Foreldreutvalget for barnehager","isPartOf":{"@id":"https:\/\/foreldreutvalgene.no\/fub\/#website"},"primaryImageOfPage":{"@id":"https:\/\/foreldreutvalgene.no\/fub\/stedet-mitt-seminar-for-barnehagedagen-2024\/#primaryimage"},"image":{"@id":"https:\/\/foreldreutvalgene.no\/fub\/stedet-mitt-seminar-for-barnehagedagen-2024\/#primaryimage"},"thumbnailUrl":"https:\/\/foreldreutvalgene.no\/fub\/wp-content\/uploads\/sites\/2\/2024\/02\/Lita-jente-i-barnehagen.jpg","datePublished":"2024-02-09T12:05:29+00:00","dateModified":"2025-02-04T08:34:11+00:00","description":"I forbindelse med Barnehagedagen 2024 inviterer vi ansatte, foreldre og andre til kveldsseminar 11. mars i L\u00e6rernes hus. Meld deg p\u00e5 her.","breadcrumb":{"@id":"https:\/\/foreldreutvalgene.no\/fub\/stedet-mitt-seminar-for-barnehagedagen-2024\/#breadcrumb"},"inLanguage":"nb-NO","potentialAction":[{"@type":"ReadAction","target":["https:\/\/foreldreutvalgene.no\/fub\/stedet-mitt-seminar-for-barnehagedagen-2024\/"]}]},{"@type":"ImageObject","inLanguage":"nb-NO","@id":"https:\/\/foreldreutvalgene.no\/fub\/stedet-mitt-seminar-for-barnehagedagen-2024\/#primaryimage","url":"https:\/\/foreldreutvalgene.no\/fub\/wp-content\/uploads\/sites\/2\/2024\/02\/Lita-jente-i-barnehagen.jpg","contentUrl":"https:\/\/foreldreutvalgene.no\/fub\/wp-content\/uploads\/sites\/2\/2024\/02\/Lita-jente-i-barnehagen.jpg","width":1920,"height":1280,"caption":"Bildet viser ei lita jente p\u00e5 forundringsreise ute i barnehagen."},{"@type":"BreadcrumbList","@id":"https:\/\/foreldreutvalgene.no\/fub\/stedet-mitt-seminar-for-barnehagedagen-2024\/#breadcrumb","itemListElement":[{"@type":"ListItem","position":1,"name":"Home","item":"https:\/\/foreldreutvalgene.no\/fub\/"},{"@type":"ListItem","position":2,"name":"Opptak av seminar for Barnehagedagen 2024"}]},{"@type":"WebSite","@id":"https:\/\/foreldreutvalgene.no\/fub\/#website","url":"https:\/\/foreldreutvalgene.no\/fub\/","name":"Foreldreutvalget for barnehager","description":"","publisher":{"@id":"https:\/\/foreldreutvalgene.no\/fub\/#organization"},"potentialAction":[{"@type":"SearchAction","target":{"@type":"EntryPoint","urlTemplate":"https:\/\/foreldreutvalgene.no\/fub\/?s={search_term_string}"},"query-input":{"@type":"PropertyValueSpecification","valueRequired":true,"valueName":"search_term_string"}}],"inLanguage":"nb-NO"},{"@type":"Organization","@id":"https:\/\/foreldreutvalgene.no\/fub\/#organization","name":"Foreldreutvalget for barnehager","url":"https:\/\/foreldreutvalgene.no\/fub\/","logo":{"@type":"ImageObject","inLanguage":"nb-NO","@id":"https:\/\/foreldreutvalgene.no\/fub\/#\/schema\/logo\/image\/","url":"https:\/\/foreldreutvalgene.no\/fub\/wp-content\/uploads\/sites\/2\/2021\/08\/fublogo-footer.svg","contentUrl":"https:\/\/foreldreutvalgene.no\/fub\/wp-content\/uploads\/sites\/2\/2021\/08\/fublogo-footer.svg","width":507,"height":149,"caption":"Foreldreutvalget for barnehager"},"image":{"@id":"https:\/\/foreldreutvalgene.no\/fub\/#\/schema\/logo\/image\/"}},{"@type":"Person","@id":"https:\/\/foreldreutvalgene.no\/fub\/#\/schema\/person\/4074f8e84b174980cd2d4c2ec88dccef","name":"bjornar","image":{"@type":"ImageObject","inLanguage":"nb-NO","@id":"https:\/\/secure.gravatar.com\/avatar\/5cafd5e235f3e1bbf1c12509a1e2c8d0c45b72ded70691f3113dc1c8fb45ee92?s=96&d=mm&r=g","url":"https:\/\/secure.gravatar.com\/avatar\/5cafd5e235f3e1bbf1c12509a1e2c8d0c45b72ded70691f3113dc1c8fb45ee92?s=96&d=mm&r=g","contentUrl":"https:\/\/secure.gravatar.com\/avatar\/5cafd5e235f3e1bbf1c12509a1e2c8d0c45b72ded70691f3113dc1c8fb45ee92?s=96&d=mm&r=g","caption":"bjornar"},"url":"https:\/\/foreldreutvalgene.no\/fub\/author\/bjornar\/"}]}},"_links":{"self":[{"href":"https:\/\/foreldreutvalgene.no\/fub\/wp-json\/wp\/v2\/posts\/7004","targetHints":{"allow":["GET"]}}],"collection":[{"href":"https:\/\/foreldreutvalgene.no\/fub\/wp-json\/wp\/v2\/posts"}],"about":[{"href":"https:\/\/foreldreutvalgene.no\/fub\/wp-json\/wp\/v2\/types\/post"}],"author":[{"embeddable":true,"href":"https:\/\/foreldreutvalgene.no\/fub\/wp-json\/wp\/v2\/users\/7"}],"replies":[{"embeddable":true,"href":"https:\/\/foreldreutvalgene.no\/fub\/wp-json\/wp\/v2\/comments?post=7004"}],"version-history":[{"count":17,"href":"https:\/\/foreldreutvalgene.no\/fub\/wp-json\/wp\/v2\/posts\/7004\/revisions"}],"predecessor-version":[{"id":7194,"href":"https:\/\/foreldreutvalgene.no\/fub\/wp-json\/wp\/v2\/posts\/7004\/revisions\/7194"}],"wp:featuredmedia":[{"embeddable":true,"href":"https:\/\/foreldreutvalgene.no\/fub\/wp-json\/wp\/v2\/media\/7018"}],"wp:attachment":[{"href":"https:\/\/foreldreutvalgene.no\/fub\/wp-json\/wp\/v2\/media?parent=7004"}],"wp:term":[{"taxonomy":"category","embeddable":true,"href":"https:\/\/foreldreutvalgene.no\/fub\/wp-json\/wp\/v2\/categories?post=7004"},{"taxonomy":"post_tag","embeddable":true,"href":"https:\/\/foreldreutvalgene.no\/fub\/wp-json\/wp\/v2\/tags?post=7004"}],"curies":[{"name":"wp","href":"https:\/\/api.w.org\/{rel}","templated":true}]}}