{"id":3325,"date":"2022-03-29T16:49:00","date_gmt":"2022-03-29T14:49:00","guid":{"rendered":"https:\/\/foreldreutvalgene.no\/fub\/?p=3325"},"modified":"2024-05-08T11:11:25","modified_gmt":"2024-05-08T09:11:25","slug":"se-nettseminar-om-barnehagedagen","status":"publish","type":"post","link":"https:\/\/foreldreutvalgene.no\/fub\/se-nettseminar-om-barnehagedagen\/","title":{"rendered":"Se nettseminar om Barnehagedagen"},"content":{"rendered":"\n<figure class=\"wp-block-image size-large\"><img loading=\"lazy\" decoding=\"async\" width=\"1024\" height=\"575\" src=\"https:\/\/foreldreutvalgene.no\/fub\/wp-content\/uploads\/sites\/2\/2022\/03\/Barnehagedagen-live-1024x575.jpg\" alt=\"\" class=\"wp-image-3329\" srcset=\"https:\/\/foreldreutvalgene.no\/fub\/wp-content\/uploads\/sites\/2\/2022\/03\/Barnehagedagen-live-1024x575.jpg 1024w, https:\/\/foreldreutvalgene.no\/fub\/wp-content\/uploads\/sites\/2\/2022\/03\/Barnehagedagen-live-300x169.jpg 300w, https:\/\/foreldreutvalgene.no\/fub\/wp-content\/uploads\/sites\/2\/2022\/03\/Barnehagedagen-live-768x432.jpg 768w, https:\/\/foreldreutvalgene.no\/fub\/wp-content\/uploads\/sites\/2\/2022\/03\/Barnehagedagen-live-620x348.jpg 620w, https:\/\/foreldreutvalgene.no\/fub\/wp-content\/uploads\/sites\/2\/2022\/03\/Barnehagedagen-live-120x67.jpg 120w, https:\/\/foreldreutvalgene.no\/fub\/wp-content\/uploads\/sites\/2\/2022\/03\/Barnehagedagen-live-320x180.jpg 320w, https:\/\/foreldreutvalgene.no\/fub\/wp-content\/uploads\/sites\/2\/2022\/03\/Barnehagedagen-live-1440x809.jpg 1440w, https:\/\/foreldreutvalgene.no\/fub\/wp-content\/uploads\/sites\/2\/2022\/03\/Barnehagedagen-live.jpg 1534w\" sizes=\"auto, (max-width: 1024px) 100vw, 1024px\" \/><\/figure>\n\n\n\n<p>Skjermdumpen viser deltakerne i nettseminaret om barnehagedagen. \u00d8verst fra venstre: Sondre Bjaberg, Marianne Fehn, Dina Von Heimburg og Ellen Os.<\/p>\n\n\n\n<p class=\"has-large-font-size\"><strong>Er du en av dem som gikk glipp av nettseminaret om Barnehagedagen og vennskap i g\u00e5r? Fortvil ikke, her finner du seminaret i opptak. <\/strong><\/p>\n\n\n\n<p>Med over 1500 p\u00e5meldte og mange som fulgte med live p\u00e5 Facebook s\u00e5 var \u00e5rets nettseminar en suksess. Ellen Os, Sondre Bjaberg og Dina von Heimburg bidro med sine perspektiv p\u00e5 temaet vennskap, og vi fikk ogs\u00e5 innslag fra kunnskapsminister Tonje Brenna og lederne for Fagforbundet, Utdanningsforbundet og FUB. <\/p>\n\n\n\n<p>Gikk du glipp av arrangementet eller \u00f8nsker du \u00e5 se det om igjen, s\u00e5 kan du gj\u00f8re det her: <\/p>\n\n\n\n<p><a href=\"https:\/\/livestream.com\/accounts\/22763363\/events\/10225134\/videos\/229927285\/player?width=640&amp;height=360&amp;enableInfo=true&amp;defaultDrawer=&amp;autoPlay=true&amp;mute=false\">Nettseminar &#8211; Barnehagedagen 2022 &#8211; Vennskap<\/a><a href=\"\"><\/a><\/p>\n\n\n\n<h3 class=\"wp-block-heading\" id=\"h-program\">Program<\/h3>\n\n\n\n<p><strong>M\u00f8teleder:<\/strong> Marianne Fehn, FUB<br><br><strong>Hilsen&nbsp;<\/strong><br>Kunnskapsminister Tonje Brenna<\/p>\n\n\n\n<p><strong>Velkommen<\/strong>&nbsp;<br>Leder av FUB, Einar Olav Larsen<br>Leder av Fagforbundet, May-Britt Sundal<br>Leder av Utdanningsforbundet, Steffen Handal<\/p>\n\n\n\n<p><strong>Foredrag<\/strong><\/p>\n\n\n\n<div class=\"wp-block-columns is-layout-flex wp-container-core-columns-is-layout-9d6595d7 wp-block-columns-is-layout-flex\">\n<div class=\"wp-block-column is-layout-flow wp-block-column-is-layout-flow\" style=\"flex-basis:50%\">\n<div class=\"wp-block-group\"><div class=\"wp-block-group__inner-container is-layout-flow wp-block-group-is-layout-flow\">\n<p><strong>Foredrag<\/strong><br>\u00abDet e itjn\u00e5 som kjem t\u00e5 s\u00e6 sj\u00f8l: Utfordringer i barnehagens arbeid med vennskap og relasjoner mellom de yngste barnehagebarna\u00bb<br><em>Ellen Os, f\u00f8rsteamanuensis, OsloMet<\/em><\/p>\n<\/div><\/div>\n<\/div>\n\n\n\n<div class=\"wp-block-column is-layout-flow wp-block-column-is-layout-flow\" style=\"flex-basis:50%\">\n<div class=\"wp-block-file\"><a id=\"wp-block-file--media-6fe57962-68c7-435e-b6a3-21a214b1e638\" href=\"https:\/\/foreldreutvalgene.no\/fub\/wp-content\/uploads\/sites\/2\/2022\/03\/Ellen-Os-Det-itjna-som-kjem-ta-sae-sjol.pdf\">Det itjn\u00e5 som kjem ta s\u00e6 sj\u00f8l<\/a><a href=\"https:\/\/foreldreutvalgene.no\/fub\/wp-content\/uploads\/sites\/2\/2022\/03\/Ellen-Os-Det-itjna-som-kjem-ta-sae-sjol.pdf\" class=\"wp-block-file__button wp-element-button\" download aria-describedby=\"wp-block-file--media-6fe57962-68c7-435e-b6a3-21a214b1e638\">Last ned<\/a><\/div>\n<\/div>\n<\/div>\n\n\n\n<div class=\"wp-block-columns is-layout-flex wp-container-core-columns-is-layout-9d6595d7 wp-block-columns-is-layout-flex\">\n<div class=\"wp-block-column is-layout-flow wp-block-column-is-layout-flow\" style=\"flex-basis:50%\">\n<div class=\"wp-block-group\"><div class=\"wp-block-group__inner-container is-layout-flow wp-block-group-is-layout-flow\">\n<div class=\"wp-block-columns is-layout-flex wp-container-core-columns-is-layout-9d6595d7 wp-block-columns-is-layout-flex\">\n<div class=\"wp-block-column is-layout-flow wp-block-column-is-layout-flow\" style=\"flex-basis:100%\">\n<p>\u00abVoksne skaper vennskap \u2013 b\u00e5de i og utenfor barnehagen\u00bb <br><em>Dina Von Heimburg, universitetslektor, NTNU<\/em><\/p>\n\n\n\n<p><br><br>\u00abVennskap i barnehagen\u00bb<br><em>Sondre Bjaberg, pedagogisk leder, \u00c5rvollskogen barnehage i Oslo<\/em><\/p>\n<\/div>\n<\/div>\n<\/div><\/div>\n<\/div>\n\n\n\n<div class=\"wp-block-column is-layout-flow wp-block-column-is-layout-flow\" style=\"flex-basis:50%\">\n<div class=\"wp-block-file\"><a id=\"wp-block-file--media-241c562e-d17a-4221-a85c-b6848598980e\" href=\"https:\/\/foreldreutvalgene.no\/fub\/wp-content\/uploads\/sites\/2\/2022\/03\/Dina-Von-Heimburg-voksne-skaper-vennskap-bade-i-og-utenfor-barnehagen.pdf\">Voksne skaper vennskap b\u00e5de i og utenfor barnehagen<\/a><a href=\"https:\/\/foreldreutvalgene.no\/fub\/wp-content\/uploads\/sites\/2\/2022\/03\/Dina-Von-Heimburg-voksne-skaper-vennskap-bade-i-og-utenfor-barnehagen.pdf\" class=\"wp-block-file__button wp-element-button\" download aria-describedby=\"wp-block-file--media-241c562e-d17a-4221-a85c-b6848598980e\">Last ned<\/a><\/div>\n<\/div>\n<\/div>\n\n\n\n<p><strong>Samtale mellom innlederne med utgangspunkt i m\u00f8tedeltakernes kommentarer og sp\u00f8rsm\u00e5l i chatten<\/strong><br>Samtaleleder: Marianne Fehn, FUB<\/p>\n\n\n\n<h2 class=\"wp-block-heading\" id=\"lenker-til-fagartikler\">Lenker til fagartikler<\/h2>\n\n\n\n<p>I lenkene under kan du lese artiklene som ble laget i forbindelse med Barnehagedagen 2022. <\/p>\n\n\n\n<p><a href=\"https:\/\/foreldreutvalgene.no\/fub\/det-e-itjna-som-kjem-ta-sae-sjol\/\"><strong>Ellen Os &#8211; \u00abDet e itjn\u00e5 som kjem t\u00e5 s\u00e6 sj\u00f8l: Utfordringer i barnehagens arbeid med vennskap og relasjoner mellom de yngste barnehagebarna\u00bb<\/strong><\/a><\/p>\n\n\n\n<p><a href=\"https:\/\/foreldreutvalgene.no\/fub\/voksne-skaper-vennskap-bade-i-og-utenfor-barnehagen\/\"><strong>Dina von Heimburg, med flere &#8211; \u00abVoksne skaper vennskap \u2013 b\u00e5de i og utenfor barnehagen\u00bb<\/strong><\/a><\/p>\n\n\n\n<p><a href=\"https:\/\/foreldreutvalgene.no\/fub\/jeg-ser-med-gru-pa-barnehager-som-velger-a-skille-lekevenner\/\"><strong>Sondre Bjaberg &#8211; &laquo;Jeg ser med gru p\u00e5 barnehager som velger \u00e5 skille lekevenner&raquo;<\/strong><\/a><\/p>\n","protected":false},"excerpt":{"rendered":"<p>Skjermdumpen viser deltakerne i nettseminaret om barnehagedagen. \u00d8verst fra venstre: Sondre Bjaberg, Marianne Fehn, Dina Von Heimburg og Ellen Os. Er du en av dem som gikk glipp av nettseminaret om Barnehagedagen og vennskap i g\u00e5r? Fortvil ikke, her finner du seminaret i opptak. Med over 1500 p\u00e5meldte og mange som fulgte med live p\u00e5 [&hellip;]<\/p>\n","protected":false},"author":7,"featured_media":656,"comment_status":"closed","ping_status":"closed","sticky":true,"template":"","format":"standard","meta":{"_acf_changed":false,"footnotes":""},"categories":[45],"tags":[],"class_list":["post-3325","post","type-post","status-publish","format-standard","has-post-thumbnail","hentry","category-barnehagedagen"],"acf":[],"yoast_head":"<!-- This site is optimized with the Yoast SEO Premium plugin v27.4 (Yoast SEO v27.4) - https:\/\/yoast.com\/product\/yoast-seo-premium-wordpress\/ -->\n<title>Se nettseminar om Barnehagedagen - Foreldreutvalget for barnehager<\/title>\n<meta name=\"description\" content=\"I forbindelse med Barnehagedagen 2022 ble det arrangert et nettseminar om temaet vennskap. Her kan du se seminaret i opptak.\" \/>\n<meta name=\"robots\" content=\"index, follow, max-snippet:-1, max-image-preview:large, max-video-preview:-1\" \/>\n<link rel=\"canonical\" href=\"https:\/\/foreldreutvalgene.no\/fub\/se-nettseminar-om-barnehagedagen\/\" \/>\n<meta property=\"og:locale\" content=\"nb_NO\" \/>\n<meta property=\"og:type\" content=\"article\" \/>\n<meta property=\"og:title\" content=\"Se nettseminar om Barnehagedagen\" \/>\n<meta property=\"og:description\" content=\"I forbindelse med Barnehagedagen 2022 ble det arrangert et nettseminar om temaet vennskap. Her kan du se seminaret i opptak.\" \/>\n<meta property=\"og:url\" content=\"https:\/\/foreldreutvalgene.no\/fub\/se-nettseminar-om-barnehagedagen\/\" \/>\n<meta property=\"og:site_name\" content=\"Foreldreutvalget for barnehager\" \/>\n<meta property=\"article:published_time\" content=\"2022-03-29T14:49:00+00:00\" \/>\n<meta property=\"article:modified_time\" content=\"2024-05-08T09:11:25+00:00\" \/>\n<meta property=\"og:image\" content=\"https:\/\/foreldreutvalgene.no\/fub\/wp-content\/uploads\/sites\/2\/2021\/06\/fub-jente-spiller-gitar.jpg\" \/>\n\t<meta property=\"og:image:width\" content=\"1862\" \/>\n\t<meta property=\"og:image:height\" content=\"1241\" \/>\n\t<meta property=\"og:image:type\" content=\"image\/jpeg\" \/>\n<meta name=\"author\" content=\"bjornar\" \/>\n<meta name=\"twitter:card\" content=\"summary_large_image\" \/>\n<meta name=\"twitter:label1\" content=\"Skrevet av\" \/>\n\t<meta name=\"twitter:data1\" content=\"bjornar\" \/>\n\t<meta name=\"twitter:label2\" content=\"Ansl. lesetid\" \/>\n\t<meta name=\"twitter:data2\" content=\"2 minutter\" \/>\n<script type=\"application\/ld+json\" class=\"yoast-schema-graph\">{\"@context\":\"https:\\\/\\\/schema.org\",\"@graph\":[{\"@type\":\"Article\",\"@id\":\"https:\\\/\\\/foreldreutvalgene.no\\\/fub\\\/se-nettseminar-om-barnehagedagen\\\/#article\",\"isPartOf\":{\"@id\":\"https:\\\/\\\/foreldreutvalgene.no\\\/fub\\\/se-nettseminar-om-barnehagedagen\\\/\"},\"author\":{\"name\":\"bjornar\",\"@id\":\"https:\\\/\\\/foreldreutvalgene.no\\\/fub\\\/#\\\/schema\\\/person\\\/4074f8e84b174980cd2d4c2ec88dccef\"},\"headline\":\"Se nettseminar om Barnehagedagen\",\"datePublished\":\"2022-03-29T14:49:00+00:00\",\"dateModified\":\"2024-05-08T09:11:25+00:00\",\"mainEntityOfPage\":{\"@id\":\"https:\\\/\\\/foreldreutvalgene.no\\\/fub\\\/se-nettseminar-om-barnehagedagen\\\/\"},\"wordCount\":311,\"publisher\":{\"@id\":\"https:\\\/\\\/foreldreutvalgene.no\\\/fub\\\/#organization\"},\"image\":{\"@id\":\"https:\\\/\\\/foreldreutvalgene.no\\\/fub\\\/se-nettseminar-om-barnehagedagen\\\/#primaryimage\"},\"thumbnailUrl\":\"https:\\\/\\\/foreldreutvalgene.no\\\/fub\\\/wp-content\\\/uploads\\\/sites\\\/2\\\/2021\\\/06\\\/fub-jente-spiller-gitar.jpg\",\"articleSection\":[\"Barnehagedagen\"],\"inLanguage\":\"nb-NO\"},{\"@type\":\"WebPage\",\"@id\":\"https:\\\/\\\/foreldreutvalgene.no\\\/fub\\\/se-nettseminar-om-barnehagedagen\\\/\",\"url\":\"https:\\\/\\\/foreldreutvalgene.no\\\/fub\\\/se-nettseminar-om-barnehagedagen\\\/\",\"name\":\"Se nettseminar om Barnehagedagen - Foreldreutvalget for barnehager\",\"isPartOf\":{\"@id\":\"https:\\\/\\\/foreldreutvalgene.no\\\/fub\\\/#website\"},\"primaryImageOfPage\":{\"@id\":\"https:\\\/\\\/foreldreutvalgene.no\\\/fub\\\/se-nettseminar-om-barnehagedagen\\\/#primaryimage\"},\"image\":{\"@id\":\"https:\\\/\\\/foreldreutvalgene.no\\\/fub\\\/se-nettseminar-om-barnehagedagen\\\/#primaryimage\"},\"thumbnailUrl\":\"https:\\\/\\\/foreldreutvalgene.no\\\/fub\\\/wp-content\\\/uploads\\\/sites\\\/2\\\/2021\\\/06\\\/fub-jente-spiller-gitar.jpg\",\"datePublished\":\"2022-03-29T14:49:00+00:00\",\"dateModified\":\"2024-05-08T09:11:25+00:00\",\"description\":\"I forbindelse med Barnehagedagen 2022 ble det arrangert et nettseminar om temaet vennskap. Her kan du se seminaret i opptak.\",\"breadcrumb\":{\"@id\":\"https:\\\/\\\/foreldreutvalgene.no\\\/fub\\\/se-nettseminar-om-barnehagedagen\\\/#breadcrumb\"},\"inLanguage\":\"nb-NO\",\"potentialAction\":[{\"@type\":\"ReadAction\",\"target\":[\"https:\\\/\\\/foreldreutvalgene.no\\\/fub\\\/se-nettseminar-om-barnehagedagen\\\/\"]}]},{\"@type\":\"ImageObject\",\"inLanguage\":\"nb-NO\",\"@id\":\"https:\\\/\\\/foreldreutvalgene.no\\\/fub\\\/se-nettseminar-om-barnehagedagen\\\/#primaryimage\",\"url\":\"https:\\\/\\\/foreldreutvalgene.no\\\/fub\\\/wp-content\\\/uploads\\\/sites\\\/2\\\/2021\\\/06\\\/fub-jente-spiller-gitar.jpg\",\"contentUrl\":\"https:\\\/\\\/foreldreutvalgene.no\\\/fub\\\/wp-content\\\/uploads\\\/sites\\\/2\\\/2021\\\/06\\\/fub-jente-spiller-gitar.jpg\",\"width\":1862,\"height\":1241,\"caption\":\"Bildet viser en jente som sitter foran en laptop og spiller gitar.\"},{\"@type\":\"BreadcrumbList\",\"@id\":\"https:\\\/\\\/foreldreutvalgene.no\\\/fub\\\/se-nettseminar-om-barnehagedagen\\\/#breadcrumb\",\"itemListElement\":[{\"@type\":\"ListItem\",\"position\":1,\"name\":\"Home\",\"item\":\"https:\\\/\\\/foreldreutvalgene.no\\\/fub\\\/\"},{\"@type\":\"ListItem\",\"position\":2,\"name\":\"Se nettseminar om Barnehagedagen\"}]},{\"@type\":\"WebSite\",\"@id\":\"https:\\\/\\\/foreldreutvalgene.no\\\/fub\\\/#website\",\"url\":\"https:\\\/\\\/foreldreutvalgene.no\\\/fub\\\/\",\"name\":\"Foreldreutvalget for barnehager\",\"description\":\"\",\"publisher\":{\"@id\":\"https:\\\/\\\/foreldreutvalgene.no\\\/fub\\\/#organization\"},\"potentialAction\":[{\"@type\":\"SearchAction\",\"target\":{\"@type\":\"EntryPoint\",\"urlTemplate\":\"https:\\\/\\\/foreldreutvalgene.no\\\/fub\\\/?s={search_term_string}\"},\"query-input\":{\"@type\":\"PropertyValueSpecification\",\"valueRequired\":true,\"valueName\":\"search_term_string\"}}],\"inLanguage\":\"nb-NO\"},{\"@type\":\"Organization\",\"@id\":\"https:\\\/\\\/foreldreutvalgene.no\\\/fub\\\/#organization\",\"name\":\"Foreldreutvalget for barnehager\",\"url\":\"https:\\\/\\\/foreldreutvalgene.no\\\/fub\\\/\",\"logo\":{\"@type\":\"ImageObject\",\"inLanguage\":\"nb-NO\",\"@id\":\"https:\\\/\\\/foreldreutvalgene.no\\\/fub\\\/#\\\/schema\\\/logo\\\/image\\\/\",\"url\":\"https:\\\/\\\/foreldreutvalgene.no\\\/fub\\\/wp-content\\\/uploads\\\/sites\\\/2\\\/2021\\\/08\\\/fublogo-footer.svg\",\"contentUrl\":\"https:\\\/\\\/foreldreutvalgene.no\\\/fub\\\/wp-content\\\/uploads\\\/sites\\\/2\\\/2021\\\/08\\\/fublogo-footer.svg\",\"width\":507,\"height\":149,\"caption\":\"Foreldreutvalget for barnehager\"},\"image\":{\"@id\":\"https:\\\/\\\/foreldreutvalgene.no\\\/fub\\\/#\\\/schema\\\/logo\\\/image\\\/\"}},{\"@type\":\"Person\",\"@id\":\"https:\\\/\\\/foreldreutvalgene.no\\\/fub\\\/#\\\/schema\\\/person\\\/4074f8e84b174980cd2d4c2ec88dccef\",\"name\":\"bjornar\",\"image\":{\"@type\":\"ImageObject\",\"inLanguage\":\"nb-NO\",\"@id\":\"https:\\\/\\\/secure.gravatar.com\\\/avatar\\\/5cafd5e235f3e1bbf1c12509a1e2c8d0c45b72ded70691f3113dc1c8fb45ee92?s=96&d=mm&r=g\",\"url\":\"https:\\\/\\\/secure.gravatar.com\\\/avatar\\\/5cafd5e235f3e1bbf1c12509a1e2c8d0c45b72ded70691f3113dc1c8fb45ee92?s=96&d=mm&r=g\",\"contentUrl\":\"https:\\\/\\\/secure.gravatar.com\\\/avatar\\\/5cafd5e235f3e1bbf1c12509a1e2c8d0c45b72ded70691f3113dc1c8fb45ee92?s=96&d=mm&r=g\",\"caption\":\"bjornar\"},\"url\":\"https:\\\/\\\/foreldreutvalgene.no\\\/fub\\\/author\\\/bjornar\\\/\"}]}<\/script>\n<!-- \/ Yoast SEO Premium plugin. -->","yoast_head_json":{"title":"Se nettseminar om Barnehagedagen - Foreldreutvalget for barnehager","description":"I forbindelse med Barnehagedagen 2022 ble det arrangert et nettseminar om temaet vennskap. Her kan du se seminaret i opptak.","robots":{"index":"index","follow":"follow","max-snippet":"max-snippet:-1","max-image-preview":"max-image-preview:large","max-video-preview":"max-video-preview:-1"},"canonical":"https:\/\/foreldreutvalgene.no\/fub\/se-nettseminar-om-barnehagedagen\/","og_locale":"nb_NO","og_type":"article","og_title":"Se nettseminar om Barnehagedagen","og_description":"I forbindelse med Barnehagedagen 2022 ble det arrangert et nettseminar om temaet vennskap. Her kan du se seminaret i opptak.","og_url":"https:\/\/foreldreutvalgene.no\/fub\/se-nettseminar-om-barnehagedagen\/","og_site_name":"Foreldreutvalget for barnehager","article_published_time":"2022-03-29T14:49:00+00:00","article_modified_time":"2024-05-08T09:11:25+00:00","og_image":[{"width":1862,"height":1241,"url":"https:\/\/foreldreutvalgene.no\/fub\/wp-content\/uploads\/sites\/2\/2021\/06\/fub-jente-spiller-gitar.jpg","type":"image\/jpeg"}],"author":"bjornar","twitter_card":"summary_large_image","twitter_misc":{"Skrevet av":"bjornar","Ansl. lesetid":"2 minutter"},"schema":{"@context":"https:\/\/schema.org","@graph":[{"@type":"Article","@id":"https:\/\/foreldreutvalgene.no\/fub\/se-nettseminar-om-barnehagedagen\/#article","isPartOf":{"@id":"https:\/\/foreldreutvalgene.no\/fub\/se-nettseminar-om-barnehagedagen\/"},"author":{"name":"bjornar","@id":"https:\/\/foreldreutvalgene.no\/fub\/#\/schema\/person\/4074f8e84b174980cd2d4c2ec88dccef"},"headline":"Se nettseminar om Barnehagedagen","datePublished":"2022-03-29T14:49:00+00:00","dateModified":"2024-05-08T09:11:25+00:00","mainEntityOfPage":{"@id":"https:\/\/foreldreutvalgene.no\/fub\/se-nettseminar-om-barnehagedagen\/"},"wordCount":311,"publisher":{"@id":"https:\/\/foreldreutvalgene.no\/fub\/#organization"},"image":{"@id":"https:\/\/foreldreutvalgene.no\/fub\/se-nettseminar-om-barnehagedagen\/#primaryimage"},"thumbnailUrl":"https:\/\/foreldreutvalgene.no\/fub\/wp-content\/uploads\/sites\/2\/2021\/06\/fub-jente-spiller-gitar.jpg","articleSection":["Barnehagedagen"],"inLanguage":"nb-NO"},{"@type":"WebPage","@id":"https:\/\/foreldreutvalgene.no\/fub\/se-nettseminar-om-barnehagedagen\/","url":"https:\/\/foreldreutvalgene.no\/fub\/se-nettseminar-om-barnehagedagen\/","name":"Se nettseminar om Barnehagedagen - Foreldreutvalget for barnehager","isPartOf":{"@id":"https:\/\/foreldreutvalgene.no\/fub\/#website"},"primaryImageOfPage":{"@id":"https:\/\/foreldreutvalgene.no\/fub\/se-nettseminar-om-barnehagedagen\/#primaryimage"},"image":{"@id":"https:\/\/foreldreutvalgene.no\/fub\/se-nettseminar-om-barnehagedagen\/#primaryimage"},"thumbnailUrl":"https:\/\/foreldreutvalgene.no\/fub\/wp-content\/uploads\/sites\/2\/2021\/06\/fub-jente-spiller-gitar.jpg","datePublished":"2022-03-29T14:49:00+00:00","dateModified":"2024-05-08T09:11:25+00:00","description":"I forbindelse med Barnehagedagen 2022 ble det arrangert et nettseminar om temaet vennskap. Her kan du se seminaret i opptak.","breadcrumb":{"@id":"https:\/\/foreldreutvalgene.no\/fub\/se-nettseminar-om-barnehagedagen\/#breadcrumb"},"inLanguage":"nb-NO","potentialAction":[{"@type":"ReadAction","target":["https:\/\/foreldreutvalgene.no\/fub\/se-nettseminar-om-barnehagedagen\/"]}]},{"@type":"ImageObject","inLanguage":"nb-NO","@id":"https:\/\/foreldreutvalgene.no\/fub\/se-nettseminar-om-barnehagedagen\/#primaryimage","url":"https:\/\/foreldreutvalgene.no\/fub\/wp-content\/uploads\/sites\/2\/2021\/06\/fub-jente-spiller-gitar.jpg","contentUrl":"https:\/\/foreldreutvalgene.no\/fub\/wp-content\/uploads\/sites\/2\/2021\/06\/fub-jente-spiller-gitar.jpg","width":1862,"height":1241,"caption":"Bildet viser en jente som sitter foran en laptop og spiller gitar."},{"@type":"BreadcrumbList","@id":"https:\/\/foreldreutvalgene.no\/fub\/se-nettseminar-om-barnehagedagen\/#breadcrumb","itemListElement":[{"@type":"ListItem","position":1,"name":"Home","item":"https:\/\/foreldreutvalgene.no\/fub\/"},{"@type":"ListItem","position":2,"name":"Se nettseminar om Barnehagedagen"}]},{"@type":"WebSite","@id":"https:\/\/foreldreutvalgene.no\/fub\/#website","url":"https:\/\/foreldreutvalgene.no\/fub\/","name":"Foreldreutvalget for barnehager","description":"","publisher":{"@id":"https:\/\/foreldreutvalgene.no\/fub\/#organization"},"potentialAction":[{"@type":"SearchAction","target":{"@type":"EntryPoint","urlTemplate":"https:\/\/foreldreutvalgene.no\/fub\/?s={search_term_string}"},"query-input":{"@type":"PropertyValueSpecification","valueRequired":true,"valueName":"search_term_string"}}],"inLanguage":"nb-NO"},{"@type":"Organization","@id":"https:\/\/foreldreutvalgene.no\/fub\/#organization","name":"Foreldreutvalget for barnehager","url":"https:\/\/foreldreutvalgene.no\/fub\/","logo":{"@type":"ImageObject","inLanguage":"nb-NO","@id":"https:\/\/foreldreutvalgene.no\/fub\/#\/schema\/logo\/image\/","url":"https:\/\/foreldreutvalgene.no\/fub\/wp-content\/uploads\/sites\/2\/2021\/08\/fublogo-footer.svg","contentUrl":"https:\/\/foreldreutvalgene.no\/fub\/wp-content\/uploads\/sites\/2\/2021\/08\/fublogo-footer.svg","width":507,"height":149,"caption":"Foreldreutvalget for barnehager"},"image":{"@id":"https:\/\/foreldreutvalgene.no\/fub\/#\/schema\/logo\/image\/"}},{"@type":"Person","@id":"https:\/\/foreldreutvalgene.no\/fub\/#\/schema\/person\/4074f8e84b174980cd2d4c2ec88dccef","name":"bjornar","image":{"@type":"ImageObject","inLanguage":"nb-NO","@id":"https:\/\/secure.gravatar.com\/avatar\/5cafd5e235f3e1bbf1c12509a1e2c8d0c45b72ded70691f3113dc1c8fb45ee92?s=96&d=mm&r=g","url":"https:\/\/secure.gravatar.com\/avatar\/5cafd5e235f3e1bbf1c12509a1e2c8d0c45b72ded70691f3113dc1c8fb45ee92?s=96&d=mm&r=g","contentUrl":"https:\/\/secure.gravatar.com\/avatar\/5cafd5e235f3e1bbf1c12509a1e2c8d0c45b72ded70691f3113dc1c8fb45ee92?s=96&d=mm&r=g","caption":"bjornar"},"url":"https:\/\/foreldreutvalgene.no\/fub\/author\/bjornar\/"}]}},"_links":{"self":[{"href":"https:\/\/foreldreutvalgene.no\/fub\/wp-json\/wp\/v2\/posts\/3325","targetHints":{"allow":["GET"]}}],"collection":[{"href":"https:\/\/foreldreutvalgene.no\/fub\/wp-json\/wp\/v2\/posts"}],"about":[{"href":"https:\/\/foreldreutvalgene.no\/fub\/wp-json\/wp\/v2\/types\/post"}],"author":[{"embeddable":true,"href":"https:\/\/foreldreutvalgene.no\/fub\/wp-json\/wp\/v2\/users\/7"}],"replies":[{"embeddable":true,"href":"https:\/\/foreldreutvalgene.no\/fub\/wp-json\/wp\/v2\/comments?post=3325"}],"version-history":[{"count":11,"href":"https:\/\/foreldreutvalgene.no\/fub\/wp-json\/wp\/v2\/posts\/3325\/revisions"}],"predecessor-version":[{"id":7290,"href":"https:\/\/foreldreutvalgene.no\/fub\/wp-json\/wp\/v2\/posts\/3325\/revisions\/7290"}],"wp:featuredmedia":[{"embeddable":true,"href":"https:\/\/foreldreutvalgene.no\/fub\/wp-json\/wp\/v2\/media\/656"}],"wp:attachment":[{"href":"https:\/\/foreldreutvalgene.no\/fub\/wp-json\/wp\/v2\/media?parent=3325"}],"wp:term":[{"taxonomy":"category","embeddable":true,"href":"https:\/\/foreldreutvalgene.no\/fub\/wp-json\/wp\/v2\/categories?post=3325"},{"taxonomy":"post_tag","embeddable":true,"href":"https:\/\/foreldreutvalgene.no\/fub\/wp-json\/wp\/v2\/tags?post=3325"}],"curies":[{"name":"wp","href":"https:\/\/api.w.org\/{rel}","templated":true}]}}