{"id":325,"date":"2021-06-15T11:48:50","date_gmt":"2021-06-15T09:48:50","guid":{"rendered":"https:\/\/foreldreutvalgene.no\/fub\/?p=325"},"modified":"2025-02-04T10:24:00","modified_gmt":"2025-02-04T09:24:00","slug":"karneval-i-barnehagen","status":"publish","type":"post","link":"https:\/\/foreldreutvalgene.no\/fub\/karneval-i-barnehagen\/","title":{"rendered":"Karneval i barnehagen"},"content":{"rendered":"\n<figure class=\"wp-block-image size-large\"><img loading=\"lazy\" decoding=\"async\" width=\"1024\" height=\"683\" src=\"https:\/\/foreldreutvalgene.no\/fub\/wp-content\/uploads\/sites\/2\/2021\/06\/COLOURBOX48294939_11zon-1024x683.jpg\" alt=\"\" class=\"wp-image-4422\" srcset=\"https:\/\/foreldreutvalgene.no\/fub\/wp-content\/uploads\/sites\/2\/2021\/06\/COLOURBOX48294939_11zon-1024x683.jpg 1024w, https:\/\/foreldreutvalgene.no\/fub\/wp-content\/uploads\/sites\/2\/2021\/06\/COLOURBOX48294939_11zon-300x200.jpg 300w, https:\/\/foreldreutvalgene.no\/fub\/wp-content\/uploads\/sites\/2\/2021\/06\/COLOURBOX48294939_11zon-768x512.jpg 768w, https:\/\/foreldreutvalgene.no\/fub\/wp-content\/uploads\/sites\/2\/2021\/06\/COLOURBOX48294939_11zon-1536x1024.jpg 1536w, https:\/\/foreldreutvalgene.no\/fub\/wp-content\/uploads\/sites\/2\/2021\/06\/COLOURBOX48294939_11zon-2048x1365.jpg 2048w, https:\/\/foreldreutvalgene.no\/fub\/wp-content\/uploads\/sites\/2\/2021\/06\/COLOURBOX48294939_11zon-620x413.jpg 620w, https:\/\/foreldreutvalgene.no\/fub\/wp-content\/uploads\/sites\/2\/2021\/06\/COLOURBOX48294939_11zon-120x80.jpg 120w, https:\/\/foreldreutvalgene.no\/fub\/wp-content\/uploads\/sites\/2\/2021\/06\/COLOURBOX48294939_11zon-320x213.jpg 320w, https:\/\/foreldreutvalgene.no\/fub\/wp-content\/uploads\/sites\/2\/2021\/06\/COLOURBOX48294939_11zon-1440x960.jpg 1440w\" sizes=\"auto, (max-width: 1024px) 100vw, 1024px\" \/><\/figure>\n\n\n\n<p class=\"has-large-font-size\"><strong>Karneval i barnehagene er stort sett i februar hvert \u00e5r. Mange av barna gleder seg til karneval i barnehagen, mens andre barn vil ikke kle seg ut. Barn er forskjellige, og det er fint.<\/strong><\/p>\n\n\n\n<p>Barnehagene gj\u00f8r forskjellige ting ut av karnevalene. Noen har prosjekter rundt denne dagen der de bygger videre p\u00e5 et tema de har hatt om, for eksempel Kardemommeby, eventyr, natur eller dyr. Andre kan be barna ta p\u00e5 seg et kostyme de velger selv. Det er ikke alltid vanlig at barna p\u00e5 sm\u00e5barnsavdelingene kler seg ut. Ofte gj\u00f8r de noe ekstra ut av dagen allikevel. Kanskje har de med seg t-skjorter de kan male eller tegne p\u00e5 eller at de f\u00e5r se p\u00e5 de st\u00f8rre barna som har kledd seg ut.<\/p>\n\n\n\n<h2 class=\"wp-block-heading\" id=\"h-barn-er-forskjellige\">Barn er forskjellige<\/h2>\n\n\n\n<p>Mange barn synes det er stas \u00e5 endelig f\u00e5 leve ut dr\u00f8mmen om \u00e5 f\u00e5 v\u00e6re Elsa i Frost, en katt, Kaptein Sabeltann eller ninja for en dag. Alt fra ferdigkj\u00f8pte kostymer til hjemmelagde kreasjoner er vanlig p\u00e5 karneval i barnehagen. Uansett hva man velger er det viktig at utkledningen gj\u00f8res i samarbeid med barna. For noen barn er kl\u00e6r veldig viktig, og \u00e5 presse et kostyme p\u00e5 en bestemt 3-\u00e5ring som slettes ikke vil p\u00e5 karneval er stress for foreldrene og for barnet. Kanskje det holder at barnet g\u00e5r med en hatt eller en morsom genser? Eller ha med kostyme i sekken. Ofte hjelper det \u00e5 se at de andre barna i barnehagen ogs\u00e5 har kledd seg ut, og de f\u00e5r lyst etter hvert. Eller kanskje l\u00f8sningen er at de kler seg ut som seg selv denne dagen.<\/p>\n\n\n\n<h2 class=\"wp-block-heading\" id=\"h-viktig-a-huske-pa-om-karneval-i-barnehagen\">Viktig \u00e5 huske p\u00e5 om karneval i barnehagen<\/h2>\n\n\n\n<p>Det er viktig at karneval skal v\u00e6re en fin dag for barna uten stort forventningspress. Denne dagen skal v\u00e6re for alle uansett ressurser s\u00e5 man b\u00f8r unng\u00e5 kj\u00f8pepress, b\u00e5de fra barnehagen og mellom foreldrene. Det skal ikke v\u00e6re en konkurranse i hvem som har det beste kostyme. Karneval i barnehagen er en festdag for barna, og de m\u00e5 f\u00e5 lov til \u00e5 v\u00e6re helt seg selv uten stereotypiske forventninger som at gutter ikke kan g\u00e5 med kjole. Dette gjelder selvf\u00f8lgelig ogs\u00e5 resten av \u00e5ret.<\/p>\n","protected":false},"excerpt":{"rendered":"<p>Karneval i barnehagene er stort sett i februar hvert \u00e5r. Mange av barna gleder seg til karneval i barnehagen, mens andre barn vil ikke kle seg ut. Barn er forskjellige, og det er fint. Barnehagene gj\u00f8r forskjellige ting ut av karnevalene. Noen har prosjekter rundt denne dagen der de bygger videre p\u00e5 et tema de [&hellip;]<\/p>\n","protected":false},"author":3,"featured_media":4422,"comment_status":"open","ping_status":"open","sticky":false,"template":"page-theme.php","format":"standard","meta":{"_acf_changed":false,"footnotes":""},"categories":[1],"tags":[],"class_list":["post-325","post","type-post","status-publish","format-standard","has-post-thumbnail","hentry","category-annet"],"acf":[],"yoast_head":"<!-- This site is optimized with the Yoast SEO Premium plugin v27.4 (Yoast SEO v27.4) - https:\/\/yoast.com\/product\/yoast-seo-premium-wordpress\/ -->\n<title>Karneval i barnehagen - Foreldreutvalget for barnehager<\/title>\n<meta name=\"description\" content=\"Barnehagene gj\u00f8r forskjellige ting ut av karnevalene. Det er viktig at karneval skal v\u00e6re en fin dag for barna uten stort forventningspress\" \/>\n<meta name=\"robots\" content=\"index, follow, max-snippet:-1, max-image-preview:large, max-video-preview:-1\" \/>\n<link rel=\"canonical\" href=\"https:\/\/foreldreutvalgene.no\/fub\/karneval-i-barnehagen\/\" \/>\n<meta property=\"og:locale\" content=\"nb_NO\" \/>\n<meta property=\"og:type\" content=\"article\" \/>\n<meta property=\"og:title\" content=\"Karneval i barnehagen\" \/>\n<meta property=\"og:description\" content=\"Barnehagene gj\u00f8r forskjellige ting ut av karnevalene. Det er viktig at karneval skal v\u00e6re en fin dag for barna uten stort forventningspress\" \/>\n<meta property=\"og:url\" content=\"https:\/\/foreldreutvalgene.no\/fub\/karneval-i-barnehagen\/\" \/>\n<meta property=\"og:site_name\" content=\"Foreldreutvalget for barnehager\" \/>\n<meta property=\"article:published_time\" content=\"2021-06-15T09:48:50+00:00\" \/>\n<meta property=\"article:modified_time\" content=\"2025-02-04T09:24:00+00:00\" \/>\n<meta property=\"og:image\" content=\"https:\/\/foreldreutvalgene.no\/fub\/wp-content\/uploads\/sites\/2\/2021\/06\/COLOURBOX48294939_11zon-scaled.jpg\" \/>\n\t<meta property=\"og:image:width\" content=\"2560\" \/>\n\t<meta property=\"og:image:height\" content=\"1707\" \/>\n\t<meta property=\"og:image:type\" content=\"image\/jpeg\" \/>\n<meta name=\"author\" content=\"baard\" \/>\n<meta name=\"twitter:card\" content=\"summary_large_image\" \/>\n<meta name=\"twitter:label1\" content=\"Skrevet av\" \/>\n\t<meta name=\"twitter:data1\" content=\"baard\" \/>\n\t<meta name=\"twitter:label2\" content=\"Ansl. lesetid\" \/>\n\t<meta name=\"twitter:data2\" content=\"3 minutter\" \/>\n<script type=\"application\/ld+json\" class=\"yoast-schema-graph\">{\"@context\":\"https:\\\/\\\/schema.org\",\"@graph\":[{\"@type\":\"Article\",\"@id\":\"https:\\\/\\\/foreldreutvalgene.no\\\/fub\\\/karneval-i-barnehagen\\\/#article\",\"isPartOf\":{\"@id\":\"https:\\\/\\\/foreldreutvalgene.no\\\/fub\\\/karneval-i-barnehagen\\\/\"},\"author\":{\"name\":\"baard\",\"@id\":\"https:\\\/\\\/foreldreutvalgene.no\\\/fub\\\/#\\\/schema\\\/person\\\/a23a320ed9adc5462c23ba632fb76336\"},\"headline\":\"Karneval i barnehagen\",\"datePublished\":\"2021-06-15T09:48:50+00:00\",\"dateModified\":\"2025-02-04T09:24:00+00:00\",\"mainEntityOfPage\":{\"@id\":\"https:\\\/\\\/foreldreutvalgene.no\\\/fub\\\/karneval-i-barnehagen\\\/\"},\"wordCount\":377,\"commentCount\":0,\"publisher\":{\"@id\":\"https:\\\/\\\/foreldreutvalgene.no\\\/fub\\\/#organization\"},\"image\":{\"@id\":\"https:\\\/\\\/foreldreutvalgene.no\\\/fub\\\/karneval-i-barnehagen\\\/#primaryimage\"},\"thumbnailUrl\":\"https:\\\/\\\/foreldreutvalgene.no\\\/fub\\\/wp-content\\\/uploads\\\/sites\\\/2\\\/2021\\\/06\\\/COLOURBOX48294939_11zon-scaled.jpg\",\"articleSection\":[\"Annet\"],\"inLanguage\":\"nb-NO\",\"potentialAction\":[{\"@type\":\"CommentAction\",\"name\":\"Comment\",\"target\":[\"https:\\\/\\\/foreldreutvalgene.no\\\/fub\\\/karneval-i-barnehagen\\\/#respond\"]}]},{\"@type\":\"WebPage\",\"@id\":\"https:\\\/\\\/foreldreutvalgene.no\\\/fub\\\/karneval-i-barnehagen\\\/\",\"url\":\"https:\\\/\\\/foreldreutvalgene.no\\\/fub\\\/karneval-i-barnehagen\\\/\",\"name\":\"Karneval i barnehagen - Foreldreutvalget for barnehager\",\"isPartOf\":{\"@id\":\"https:\\\/\\\/foreldreutvalgene.no\\\/fub\\\/#website\"},\"primaryImageOfPage\":{\"@id\":\"https:\\\/\\\/foreldreutvalgene.no\\\/fub\\\/karneval-i-barnehagen\\\/#primaryimage\"},\"image\":{\"@id\":\"https:\\\/\\\/foreldreutvalgene.no\\\/fub\\\/karneval-i-barnehagen\\\/#primaryimage\"},\"thumbnailUrl\":\"https:\\\/\\\/foreldreutvalgene.no\\\/fub\\\/wp-content\\\/uploads\\\/sites\\\/2\\\/2021\\\/06\\\/COLOURBOX48294939_11zon-scaled.jpg\",\"datePublished\":\"2021-06-15T09:48:50+00:00\",\"dateModified\":\"2025-02-04T09:24:00+00:00\",\"description\":\"Barnehagene gj\u00f8r forskjellige ting ut av karnevalene. Det er viktig at karneval skal v\u00e6re en fin dag for barna uten stort forventningspress\",\"breadcrumb\":{\"@id\":\"https:\\\/\\\/foreldreutvalgene.no\\\/fub\\\/karneval-i-barnehagen\\\/#breadcrumb\"},\"inLanguage\":\"nb-NO\",\"potentialAction\":[{\"@type\":\"ReadAction\",\"target\":[\"https:\\\/\\\/foreldreutvalgene.no\\\/fub\\\/karneval-i-barnehagen\\\/\"]}]},{\"@type\":\"ImageObject\",\"inLanguage\":\"nb-NO\",\"@id\":\"https:\\\/\\\/foreldreutvalgene.no\\\/fub\\\/karneval-i-barnehagen\\\/#primaryimage\",\"url\":\"https:\\\/\\\/foreldreutvalgene.no\\\/fub\\\/wp-content\\\/uploads\\\/sites\\\/2\\\/2021\\\/06\\\/COLOURBOX48294939_11zon-scaled.jpg\",\"contentUrl\":\"https:\\\/\\\/foreldreutvalgene.no\\\/fub\\\/wp-content\\\/uploads\\\/sites\\\/2\\\/2021\\\/06\\\/COLOURBOX48294939_11zon-scaled.jpg\",\"width\":2560,\"height\":1707},{\"@type\":\"BreadcrumbList\",\"@id\":\"https:\\\/\\\/foreldreutvalgene.no\\\/fub\\\/karneval-i-barnehagen\\\/#breadcrumb\",\"itemListElement\":[{\"@type\":\"ListItem\",\"position\":1,\"name\":\"Home\",\"item\":\"https:\\\/\\\/foreldreutvalgene.no\\\/fub\\\/\"},{\"@type\":\"ListItem\",\"position\":2,\"name\":\"Karneval i barnehagen\"}]},{\"@type\":\"WebSite\",\"@id\":\"https:\\\/\\\/foreldreutvalgene.no\\\/fub\\\/#website\",\"url\":\"https:\\\/\\\/foreldreutvalgene.no\\\/fub\\\/\",\"name\":\"Foreldreutvalget for barnehager\",\"description\":\"\",\"publisher\":{\"@id\":\"https:\\\/\\\/foreldreutvalgene.no\\\/fub\\\/#organization\"},\"potentialAction\":[{\"@type\":\"SearchAction\",\"target\":{\"@type\":\"EntryPoint\",\"urlTemplate\":\"https:\\\/\\\/foreldreutvalgene.no\\\/fub\\\/?s={search_term_string}\"},\"query-input\":{\"@type\":\"PropertyValueSpecification\",\"valueRequired\":true,\"valueName\":\"search_term_string\"}}],\"inLanguage\":\"nb-NO\"},{\"@type\":\"Organization\",\"@id\":\"https:\\\/\\\/foreldreutvalgene.no\\\/fub\\\/#organization\",\"name\":\"Foreldreutvalget for barnehager\",\"url\":\"https:\\\/\\\/foreldreutvalgene.no\\\/fub\\\/\",\"logo\":{\"@type\":\"ImageObject\",\"inLanguage\":\"nb-NO\",\"@id\":\"https:\\\/\\\/foreldreutvalgene.no\\\/fub\\\/#\\\/schema\\\/logo\\\/image\\\/\",\"url\":\"https:\\\/\\\/foreldreutvalgene.no\\\/fub\\\/wp-content\\\/uploads\\\/sites\\\/2\\\/2021\\\/08\\\/fublogo-footer.svg\",\"contentUrl\":\"https:\\\/\\\/foreldreutvalgene.no\\\/fub\\\/wp-content\\\/uploads\\\/sites\\\/2\\\/2021\\\/08\\\/fublogo-footer.svg\",\"width\":507,\"height\":149,\"caption\":\"Foreldreutvalget for barnehager\"},\"image\":{\"@id\":\"https:\\\/\\\/foreldreutvalgene.no\\\/fub\\\/#\\\/schema\\\/logo\\\/image\\\/\"}},{\"@type\":\"Person\",\"@id\":\"https:\\\/\\\/foreldreutvalgene.no\\\/fub\\\/#\\\/schema\\\/person\\\/a23a320ed9adc5462c23ba632fb76336\",\"name\":\"baard\",\"image\":{\"@type\":\"ImageObject\",\"inLanguage\":\"nb-NO\",\"@id\":\"https:\\\/\\\/secure.gravatar.com\\\/avatar\\\/da20dcea7d46be70e6955e824595ce05f23748ea636e5d16108777a8f6ae217e?s=96&d=mm&r=g\",\"url\":\"https:\\\/\\\/secure.gravatar.com\\\/avatar\\\/da20dcea7d46be70e6955e824595ce05f23748ea636e5d16108777a8f6ae217e?s=96&d=mm&r=g\",\"contentUrl\":\"https:\\\/\\\/secure.gravatar.com\\\/avatar\\\/da20dcea7d46be70e6955e824595ce05f23748ea636e5d16108777a8f6ae217e?s=96&d=mm&r=g\",\"caption\":\"baard\"},\"url\":\"https:\\\/\\\/foreldreutvalgene.no\\\/fub\\\/author\\\/baard\\\/\"}]}<\/script>\n<!-- \/ Yoast SEO Premium plugin. -->","yoast_head_json":{"title":"Karneval i barnehagen - Foreldreutvalget for barnehager","description":"Barnehagene gj\u00f8r forskjellige ting ut av karnevalene. Det er viktig at karneval skal v\u00e6re en fin dag for barna uten stort forventningspress","robots":{"index":"index","follow":"follow","max-snippet":"max-snippet:-1","max-image-preview":"max-image-preview:large","max-video-preview":"max-video-preview:-1"},"canonical":"https:\/\/foreldreutvalgene.no\/fub\/karneval-i-barnehagen\/","og_locale":"nb_NO","og_type":"article","og_title":"Karneval i barnehagen","og_description":"Barnehagene gj\u00f8r forskjellige ting ut av karnevalene. Det er viktig at karneval skal v\u00e6re en fin dag for barna uten stort forventningspress","og_url":"https:\/\/foreldreutvalgene.no\/fub\/karneval-i-barnehagen\/","og_site_name":"Foreldreutvalget for barnehager","article_published_time":"2021-06-15T09:48:50+00:00","article_modified_time":"2025-02-04T09:24:00+00:00","og_image":[{"width":2560,"height":1707,"url":"https:\/\/foreldreutvalgene.no\/fub\/wp-content\/uploads\/sites\/2\/2021\/06\/COLOURBOX48294939_11zon-scaled.jpg","type":"image\/jpeg"}],"author":"baard","twitter_card":"summary_large_image","twitter_misc":{"Skrevet av":"baard","Ansl. lesetid":"3 minutter"},"schema":{"@context":"https:\/\/schema.org","@graph":[{"@type":"Article","@id":"https:\/\/foreldreutvalgene.no\/fub\/karneval-i-barnehagen\/#article","isPartOf":{"@id":"https:\/\/foreldreutvalgene.no\/fub\/karneval-i-barnehagen\/"},"author":{"name":"baard","@id":"https:\/\/foreldreutvalgene.no\/fub\/#\/schema\/person\/a23a320ed9adc5462c23ba632fb76336"},"headline":"Karneval i barnehagen","datePublished":"2021-06-15T09:48:50+00:00","dateModified":"2025-02-04T09:24:00+00:00","mainEntityOfPage":{"@id":"https:\/\/foreldreutvalgene.no\/fub\/karneval-i-barnehagen\/"},"wordCount":377,"commentCount":0,"publisher":{"@id":"https:\/\/foreldreutvalgene.no\/fub\/#organization"},"image":{"@id":"https:\/\/foreldreutvalgene.no\/fub\/karneval-i-barnehagen\/#primaryimage"},"thumbnailUrl":"https:\/\/foreldreutvalgene.no\/fub\/wp-content\/uploads\/sites\/2\/2021\/06\/COLOURBOX48294939_11zon-scaled.jpg","articleSection":["Annet"],"inLanguage":"nb-NO","potentialAction":[{"@type":"CommentAction","name":"Comment","target":["https:\/\/foreldreutvalgene.no\/fub\/karneval-i-barnehagen\/#respond"]}]},{"@type":"WebPage","@id":"https:\/\/foreldreutvalgene.no\/fub\/karneval-i-barnehagen\/","url":"https:\/\/foreldreutvalgene.no\/fub\/karneval-i-barnehagen\/","name":"Karneval i barnehagen - Foreldreutvalget for barnehager","isPartOf":{"@id":"https:\/\/foreldreutvalgene.no\/fub\/#website"},"primaryImageOfPage":{"@id":"https:\/\/foreldreutvalgene.no\/fub\/karneval-i-barnehagen\/#primaryimage"},"image":{"@id":"https:\/\/foreldreutvalgene.no\/fub\/karneval-i-barnehagen\/#primaryimage"},"thumbnailUrl":"https:\/\/foreldreutvalgene.no\/fub\/wp-content\/uploads\/sites\/2\/2021\/06\/COLOURBOX48294939_11zon-scaled.jpg","datePublished":"2021-06-15T09:48:50+00:00","dateModified":"2025-02-04T09:24:00+00:00","description":"Barnehagene gj\u00f8r forskjellige ting ut av karnevalene. Det er viktig at karneval skal v\u00e6re en fin dag for barna uten stort forventningspress","breadcrumb":{"@id":"https:\/\/foreldreutvalgene.no\/fub\/karneval-i-barnehagen\/#breadcrumb"},"inLanguage":"nb-NO","potentialAction":[{"@type":"ReadAction","target":["https:\/\/foreldreutvalgene.no\/fub\/karneval-i-barnehagen\/"]}]},{"@type":"ImageObject","inLanguage":"nb-NO","@id":"https:\/\/foreldreutvalgene.no\/fub\/karneval-i-barnehagen\/#primaryimage","url":"https:\/\/foreldreutvalgene.no\/fub\/wp-content\/uploads\/sites\/2\/2021\/06\/COLOURBOX48294939_11zon-scaled.jpg","contentUrl":"https:\/\/foreldreutvalgene.no\/fub\/wp-content\/uploads\/sites\/2\/2021\/06\/COLOURBOX48294939_11zon-scaled.jpg","width":2560,"height":1707},{"@type":"BreadcrumbList","@id":"https:\/\/foreldreutvalgene.no\/fub\/karneval-i-barnehagen\/#breadcrumb","itemListElement":[{"@type":"ListItem","position":1,"name":"Home","item":"https:\/\/foreldreutvalgene.no\/fub\/"},{"@type":"ListItem","position":2,"name":"Karneval i barnehagen"}]},{"@type":"WebSite","@id":"https:\/\/foreldreutvalgene.no\/fub\/#website","url":"https:\/\/foreldreutvalgene.no\/fub\/","name":"Foreldreutvalget for barnehager","description":"","publisher":{"@id":"https:\/\/foreldreutvalgene.no\/fub\/#organization"},"potentialAction":[{"@type":"SearchAction","target":{"@type":"EntryPoint","urlTemplate":"https:\/\/foreldreutvalgene.no\/fub\/?s={search_term_string}"},"query-input":{"@type":"PropertyValueSpecification","valueRequired":true,"valueName":"search_term_string"}}],"inLanguage":"nb-NO"},{"@type":"Organization","@id":"https:\/\/foreldreutvalgene.no\/fub\/#organization","name":"Foreldreutvalget for barnehager","url":"https:\/\/foreldreutvalgene.no\/fub\/","logo":{"@type":"ImageObject","inLanguage":"nb-NO","@id":"https:\/\/foreldreutvalgene.no\/fub\/#\/schema\/logo\/image\/","url":"https:\/\/foreldreutvalgene.no\/fub\/wp-content\/uploads\/sites\/2\/2021\/08\/fublogo-footer.svg","contentUrl":"https:\/\/foreldreutvalgene.no\/fub\/wp-content\/uploads\/sites\/2\/2021\/08\/fublogo-footer.svg","width":507,"height":149,"caption":"Foreldreutvalget for barnehager"},"image":{"@id":"https:\/\/foreldreutvalgene.no\/fub\/#\/schema\/logo\/image\/"}},{"@type":"Person","@id":"https:\/\/foreldreutvalgene.no\/fub\/#\/schema\/person\/a23a320ed9adc5462c23ba632fb76336","name":"baard","image":{"@type":"ImageObject","inLanguage":"nb-NO","@id":"https:\/\/secure.gravatar.com\/avatar\/da20dcea7d46be70e6955e824595ce05f23748ea636e5d16108777a8f6ae217e?s=96&d=mm&r=g","url":"https:\/\/secure.gravatar.com\/avatar\/da20dcea7d46be70e6955e824595ce05f23748ea636e5d16108777a8f6ae217e?s=96&d=mm&r=g","contentUrl":"https:\/\/secure.gravatar.com\/avatar\/da20dcea7d46be70e6955e824595ce05f23748ea636e5d16108777a8f6ae217e?s=96&d=mm&r=g","caption":"baard"},"url":"https:\/\/foreldreutvalgene.no\/fub\/author\/baard\/"}]}},"_links":{"self":[{"href":"https:\/\/foreldreutvalgene.no\/fub\/wp-json\/wp\/v2\/posts\/325","targetHints":{"allow":["GET"]}}],"collection":[{"href":"https:\/\/foreldreutvalgene.no\/fub\/wp-json\/wp\/v2\/posts"}],"about":[{"href":"https:\/\/foreldreutvalgene.no\/fub\/wp-json\/wp\/v2\/types\/post"}],"author":[{"embeddable":true,"href":"https:\/\/foreldreutvalgene.no\/fub\/wp-json\/wp\/v2\/users\/3"}],"replies":[{"embeddable":true,"href":"https:\/\/foreldreutvalgene.no\/fub\/wp-json\/wp\/v2\/comments?post=325"}],"version-history":[{"count":3,"href":"https:\/\/foreldreutvalgene.no\/fub\/wp-json\/wp\/v2\/posts\/325\/revisions"}],"predecessor-version":[{"id":4423,"href":"https:\/\/foreldreutvalgene.no\/fub\/wp-json\/wp\/v2\/posts\/325\/revisions\/4423"}],"wp:featuredmedia":[{"embeddable":true,"href":"https:\/\/foreldreutvalgene.no\/fub\/wp-json\/wp\/v2\/media\/4422"}],"wp:attachment":[{"href":"https:\/\/foreldreutvalgene.no\/fub\/wp-json\/wp\/v2\/media?parent=325"}],"wp:term":[{"taxonomy":"category","embeddable":true,"href":"https:\/\/foreldreutvalgene.no\/fub\/wp-json\/wp\/v2\/categories?post=325"},{"taxonomy":"post_tag","embeddable":true,"href":"https:\/\/foreldreutvalgene.no\/fub\/wp-json\/wp\/v2\/tags?post=325"}],"curies":[{"name":"wp","href":"https:\/\/api.w.org\/{rel}","templated":true}]}}