{"id":2960,"date":"2022-02-07T13:50:50","date_gmt":"2022-02-07T12:50:50","guid":{"rendered":"https:\/\/foreldreutvalgene.no\/fub\/?p=2960"},"modified":"2025-02-25T09:45:49","modified_gmt":"2025-02-25T08:45:49","slug":"jeg-ser-med-gru-pa-barnehager-som-velger-a-skille-lekevenner","status":"publish","type":"post","link":"https:\/\/foreldreutvalgene.no\/fub\/jeg-ser-med-gru-pa-barnehager-som-velger-a-skille-lekevenner\/","title":{"rendered":"&#8211; Jeg ser med gru p\u00e5 barnehager som velger \u00e5 skille lekevenner"},"content":{"rendered":"\n<figure class=\"wp-block-image size-large\"><img loading=\"lazy\" decoding=\"async\" width=\"1024\" height=\"683\" src=\"https:\/\/foreldreutvalgene.no\/fub\/wp-content\/uploads\/sites\/2\/2022\/02\/Sondre-Bjaberg-ny-1024x683.jpg\" alt=\"Sondre Bjaberg\" class=\"wp-image-2963\" srcset=\"https:\/\/foreldreutvalgene.no\/fub\/wp-content\/uploads\/sites\/2\/2022\/02\/Sondre-Bjaberg-ny-1024x683.jpg 1024w, https:\/\/foreldreutvalgene.no\/fub\/wp-content\/uploads\/sites\/2\/2022\/02\/Sondre-Bjaberg-ny-300x200.jpg 300w, https:\/\/foreldreutvalgene.no\/fub\/wp-content\/uploads\/sites\/2\/2022\/02\/Sondre-Bjaberg-ny-768x512.jpg 768w, https:\/\/foreldreutvalgene.no\/fub\/wp-content\/uploads\/sites\/2\/2022\/02\/Sondre-Bjaberg-ny-1536x1024.jpg 1536w, https:\/\/foreldreutvalgene.no\/fub\/wp-content\/uploads\/sites\/2\/2022\/02\/Sondre-Bjaberg-ny-620x413.jpg 620w, https:\/\/foreldreutvalgene.no\/fub\/wp-content\/uploads\/sites\/2\/2022\/02\/Sondre-Bjaberg-ny-120x80.jpg 120w, https:\/\/foreldreutvalgene.no\/fub\/wp-content\/uploads\/sites\/2\/2022\/02\/Sondre-Bjaberg-ny-320x213.jpg 320w, https:\/\/foreldreutvalgene.no\/fub\/wp-content\/uploads\/sites\/2\/2022\/02\/Sondre-Bjaberg-ny-1440x960.jpg 1440w, https:\/\/foreldreutvalgene.no\/fub\/wp-content\/uploads\/sites\/2\/2022\/02\/Sondre-Bjaberg-ny.jpg 1920w\" sizes=\"auto, (max-width: 1024px) 100vw, 1024px\" \/><figcaption class=\"wp-element-caption\">Bildet viser forfatter og f\u00f8rskolel\u00e6rer Sondre Bjaberg sammen med et akrobatisk barn. <\/figcaption><\/figure>\n\n\n\n<p class=\"has-large-font-size\">&#8211; <strong>Vi verken kan eller skal love eller forvente at alle skal v\u00e6re venner, men vi skal l\u00e6re barna viktigheten av \u00e5 ta vare p\u00e5 hverandre, forholde seg til hverandre p\u00e5 en god m\u00e5te og med respekt, skriver f\u00f8rskolel\u00e6rer og barnebokforfatter Sondre Bjaberg i sin fagartikkel til Barnehagedagen 2022. <\/strong><\/p>\n\n\n\n<p>Som mange\u00e5rig pedagogisk leder i barnehage, og selv pappa, sl\u00e5r det meg ofte hvordan vi som voksne har s\u00e5 lett for \u00e5 forenkle dette med vennskap hos barn. Ja, at vi rett og slett ikke tar det nok p\u00e5 alvor og ikke faktisk har <em>skj\u00f8nt <\/em>hva det egentlig dreier seg om. Ikke sjelden h\u00f8rer jeg fra folk som jobber i barnehagen utsagn som: Alle skal v\u00e6re venner. I noen barnehager henger det synlig fremme plakater hvor dette budskapet formidles: <em>Alle <\/em>skal leke sammen. <em>Alle<\/em> skal v\u00e6re venner.<\/p>\n\n\n\n<p>Noen g\u00e5r til og med s\u00e5 langt som \u00e5 gi en <em>vennegaranti, <\/em>som om man sier til foreldre: Om barnet ditt begynner hos oss, s\u00e5 kan vi garantere at det vil f\u00e5 venner!<\/p>\n\n\n\n<h2 class=\"wp-block-heading\" id=\"h-feil-mate-a-tilnaerme-seg-vennskap\">Feil m\u00e5te \u00e5 tiln\u00e6rme seg vennskap<\/h2>\n\n\n\n<p>Men er det virkelig slik det b\u00f8r v\u00e6re? Selv mener jeg det er fullstendig misforst\u00e5tt, og&nbsp;en helt feil m\u00e5te \u00e5 tiln\u00e6rme seg vennskap p\u00e5. For meg er vennskap noe mer: Det er noe dypere, noe som sitter enda mer i hjertet. Det handler om \u00e5 kjenne seg fullstendig trygg og sikker i en relasjon som er det tryggeste stedet du kan v\u00e6re. Et sted hvor du som barn kan v\u00e6re med andre barn som du stoler helt og fullt p\u00e5, med de som alltid tar deg i mot n\u00e5r du g\u00e5r alene, de som du slipper \u00e5 gj\u00f8re deg som en klovn for eller late som om du er noe annet enn det du er. Relasjoner hvor du f\u00e5r lov til \u00e5 bare v\u00e6re deg selv, og det er mer enn godt nok. Og hvor vennene er likeverdige.<\/p>\n\n\n\n<p>Det betyr s\u00e5 absolutt ikke at man ikke kan krangle eller v\u00e6re uenige. Selvsagt krangler barn blant venner. Likevel er man trygg i uenigheten, og trygg i kranglingen, nettopp fordi vennskapet som ligger til grunn er s\u00e5 sterkt. Eller som ei jente p\u00e5 4,5 \u00e5r sa til meg:<\/p>\n\n\n\n<p>\u00abDe man krangler mest med er kanskje vennene sine, for det er jo de som man leker mest med.\u00bb<\/p>\n\n\n\n<h2 class=\"wp-block-heading\" id=\"kan-ikke-gi-en-garanti\">Kan ikke gi en garanti<\/h2>\n\n\n\n<p>Disse ordene har gjort inntrykk p\u00e5 meg, og jeg tenker at det er s\u00e5 utrolig klokt sagt. For er det ikke nettopp slik vennskap blant barn er? Barns vennskap t\u00e5ler b\u00e5de konflikter og avvisninger, nettopp fordi de er venner og vennskapene er s\u00e5 robuste, og her tror jeg vi voksne har masse \u00e5 l\u00e6re.<\/p>\n\n\n\n<p>S\u00e5, tilbake til oss voksne: Hvordan kan vi garantere vennskap n\u00e5r vennskap er noe som skal komme innenfra deg selv? Og det skal v\u00e6re en likeverdighet mellom de som m\u00f8tes? Jeg som voksen b\u00e5de kan og skal selvsagt legge til rette for lek og barns opplevelse av det \u00e5 leke sammen med noen, ha en lekevenn eller bare lek, men jeg kan ikke gi en <em>garanti <\/em>for at det vil utvikle seg til et vennskap. Det jeg derimot kan garantere, er at jeg skal gj\u00f8re absolutt alt jeg kan for at barnet skal ha en s\u00e5 fin hverdag som mulig.<\/p>\n\n\n\n<figure class=\"wp-block-image size-large\"><img loading=\"lazy\" decoding=\"async\" width=\"1024\" height=\"683\" src=\"https:\/\/foreldreutvalgene.no\/fub\/wp-content\/uploads\/sites\/2\/2022\/02\/Bjaberg-stottebilde-1024x683.jpg\" alt=\"Venner i akebakke\" class=\"wp-image-2964\" srcset=\"https:\/\/foreldreutvalgene.no\/fub\/wp-content\/uploads\/sites\/2\/2022\/02\/Bjaberg-stottebilde-1024x683.jpg 1024w, https:\/\/foreldreutvalgene.no\/fub\/wp-content\/uploads\/sites\/2\/2022\/02\/Bjaberg-stottebilde-300x200.jpg 300w, https:\/\/foreldreutvalgene.no\/fub\/wp-content\/uploads\/sites\/2\/2022\/02\/Bjaberg-stottebilde-768x512.jpg 768w, https:\/\/foreldreutvalgene.no\/fub\/wp-content\/uploads\/sites\/2\/2022\/02\/Bjaberg-stottebilde-1536x1024.jpg 1536w, https:\/\/foreldreutvalgene.no\/fub\/wp-content\/uploads\/sites\/2\/2022\/02\/Bjaberg-stottebilde-620x413.jpg 620w, https:\/\/foreldreutvalgene.no\/fub\/wp-content\/uploads\/sites\/2\/2022\/02\/Bjaberg-stottebilde-120x80.jpg 120w, https:\/\/foreldreutvalgene.no\/fub\/wp-content\/uploads\/sites\/2\/2022\/02\/Bjaberg-stottebilde-320x213.jpg 320w, https:\/\/foreldreutvalgene.no\/fub\/wp-content\/uploads\/sites\/2\/2022\/02\/Bjaberg-stottebilde-1440x960.jpg 1440w, https:\/\/foreldreutvalgene.no\/fub\/wp-content\/uploads\/sites\/2\/2022\/02\/Bjaberg-stottebilde.jpg 1920w\" sizes=\"auto, (max-width: 1024px) 100vw, 1024px\" \/><figcaption class=\"wp-element-caption\">Bildet viser to lekekamerater som sitter i toppen av en akebakke. <\/figcaption><\/figure>\n\n\n\n<h2 class=\"wp-block-heading\" id=\"ikke-alt-kan-vaere-vennskap\">Ikke alt kan v\u00e6re vennskap<\/h2>\n\n\n\n<p>\u00c5 komme til en slik erkjennelse kan nok for mange oppleves s\u00e5rt: Ikke alle er ment for \u00e5 v\u00e6re venner. Det kommer aldri til \u00e5 skje. Heller ikke i barnehagen. Selv har jeg heller ikke noe \u00f8nske om at det skal v\u00e6re slik, fordi jeg mener at vi voksne da forringer betydningen av hva en venn faktisk er. <\/p>\n\n\n\n<p>Noen ganger kan vi voksne forledes til \u00e5 tro at det dreier seg om vennskap, mens det i virkeligheten er noe helt annet: Er man utrygg i relasjonen eller \u00abmaktkampen\u00bb som foreg\u00e5r i samspillet, eller usamspillet, s\u00e5 er det ikke <em>vennskap. <\/em>Om usikkerheten mellom barna er det r\u00e5dende, s\u00e5 er det ikke vennskap. Venner &#8211; de hjelper og st\u00f8tter hverandre, og kjennes som det tryggeste sted man kan v\u00e6re. Snakker man om d\u00e5rlige vennskap &#8211; ja, da er det ikke <em>venner.<\/em><\/p>\n\n\n\n<h2 class=\"wp-block-heading\" id=\"noe-av-det-verste-vi-kan-gjore\">Noe av det verste vi kan gj\u00f8re <\/h2>\n\n\n\n<p>Jeg mener vi skylder barna ikke \u00e5 ta s\u00e5 lett p\u00e5 dette med venner og vennskap. Med gru ser jeg p\u00e5 enkelte barnehager som velger \u00e5 skille gode lekevenner med den begrunnelse at barnet skal utvide <em>vennskapsrepertoaret <\/em>sitt. Det er s\u00e5 d\u00e5rlig, mener jeg. Barnet har endelig skaffet seg et vennskap hvor leken blomstrer og det er trygt, og s\u00e5 skal det bruke alle sine krefter p\u00e5 \u00e5 finne seg til rette i en helt ny setting, fordi noen voksne har f\u00e5tt for seg at det er slik det b\u00f8r v\u00e6re, og drar dere fra hverandre? Tror man virkelig dette er \u00e5 gj\u00f8re barnet en tjeneste? Jeg setter et stort sp\u00f8rsm\u00e5lstegn ved hvilken medmenneskelighet og pedagogisk tankegang voksne kan legitimere dette, og tenker det er noe av det verste vi kan gj\u00f8re mot barna.<\/p>\n\n\n\n<p>Ofte h\u00f8rer jeg at det er usunt for barna \u00e5 forbli i relasjonen, fordi de da ikke vil f\u00e5 nye eller andre venner, men hvordan kan vi rettferdiggj\u00f8re en slik tankegang? Jeg forst\u00e5r det ikke. Om det er slik at vi tror samspillet hindrer den eller den andre p\u00e5 noen m\u00e5te, s\u00e5 m\u00e5 vi som voksne g\u00e5 inn og se p\u00e5 det. Vi m\u00e5 t\u00f8rre \u00e5 v\u00e6re aktivt tilstede, nysgjerrige og observere &#8211; men, vennskap skal vi dyrke og venner skal ikke skilles.<\/p>\n\n\n\n<h2 class=\"wp-block-heading\" id=\"respekt-og-medmenneskelighet\">Respekt og medmenneskelighet<\/h2>\n\n\n\n<p>Det er lov som voksne \u00e5 gi uttrykk for hvor godt det m\u00e5 f\u00f8les \u00e5 v\u00e6re dere to, tre eller fire. Vi verken kan eller skal love eller forvente at alle skal v\u00e6re venner, men vi skal l\u00e6re barna viktigheten av \u00e5 ta vare p\u00e5 hverandre, forholde seg til hverandre p\u00e5 en god m\u00e5te og med respekt. Det handler om medmenneskelighet, og ikke vennskap. Det er noe helt annet, og det m\u00e5 vi begynne \u00e5 ta p\u00e5 alvor.<\/p>\n\n\n\n<p>Det \u00e5 ha en venn gir gode muligheter for en fantastisk barndom, men kan det bli et press? T\u00e5ler vi som voksne \u00e5 se at noen blir avvist? Og hvordan definere vennskap? Jeg opplever ofte at foreldre kan si: \u00abHar barnet mitt venner?\u00bb Vi voksne sier det s\u00e5 mye. Da er det s\u00e5 viktig \u00e5 v\u00e6re bevisste p\u00e5 at det \u00e5 ikke ha en venn ikke er ensbetydende med det \u00e5 v\u00e6re alene.<\/p>\n\n\n\n<div class=\"wp-block-group has-light-gray-color has-green-background-color has-text-color has-background\"><div class=\"wp-block-group__inner-container is-layout-flow wp-block-group-is-layout-flow\">\n<h4 class=\"wp-block-heading\" id=\"om-forfatteren\">Om forfatteren: <\/h4>\n\n\n\n<p>Sondre Bjaberg (f.1973) er f\u00f8rskolel\u00e6rer og far til tre. Han har hatt undervisningsstilling ved Geitmyra matkultursenter for barn, men jobber n\u00e5 som pedagogisk leder i \u00c5rvollskogen barnehage. <\/p>\n\n\n\n<p>Han driver ogs\u00e5 podkasten &laquo;Tidligvakt med Sondre og Trond&raquo; som er tilknyttet &laquo;Barnehageforum&raquo;. I en av episodene tar man opp &laquo;Vennskap i barnehagen&raquo;.<\/p>\n<\/div><\/div>\n\n\n\n<p><em><strong>Du m\u00f8ter blant andre Sondre Bjaberg i kveldsseminaret vi arrangerer i anledning Barnehagedagen 2022, 14. mars.\u00a0<\/strong><\/em><\/p>\n\n\n\n<p><strong>LES OGS\u00c5:<\/strong> <a href=\"https:\/\/foreldreutvalgene.no\/fub\/voksne-skaper-vennskap-bade-i-og-utenfor-barnehagen\/\">Voksne skaper vennskap &#8211; b\u00e5de i og utenfor barnehagen<\/a> <\/p>\n\n\n\n<p><a href=\"https:\/\/foreldreutvalgene.no\/fub\/last-ned-plakater-til-barnehagedagen-2022\/\">LAST NED PLAKATER TIL BARNEHAGEDAGEN 2022<\/a><\/p>\n","protected":false},"excerpt":{"rendered":"<p>&#8211; Vi verken kan eller skal love eller forvente at alle skal v\u00e6re venner, men vi skal l\u00e6re barna viktigheten av \u00e5 ta vare p\u00e5 hverandre, forholde seg til hverandre p\u00e5 en god m\u00e5te og med respekt, skriver f\u00f8rskolel\u00e6rer og barnebokforfatter Sondre Bjaberg i sin fagartikkel til Barnehagedagen 2022. Som mange\u00e5rig pedagogisk leder i barnehage, [&hellip;]<\/p>\n","protected":false},"author":7,"featured_media":2963,"comment_status":"closed","ping_status":"closed","sticky":true,"template":"","format":"standard","meta":{"_acf_changed":false,"footnotes":""},"categories":[45],"tags":[],"class_list":["post-2960","post","type-post","status-publish","format-standard","has-post-thumbnail","hentry","category-barnehagedagen"],"acf":[],"yoast_head":"<!-- This site is optimized with the Yoast SEO Premium plugin v27.4 (Yoast SEO v27.4) - https:\/\/yoast.com\/product\/yoast-seo-premium-wordpress\/ -->\n<title>- Jeg ser med gru p\u00e5 barnehager som velger \u00e5 skille lekevenner - Foreldreutvalget for barnehager<\/title>\n<meta name=\"description\" content=\"I forbindelse med Barnehagedagen 2022 har vi f\u00e5tt fagfolk til \u00e5 skrive om \u00e5rets tema - vennskap. Her er forfatter Sondre Bjabergs bidrag.\" \/>\n<meta name=\"robots\" content=\"index, follow, max-snippet:-1, max-image-preview:large, max-video-preview:-1\" \/>\n<link rel=\"canonical\" href=\"https:\/\/foreldreutvalgene.no\/fub\/jeg-ser-med-gru-pa-barnehager-som-velger-a-skille-lekevenner\/\" \/>\n<meta property=\"og:locale\" content=\"nb_NO\" \/>\n<meta property=\"og:type\" content=\"article\" \/>\n<meta property=\"og:title\" content=\"- Jeg ser med gru p\u00e5 barnehager som velger \u00e5 skille lekevenner\" \/>\n<meta property=\"og:description\" content=\"F\u00f8rskolel\u00e6rer og forfatter Sondre Bjaberg skriver om vennskap i forbindelse med Barnehagedagen 2022.\" \/>\n<meta property=\"og:url\" content=\"https:\/\/foreldreutvalgene.no\/fub\/jeg-ser-med-gru-pa-barnehager-som-velger-a-skille-lekevenner\/\" \/>\n<meta property=\"og:site_name\" content=\"Foreldreutvalget for barnehager\" \/>\n<meta property=\"article:published_time\" content=\"2022-02-07T12:50:50+00:00\" \/>\n<meta property=\"article:modified_time\" content=\"2025-02-25T08:45:49+00:00\" \/>\n<meta property=\"og:image\" content=\"https:\/\/foreldreutvalgene.no\/fub\/wp-content\/uploads\/sites\/2\/2022\/02\/Sondre-Bjaberg-ny.jpg\" \/>\n\t<meta property=\"og:image:width\" content=\"1920\" \/>\n\t<meta property=\"og:image:height\" content=\"1280\" \/>\n\t<meta property=\"og:image:type\" content=\"image\/jpeg\" \/>\n<meta name=\"author\" content=\"bjornar\" \/>\n<meta name=\"twitter:card\" content=\"summary_large_image\" \/>\n<meta name=\"twitter:label1\" content=\"Skrevet av\" \/>\n\t<meta name=\"twitter:data1\" content=\"bjornar\" \/>\n\t<meta name=\"twitter:label2\" content=\"Ansl. lesetid\" \/>\n\t<meta name=\"twitter:data2\" content=\"7 minutter\" \/>\n<script type=\"application\/ld+json\" class=\"yoast-schema-graph\">{\"@context\":\"https:\\\/\\\/schema.org\",\"@graph\":[{\"@type\":\"Article\",\"@id\":\"https:\\\/\\\/foreldreutvalgene.no\\\/fub\\\/jeg-ser-med-gru-pa-barnehager-som-velger-a-skille-lekevenner\\\/#article\",\"isPartOf\":{\"@id\":\"https:\\\/\\\/foreldreutvalgene.no\\\/fub\\\/jeg-ser-med-gru-pa-barnehager-som-velger-a-skille-lekevenner\\\/\"},\"author\":{\"name\":\"bjornar\",\"@id\":\"https:\\\/\\\/foreldreutvalgene.no\\\/fub\\\/#\\\/schema\\\/person\\\/4074f8e84b174980cd2d4c2ec88dccef\"},\"headline\":\"&#8211; Jeg ser med gru p\u00e5 barnehager som velger \u00e5 skille lekevenner\",\"datePublished\":\"2022-02-07T12:50:50+00:00\",\"dateModified\":\"2025-02-25T08:45:49+00:00\",\"mainEntityOfPage\":{\"@id\":\"https:\\\/\\\/foreldreutvalgene.no\\\/fub\\\/jeg-ser-med-gru-pa-barnehager-som-velger-a-skille-lekevenner\\\/\"},\"wordCount\":1220,\"publisher\":{\"@id\":\"https:\\\/\\\/foreldreutvalgene.no\\\/fub\\\/#organization\"},\"image\":{\"@id\":\"https:\\\/\\\/foreldreutvalgene.no\\\/fub\\\/jeg-ser-med-gru-pa-barnehager-som-velger-a-skille-lekevenner\\\/#primaryimage\"},\"thumbnailUrl\":\"https:\\\/\\\/foreldreutvalgene.no\\\/fub\\\/wp-content\\\/uploads\\\/sites\\\/2\\\/2022\\\/02\\\/Sondre-Bjaberg-ny.jpg\",\"articleSection\":[\"Barnehagedagen\"],\"inLanguage\":\"nb-NO\"},{\"@type\":\"WebPage\",\"@id\":\"https:\\\/\\\/foreldreutvalgene.no\\\/fub\\\/jeg-ser-med-gru-pa-barnehager-som-velger-a-skille-lekevenner\\\/\",\"url\":\"https:\\\/\\\/foreldreutvalgene.no\\\/fub\\\/jeg-ser-med-gru-pa-barnehager-som-velger-a-skille-lekevenner\\\/\",\"name\":\"- Jeg ser med gru p\u00e5 barnehager som velger \u00e5 skille lekevenner - Foreldreutvalget for barnehager\",\"isPartOf\":{\"@id\":\"https:\\\/\\\/foreldreutvalgene.no\\\/fub\\\/#website\"},\"primaryImageOfPage\":{\"@id\":\"https:\\\/\\\/foreldreutvalgene.no\\\/fub\\\/jeg-ser-med-gru-pa-barnehager-som-velger-a-skille-lekevenner\\\/#primaryimage\"},\"image\":{\"@id\":\"https:\\\/\\\/foreldreutvalgene.no\\\/fub\\\/jeg-ser-med-gru-pa-barnehager-som-velger-a-skille-lekevenner\\\/#primaryimage\"},\"thumbnailUrl\":\"https:\\\/\\\/foreldreutvalgene.no\\\/fub\\\/wp-content\\\/uploads\\\/sites\\\/2\\\/2022\\\/02\\\/Sondre-Bjaberg-ny.jpg\",\"datePublished\":\"2022-02-07T12:50:50+00:00\",\"dateModified\":\"2025-02-25T08:45:49+00:00\",\"description\":\"I forbindelse med Barnehagedagen 2022 har vi f\u00e5tt fagfolk til \u00e5 skrive om \u00e5rets tema - vennskap. Her er forfatter Sondre Bjabergs bidrag.\",\"breadcrumb\":{\"@id\":\"https:\\\/\\\/foreldreutvalgene.no\\\/fub\\\/jeg-ser-med-gru-pa-barnehager-som-velger-a-skille-lekevenner\\\/#breadcrumb\"},\"inLanguage\":\"nb-NO\",\"potentialAction\":[{\"@type\":\"ReadAction\",\"target\":[\"https:\\\/\\\/foreldreutvalgene.no\\\/fub\\\/jeg-ser-med-gru-pa-barnehager-som-velger-a-skille-lekevenner\\\/\"]}]},{\"@type\":\"ImageObject\",\"inLanguage\":\"nb-NO\",\"@id\":\"https:\\\/\\\/foreldreutvalgene.no\\\/fub\\\/jeg-ser-med-gru-pa-barnehager-som-velger-a-skille-lekevenner\\\/#primaryimage\",\"url\":\"https:\\\/\\\/foreldreutvalgene.no\\\/fub\\\/wp-content\\\/uploads\\\/sites\\\/2\\\/2022\\\/02\\\/Sondre-Bjaberg-ny.jpg\",\"contentUrl\":\"https:\\\/\\\/foreldreutvalgene.no\\\/fub\\\/wp-content\\\/uploads\\\/sites\\\/2\\\/2022\\\/02\\\/Sondre-Bjaberg-ny.jpg\",\"width\":1920,\"height\":1280,\"caption\":\"Bildet viser forfatter og f\u00f8rskolel\u00e6rer Sondre Bjaberg sammen med et akrobatisk barn.\"},{\"@type\":\"BreadcrumbList\",\"@id\":\"https:\\\/\\\/foreldreutvalgene.no\\\/fub\\\/jeg-ser-med-gru-pa-barnehager-som-velger-a-skille-lekevenner\\\/#breadcrumb\",\"itemListElement\":[{\"@type\":\"ListItem\",\"position\":1,\"name\":\"Home\",\"item\":\"https:\\\/\\\/foreldreutvalgene.no\\\/fub\\\/\"},{\"@type\":\"ListItem\",\"position\":2,\"name\":\"&#8211; Jeg ser med gru p\u00e5 barnehager som velger \u00e5 skille lekevenner\"}]},{\"@type\":\"WebSite\",\"@id\":\"https:\\\/\\\/foreldreutvalgene.no\\\/fub\\\/#website\",\"url\":\"https:\\\/\\\/foreldreutvalgene.no\\\/fub\\\/\",\"name\":\"Foreldreutvalget for barnehager\",\"description\":\"\",\"publisher\":{\"@id\":\"https:\\\/\\\/foreldreutvalgene.no\\\/fub\\\/#organization\"},\"potentialAction\":[{\"@type\":\"SearchAction\",\"target\":{\"@type\":\"EntryPoint\",\"urlTemplate\":\"https:\\\/\\\/foreldreutvalgene.no\\\/fub\\\/?s={search_term_string}\"},\"query-input\":{\"@type\":\"PropertyValueSpecification\",\"valueRequired\":true,\"valueName\":\"search_term_string\"}}],\"inLanguage\":\"nb-NO\"},{\"@type\":\"Organization\",\"@id\":\"https:\\\/\\\/foreldreutvalgene.no\\\/fub\\\/#organization\",\"name\":\"Foreldreutvalget for barnehager\",\"url\":\"https:\\\/\\\/foreldreutvalgene.no\\\/fub\\\/\",\"logo\":{\"@type\":\"ImageObject\",\"inLanguage\":\"nb-NO\",\"@id\":\"https:\\\/\\\/foreldreutvalgene.no\\\/fub\\\/#\\\/schema\\\/logo\\\/image\\\/\",\"url\":\"https:\\\/\\\/foreldreutvalgene.no\\\/fub\\\/wp-content\\\/uploads\\\/sites\\\/2\\\/2021\\\/08\\\/fublogo-footer.svg\",\"contentUrl\":\"https:\\\/\\\/foreldreutvalgene.no\\\/fub\\\/wp-content\\\/uploads\\\/sites\\\/2\\\/2021\\\/08\\\/fublogo-footer.svg\",\"width\":507,\"height\":149,\"caption\":\"Foreldreutvalget for barnehager\"},\"image\":{\"@id\":\"https:\\\/\\\/foreldreutvalgene.no\\\/fub\\\/#\\\/schema\\\/logo\\\/image\\\/\"}},{\"@type\":\"Person\",\"@id\":\"https:\\\/\\\/foreldreutvalgene.no\\\/fub\\\/#\\\/schema\\\/person\\\/4074f8e84b174980cd2d4c2ec88dccef\",\"name\":\"bjornar\",\"image\":{\"@type\":\"ImageObject\",\"inLanguage\":\"nb-NO\",\"@id\":\"https:\\\/\\\/secure.gravatar.com\\\/avatar\\\/5cafd5e235f3e1bbf1c12509a1e2c8d0c45b72ded70691f3113dc1c8fb45ee92?s=96&d=mm&r=g\",\"url\":\"https:\\\/\\\/secure.gravatar.com\\\/avatar\\\/5cafd5e235f3e1bbf1c12509a1e2c8d0c45b72ded70691f3113dc1c8fb45ee92?s=96&d=mm&r=g\",\"contentUrl\":\"https:\\\/\\\/secure.gravatar.com\\\/avatar\\\/5cafd5e235f3e1bbf1c12509a1e2c8d0c45b72ded70691f3113dc1c8fb45ee92?s=96&d=mm&r=g\",\"caption\":\"bjornar\"},\"url\":\"https:\\\/\\\/foreldreutvalgene.no\\\/fub\\\/author\\\/bjornar\\\/\"}]}<\/script>\n<!-- \/ Yoast SEO Premium plugin. -->","yoast_head_json":{"title":"- Jeg ser med gru p\u00e5 barnehager som velger \u00e5 skille lekevenner - Foreldreutvalget for barnehager","description":"I forbindelse med Barnehagedagen 2022 har vi f\u00e5tt fagfolk til \u00e5 skrive om \u00e5rets tema - vennskap. Her er forfatter Sondre Bjabergs bidrag.","robots":{"index":"index","follow":"follow","max-snippet":"max-snippet:-1","max-image-preview":"max-image-preview:large","max-video-preview":"max-video-preview:-1"},"canonical":"https:\/\/foreldreutvalgene.no\/fub\/jeg-ser-med-gru-pa-barnehager-som-velger-a-skille-lekevenner\/","og_locale":"nb_NO","og_type":"article","og_title":"- Jeg ser med gru p\u00e5 barnehager som velger \u00e5 skille lekevenner","og_description":"F\u00f8rskolel\u00e6rer og forfatter Sondre Bjaberg skriver om vennskap i forbindelse med Barnehagedagen 2022.","og_url":"https:\/\/foreldreutvalgene.no\/fub\/jeg-ser-med-gru-pa-barnehager-som-velger-a-skille-lekevenner\/","og_site_name":"Foreldreutvalget for barnehager","article_published_time":"2022-02-07T12:50:50+00:00","article_modified_time":"2025-02-25T08:45:49+00:00","og_image":[{"width":1920,"height":1280,"url":"https:\/\/foreldreutvalgene.no\/fub\/wp-content\/uploads\/sites\/2\/2022\/02\/Sondre-Bjaberg-ny.jpg","type":"image\/jpeg"}],"author":"bjornar","twitter_card":"summary_large_image","twitter_misc":{"Skrevet av":"bjornar","Ansl. lesetid":"7 minutter"},"schema":{"@context":"https:\/\/schema.org","@graph":[{"@type":"Article","@id":"https:\/\/foreldreutvalgene.no\/fub\/jeg-ser-med-gru-pa-barnehager-som-velger-a-skille-lekevenner\/#article","isPartOf":{"@id":"https:\/\/foreldreutvalgene.no\/fub\/jeg-ser-med-gru-pa-barnehager-som-velger-a-skille-lekevenner\/"},"author":{"name":"bjornar","@id":"https:\/\/foreldreutvalgene.no\/fub\/#\/schema\/person\/4074f8e84b174980cd2d4c2ec88dccef"},"headline":"&#8211; Jeg ser med gru p\u00e5 barnehager som velger \u00e5 skille lekevenner","datePublished":"2022-02-07T12:50:50+00:00","dateModified":"2025-02-25T08:45:49+00:00","mainEntityOfPage":{"@id":"https:\/\/foreldreutvalgene.no\/fub\/jeg-ser-med-gru-pa-barnehager-som-velger-a-skille-lekevenner\/"},"wordCount":1220,"publisher":{"@id":"https:\/\/foreldreutvalgene.no\/fub\/#organization"},"image":{"@id":"https:\/\/foreldreutvalgene.no\/fub\/jeg-ser-med-gru-pa-barnehager-som-velger-a-skille-lekevenner\/#primaryimage"},"thumbnailUrl":"https:\/\/foreldreutvalgene.no\/fub\/wp-content\/uploads\/sites\/2\/2022\/02\/Sondre-Bjaberg-ny.jpg","articleSection":["Barnehagedagen"],"inLanguage":"nb-NO"},{"@type":"WebPage","@id":"https:\/\/foreldreutvalgene.no\/fub\/jeg-ser-med-gru-pa-barnehager-som-velger-a-skille-lekevenner\/","url":"https:\/\/foreldreutvalgene.no\/fub\/jeg-ser-med-gru-pa-barnehager-som-velger-a-skille-lekevenner\/","name":"- Jeg ser med gru p\u00e5 barnehager som velger \u00e5 skille lekevenner - Foreldreutvalget for barnehager","isPartOf":{"@id":"https:\/\/foreldreutvalgene.no\/fub\/#website"},"primaryImageOfPage":{"@id":"https:\/\/foreldreutvalgene.no\/fub\/jeg-ser-med-gru-pa-barnehager-som-velger-a-skille-lekevenner\/#primaryimage"},"image":{"@id":"https:\/\/foreldreutvalgene.no\/fub\/jeg-ser-med-gru-pa-barnehager-som-velger-a-skille-lekevenner\/#primaryimage"},"thumbnailUrl":"https:\/\/foreldreutvalgene.no\/fub\/wp-content\/uploads\/sites\/2\/2022\/02\/Sondre-Bjaberg-ny.jpg","datePublished":"2022-02-07T12:50:50+00:00","dateModified":"2025-02-25T08:45:49+00:00","description":"I forbindelse med Barnehagedagen 2022 har vi f\u00e5tt fagfolk til \u00e5 skrive om \u00e5rets tema - vennskap. Her er forfatter Sondre Bjabergs bidrag.","breadcrumb":{"@id":"https:\/\/foreldreutvalgene.no\/fub\/jeg-ser-med-gru-pa-barnehager-som-velger-a-skille-lekevenner\/#breadcrumb"},"inLanguage":"nb-NO","potentialAction":[{"@type":"ReadAction","target":["https:\/\/foreldreutvalgene.no\/fub\/jeg-ser-med-gru-pa-barnehager-som-velger-a-skille-lekevenner\/"]}]},{"@type":"ImageObject","inLanguage":"nb-NO","@id":"https:\/\/foreldreutvalgene.no\/fub\/jeg-ser-med-gru-pa-barnehager-som-velger-a-skille-lekevenner\/#primaryimage","url":"https:\/\/foreldreutvalgene.no\/fub\/wp-content\/uploads\/sites\/2\/2022\/02\/Sondre-Bjaberg-ny.jpg","contentUrl":"https:\/\/foreldreutvalgene.no\/fub\/wp-content\/uploads\/sites\/2\/2022\/02\/Sondre-Bjaberg-ny.jpg","width":1920,"height":1280,"caption":"Bildet viser forfatter og f\u00f8rskolel\u00e6rer Sondre Bjaberg sammen med et akrobatisk barn."},{"@type":"BreadcrumbList","@id":"https:\/\/foreldreutvalgene.no\/fub\/jeg-ser-med-gru-pa-barnehager-som-velger-a-skille-lekevenner\/#breadcrumb","itemListElement":[{"@type":"ListItem","position":1,"name":"Home","item":"https:\/\/foreldreutvalgene.no\/fub\/"},{"@type":"ListItem","position":2,"name":"&#8211; Jeg ser med gru p\u00e5 barnehager som velger \u00e5 skille lekevenner"}]},{"@type":"WebSite","@id":"https:\/\/foreldreutvalgene.no\/fub\/#website","url":"https:\/\/foreldreutvalgene.no\/fub\/","name":"Foreldreutvalget for barnehager","description":"","publisher":{"@id":"https:\/\/foreldreutvalgene.no\/fub\/#organization"},"potentialAction":[{"@type":"SearchAction","target":{"@type":"EntryPoint","urlTemplate":"https:\/\/foreldreutvalgene.no\/fub\/?s={search_term_string}"},"query-input":{"@type":"PropertyValueSpecification","valueRequired":true,"valueName":"search_term_string"}}],"inLanguage":"nb-NO"},{"@type":"Organization","@id":"https:\/\/foreldreutvalgene.no\/fub\/#organization","name":"Foreldreutvalget for barnehager","url":"https:\/\/foreldreutvalgene.no\/fub\/","logo":{"@type":"ImageObject","inLanguage":"nb-NO","@id":"https:\/\/foreldreutvalgene.no\/fub\/#\/schema\/logo\/image\/","url":"https:\/\/foreldreutvalgene.no\/fub\/wp-content\/uploads\/sites\/2\/2021\/08\/fublogo-footer.svg","contentUrl":"https:\/\/foreldreutvalgene.no\/fub\/wp-content\/uploads\/sites\/2\/2021\/08\/fublogo-footer.svg","width":507,"height":149,"caption":"Foreldreutvalget for barnehager"},"image":{"@id":"https:\/\/foreldreutvalgene.no\/fub\/#\/schema\/logo\/image\/"}},{"@type":"Person","@id":"https:\/\/foreldreutvalgene.no\/fub\/#\/schema\/person\/4074f8e84b174980cd2d4c2ec88dccef","name":"bjornar","image":{"@type":"ImageObject","inLanguage":"nb-NO","@id":"https:\/\/secure.gravatar.com\/avatar\/5cafd5e235f3e1bbf1c12509a1e2c8d0c45b72ded70691f3113dc1c8fb45ee92?s=96&d=mm&r=g","url":"https:\/\/secure.gravatar.com\/avatar\/5cafd5e235f3e1bbf1c12509a1e2c8d0c45b72ded70691f3113dc1c8fb45ee92?s=96&d=mm&r=g","contentUrl":"https:\/\/secure.gravatar.com\/avatar\/5cafd5e235f3e1bbf1c12509a1e2c8d0c45b72ded70691f3113dc1c8fb45ee92?s=96&d=mm&r=g","caption":"bjornar"},"url":"https:\/\/foreldreutvalgene.no\/fub\/author\/bjornar\/"}]}},"_links":{"self":[{"href":"https:\/\/foreldreutvalgene.no\/fub\/wp-json\/wp\/v2\/posts\/2960","targetHints":{"allow":["GET"]}}],"collection":[{"href":"https:\/\/foreldreutvalgene.no\/fub\/wp-json\/wp\/v2\/posts"}],"about":[{"href":"https:\/\/foreldreutvalgene.no\/fub\/wp-json\/wp\/v2\/types\/post"}],"author":[{"embeddable":true,"href":"https:\/\/foreldreutvalgene.no\/fub\/wp-json\/wp\/v2\/users\/7"}],"replies":[{"embeddable":true,"href":"https:\/\/foreldreutvalgene.no\/fub\/wp-json\/wp\/v2\/comments?post=2960"}],"version-history":[{"count":11,"href":"https:\/\/foreldreutvalgene.no\/fub\/wp-json\/wp\/v2\/posts\/2960\/revisions"}],"predecessor-version":[{"id":7909,"href":"https:\/\/foreldreutvalgene.no\/fub\/wp-json\/wp\/v2\/posts\/2960\/revisions\/7909"}],"wp:featuredmedia":[{"embeddable":true,"href":"https:\/\/foreldreutvalgene.no\/fub\/wp-json\/wp\/v2\/media\/2963"}],"wp:attachment":[{"href":"https:\/\/foreldreutvalgene.no\/fub\/wp-json\/wp\/v2\/media?parent=2960"}],"wp:term":[{"taxonomy":"category","embeddable":true,"href":"https:\/\/foreldreutvalgene.no\/fub\/wp-json\/wp\/v2\/categories?post=2960"},{"taxonomy":"post_tag","embeddable":true,"href":"https:\/\/foreldreutvalgene.no\/fub\/wp-json\/wp\/v2\/tags?post=2960"}],"curies":[{"name":"wp","href":"https:\/\/api.w.org\/{rel}","templated":true}]}}