{"id":232,"date":"2021-06-30T11:58:19","date_gmt":"2021-06-30T09:58:19","guid":{"rendered":"https:\/\/foreldreutvalgene.no\/fub\/?p=232"},"modified":"2022-06-24T11:17:06","modified_gmt":"2022-06-24T09:17:06","slug":"samiske-barn-i-barnehage","status":"publish","type":"post","link":"https:\/\/foreldreutvalgene.no\/fub\/samiske-barn-i-barnehage\/","title":{"rendered":"Samiske barn i barnehage"},"content":{"rendered":"\n<p style=\"font-size:22px\"><strong>Sametinget sier om samisk barnehage at: \u201cMed samisk barnehagetilbud menes et tilbud der innholdet i barnehagen bygger p\u00e5 samisk spr\u00e5k og kultur. Barnehagen skal styrke barnas identitet som samer.<\/strong> <strong>Dette skal de gj\u00f8re<\/strong> <strong>ved \u00e5 fremme bruken av samisk spr\u00e5k og ved \u00e5 fremme, bruke og utvikle samisk spr\u00e5k og kultur. Barnehagen ledes av samiskspr\u00e5klige pedagogisk personale.\u201d<\/strong><\/p>\n\n\n\n<p>For at barnehagebarna skal ha fine dager i barnehagen m\u00e5 de ha mulighet til \u00e5 bli forst\u00e5tt og \u00e5 gj\u00f8re seg forst\u00e5tt. Barnehagen, er i tillegg til hjemmet, den viktigste arenaen for spr\u00e5kutvikling. Spr\u00e5ket er viktig for utviklingen av den sosiale kompetansen til barnet. Mange barn l\u00e6rer og snakker to spr\u00e5k hjemme. Barnehagen skal st\u00f8tte barnas bruk av morsm\u00e5let og jobbe aktivt med \u00e5 utvikle norskkompetansen hos barnet. De b\u00f8r derfor ha gode rutiner for dette. Det er viktig at dette skjer i godt samarbeid mellom barnehagen og foreldrene.<\/p>\n\n\n\n<h4 class=\"wp-block-heading\" id=\"h-det-samiske-barnehagetilbudet-kan-deles-inn-i-to-forskjellige-kategorier\">Det samiske barnehagetilbudet kan deles inn i to forskjellige kategorier:<\/h4>\n\n\n\n<ul class=\"wp-block-list\"><li>Samiske barnehager som har samisk som hovedspr\u00e5k. Disse barnehagene skal drives av samisk personell, og skal fremme samisk spr\u00e5k, kultur og levem\u00e5te.<\/li><li>Barnehager med tilbud om samisk spr\u00e5koppl\u00e6ring. Samiske barn har rett p\u00e5 samisk oppl\u00e6ring der de bor. Det stilles ikke krav om at de barnehageansatte i disse barnehagene m\u00e5 beherske samisk, men skal ha kjennskap til, og legge vekt p\u00e5 den samiske kulturen.<\/li><\/ul>\n\n\n\n<p>Utdanningsdirektoratet sier dette om samiske barnehager: \u201cSamiske barnehager skal ta i bruk tradisjonelle l\u00e6rings- og arbeidsmetoder, p\u00e5 barnas premisser i v\u00e5r tid. Barnehagen skal gi barna mulighet til aktiv deltakelse i tradisjonelle aktiviteter der personalet gir veiledning og slik hjelper barna til \u00e5 bli selvstendige. Rammeplanens f\u00f8ringer for samiske barnehager gjelder tilsvarende for samiske avdelinger i barnehager.\u201d<\/p>\n\n\n\n<p>Barnehager som ikke har samiske barn markerer ogs\u00e5 samefolkets dag, som er 6. februar. P\u00e5 denne dagen kan barna for eksempel fargelegge det samiske flagget eller h\u00f8re p\u00e5 samisk musikk.<\/p>\n\n\n\n<h3 class=\"wp-block-heading\" id=\"h-samarbeid-med-foreldrene\">Samarbeid med foreldrene<\/h3>\n\n\n\n<p>Samiske barn i barnehage skal f\u00e5 st\u00f8tte til \u00e5 bevare og utvikle sitt spr\u00e5k, sin kunnskap og sin kultur uavhengig av hvor i landet de bor. Innholdet i barnehagetilbudet til samiske barn utenfor samiske distrikt skal tilpasses barnas samiske bakgrunn. Dette inneb\u00e6rer at samiske barn og foreldre har rett til \u00e5 forvente at personalet har kjennskap til, og legger vekt p\u00e5, at ogs\u00e5 den samiske kulturen skal v\u00e6re en del av barnehagens innhold. Det skal legges til rette for at barna ogs\u00e5 kan f\u00e5 m\u00f8te samisk spr\u00e5k. Det er viktig at barnehagen s\u00e5 tidlig som mulig f\u00e5r informasjon fra foreldrene om at barnet har samisk bakgrunn, slik at de er klare n\u00e5r barnet skal begynne i barnehagen.<\/p>\n","protected":false},"excerpt":{"rendered":"<p>Sametinget sier om samisk barnehage at: \u201cMed samisk barnehagetilbud menes et tilbud der innholdet i barnehagen bygger p\u00e5 samisk spr\u00e5k og kultur. Barnehagen skal styrke barnas identitet som samer. Dette skal de gj\u00f8re ved \u00e5 fremme bruken av samisk spr\u00e5k og ved \u00e5 fremme, bruke og utvikle samisk spr\u00e5k og kultur. Barnehagen ledes av samiskspr\u00e5klige [&hellip;]<\/p>\n","protected":false},"author":3,"featured_media":668,"comment_status":"open","ping_status":"open","sticky":false,"template":"","format":"standard","meta":{"_acf_changed":false,"footnotes":""},"categories":[16],"tags":[],"class_list":["post-232","post","type-post","status-publish","format-standard","has-post-thumbnail","hentry","category-mitt-barn"],"acf":[],"yoast_head":"<!-- This site is optimized with the Yoast SEO Premium plugin v27.4 (Yoast SEO v27.4) - https:\/\/yoast.com\/product\/yoast-seo-premium-wordpress\/ -->\n<title>Samiske barn i barnehage - Foreldreutvalget for barnehager<\/title>\n<meta name=\"description\" content=\".Hva kan foreldre til samiske barn forvente i barnehagen? Barnehagen skal styrke barnas identitet som samer\" \/>\n<meta name=\"robots\" content=\"index, follow, max-snippet:-1, max-image-preview:large, max-video-preview:-1\" \/>\n<link rel=\"canonical\" href=\"https:\/\/foreldreutvalgene.no\/fub\/samiske-barn-i-barnehage\/\" \/>\n<meta property=\"og:locale\" content=\"nb_NO\" \/>\n<meta property=\"og:type\" content=\"article\" \/>\n<meta property=\"og:title\" content=\"Samiske barn i barnehage\" \/>\n<meta property=\"og:description\" content=\".Hva kan foreldre til samiske barn forvente i barnehagen? Barnehagen skal styrke barnas identitet som samer\" \/>\n<meta property=\"og:url\" content=\"https:\/\/foreldreutvalgene.no\/fub\/samiske-barn-i-barnehage\/\" \/>\n<meta property=\"og:site_name\" content=\"Foreldreutvalget for barnehager\" \/>\n<meta property=\"article:published_time\" content=\"2021-06-30T09:58:19+00:00\" \/>\n<meta property=\"article:modified_time\" content=\"2022-06-24T09:17:06+00:00\" \/>\n<meta property=\"og:image\" content=\"https:\/\/foreldreutvalgene.no\/fub\/wp-content\/uploads\/sites\/2\/2021\/06\/fub-barn-leker-1.jpg\" \/>\n\t<meta property=\"og:image:width\" content=\"1862\" \/>\n\t<meta property=\"og:image:height\" content=\"1242\" \/>\n\t<meta property=\"og:image:type\" content=\"image\/jpeg\" \/>\n<meta name=\"author\" content=\"baard\" \/>\n<meta name=\"twitter:card\" content=\"summary_large_image\" \/>\n<meta name=\"twitter:label1\" content=\"Skrevet av\" \/>\n\t<meta name=\"twitter:data1\" content=\"baard\" \/>\n\t<meta name=\"twitter:label2\" content=\"Ansl. lesetid\" \/>\n\t<meta name=\"twitter:data2\" content=\"3 minutter\" \/>\n<script type=\"application\/ld+json\" class=\"yoast-schema-graph\">{\"@context\":\"https:\\\/\\\/schema.org\",\"@graph\":[{\"@type\":\"Article\",\"@id\":\"https:\\\/\\\/foreldreutvalgene.no\\\/fub\\\/samiske-barn-i-barnehage\\\/#article\",\"isPartOf\":{\"@id\":\"https:\\\/\\\/foreldreutvalgene.no\\\/fub\\\/samiske-barn-i-barnehage\\\/\"},\"author\":{\"name\":\"baard\",\"@id\":\"https:\\\/\\\/foreldreutvalgene.no\\\/fub\\\/#\\\/schema\\\/person\\\/a23a320ed9adc5462c23ba632fb76336\"},\"headline\":\"Samiske barn i barnehage\",\"datePublished\":\"2021-06-30T09:58:19+00:00\",\"dateModified\":\"2022-06-24T09:17:06+00:00\",\"mainEntityOfPage\":{\"@id\":\"https:\\\/\\\/foreldreutvalgene.no\\\/fub\\\/samiske-barn-i-barnehage\\\/\"},\"wordCount\":455,\"commentCount\":0,\"publisher\":{\"@id\":\"https:\\\/\\\/foreldreutvalgene.no\\\/fub\\\/#organization\"},\"image\":{\"@id\":\"https:\\\/\\\/foreldreutvalgene.no\\\/fub\\\/samiske-barn-i-barnehage\\\/#primaryimage\"},\"thumbnailUrl\":\"https:\\\/\\\/foreldreutvalgene.no\\\/fub\\\/wp-content\\\/uploads\\\/sites\\\/2\\\/2021\\\/06\\\/fub-barn-leker-1.jpg\",\"articleSection\":[\"Behov og tilrettelegging\"],\"inLanguage\":\"nb-NO\",\"potentialAction\":[{\"@type\":\"CommentAction\",\"name\":\"Comment\",\"target\":[\"https:\\\/\\\/foreldreutvalgene.no\\\/fub\\\/samiske-barn-i-barnehage\\\/#respond\"]}]},{\"@type\":\"WebPage\",\"@id\":\"https:\\\/\\\/foreldreutvalgene.no\\\/fub\\\/samiske-barn-i-barnehage\\\/\",\"url\":\"https:\\\/\\\/foreldreutvalgene.no\\\/fub\\\/samiske-barn-i-barnehage\\\/\",\"name\":\"Samiske barn i barnehage - Foreldreutvalget for barnehager\",\"isPartOf\":{\"@id\":\"https:\\\/\\\/foreldreutvalgene.no\\\/fub\\\/#website\"},\"primaryImageOfPage\":{\"@id\":\"https:\\\/\\\/foreldreutvalgene.no\\\/fub\\\/samiske-barn-i-barnehage\\\/#primaryimage\"},\"image\":{\"@id\":\"https:\\\/\\\/foreldreutvalgene.no\\\/fub\\\/samiske-barn-i-barnehage\\\/#primaryimage\"},\"thumbnailUrl\":\"https:\\\/\\\/foreldreutvalgene.no\\\/fub\\\/wp-content\\\/uploads\\\/sites\\\/2\\\/2021\\\/06\\\/fub-barn-leker-1.jpg\",\"datePublished\":\"2021-06-30T09:58:19+00:00\",\"dateModified\":\"2022-06-24T09:17:06+00:00\",\"description\":\".Hva kan foreldre til samiske barn forvente i barnehagen? Barnehagen skal styrke barnas identitet som samer\",\"breadcrumb\":{\"@id\":\"https:\\\/\\\/foreldreutvalgene.no\\\/fub\\\/samiske-barn-i-barnehage\\\/#breadcrumb\"},\"inLanguage\":\"nb-NO\",\"potentialAction\":[{\"@type\":\"ReadAction\",\"target\":[\"https:\\\/\\\/foreldreutvalgene.no\\\/fub\\\/samiske-barn-i-barnehage\\\/\"]}]},{\"@type\":\"ImageObject\",\"inLanguage\":\"nb-NO\",\"@id\":\"https:\\\/\\\/foreldreutvalgene.no\\\/fub\\\/samiske-barn-i-barnehage\\\/#primaryimage\",\"url\":\"https:\\\/\\\/foreldreutvalgene.no\\\/fub\\\/wp-content\\\/uploads\\\/sites\\\/2\\\/2021\\\/06\\\/fub-barn-leker-1.jpg\",\"contentUrl\":\"https:\\\/\\\/foreldreutvalgene.no\\\/fub\\\/wp-content\\\/uploads\\\/sites\\\/2\\\/2021\\\/06\\\/fub-barn-leker-1.jpg\",\"width\":1862,\"height\":1242},{\"@type\":\"BreadcrumbList\",\"@id\":\"https:\\\/\\\/foreldreutvalgene.no\\\/fub\\\/samiske-barn-i-barnehage\\\/#breadcrumb\",\"itemListElement\":[{\"@type\":\"ListItem\",\"position\":1,\"name\":\"Home\",\"item\":\"https:\\\/\\\/foreldreutvalgene.no\\\/fub\\\/\"},{\"@type\":\"ListItem\",\"position\":2,\"name\":\"Samiske barn i barnehage\"}]},{\"@type\":\"WebSite\",\"@id\":\"https:\\\/\\\/foreldreutvalgene.no\\\/fub\\\/#website\",\"url\":\"https:\\\/\\\/foreldreutvalgene.no\\\/fub\\\/\",\"name\":\"Foreldreutvalget for barnehager\",\"description\":\"\",\"publisher\":{\"@id\":\"https:\\\/\\\/foreldreutvalgene.no\\\/fub\\\/#organization\"},\"potentialAction\":[{\"@type\":\"SearchAction\",\"target\":{\"@type\":\"EntryPoint\",\"urlTemplate\":\"https:\\\/\\\/foreldreutvalgene.no\\\/fub\\\/?s={search_term_string}\"},\"query-input\":{\"@type\":\"PropertyValueSpecification\",\"valueRequired\":true,\"valueName\":\"search_term_string\"}}],\"inLanguage\":\"nb-NO\"},{\"@type\":\"Organization\",\"@id\":\"https:\\\/\\\/foreldreutvalgene.no\\\/fub\\\/#organization\",\"name\":\"Foreldreutvalget for barnehager\",\"url\":\"https:\\\/\\\/foreldreutvalgene.no\\\/fub\\\/\",\"logo\":{\"@type\":\"ImageObject\",\"inLanguage\":\"nb-NO\",\"@id\":\"https:\\\/\\\/foreldreutvalgene.no\\\/fub\\\/#\\\/schema\\\/logo\\\/image\\\/\",\"url\":\"https:\\\/\\\/foreldreutvalgene.no\\\/fub\\\/wp-content\\\/uploads\\\/sites\\\/2\\\/2021\\\/08\\\/fublogo-footer.svg\",\"contentUrl\":\"https:\\\/\\\/foreldreutvalgene.no\\\/fub\\\/wp-content\\\/uploads\\\/sites\\\/2\\\/2021\\\/08\\\/fublogo-footer.svg\",\"width\":507,\"height\":149,\"caption\":\"Foreldreutvalget for barnehager\"},\"image\":{\"@id\":\"https:\\\/\\\/foreldreutvalgene.no\\\/fub\\\/#\\\/schema\\\/logo\\\/image\\\/\"}},{\"@type\":\"Person\",\"@id\":\"https:\\\/\\\/foreldreutvalgene.no\\\/fub\\\/#\\\/schema\\\/person\\\/a23a320ed9adc5462c23ba632fb76336\",\"name\":\"baard\",\"image\":{\"@type\":\"ImageObject\",\"inLanguage\":\"nb-NO\",\"@id\":\"https:\\\/\\\/secure.gravatar.com\\\/avatar\\\/da20dcea7d46be70e6955e824595ce05f23748ea636e5d16108777a8f6ae217e?s=96&d=mm&r=g\",\"url\":\"https:\\\/\\\/secure.gravatar.com\\\/avatar\\\/da20dcea7d46be70e6955e824595ce05f23748ea636e5d16108777a8f6ae217e?s=96&d=mm&r=g\",\"contentUrl\":\"https:\\\/\\\/secure.gravatar.com\\\/avatar\\\/da20dcea7d46be70e6955e824595ce05f23748ea636e5d16108777a8f6ae217e?s=96&d=mm&r=g\",\"caption\":\"baard\"},\"url\":\"https:\\\/\\\/foreldreutvalgene.no\\\/fub\\\/author\\\/baard\\\/\"}]}<\/script>\n<!-- \/ Yoast SEO Premium plugin. -->","yoast_head_json":{"title":"Samiske barn i barnehage - Foreldreutvalget for barnehager","description":".Hva kan foreldre til samiske barn forvente i barnehagen? Barnehagen skal styrke barnas identitet som samer","robots":{"index":"index","follow":"follow","max-snippet":"max-snippet:-1","max-image-preview":"max-image-preview:large","max-video-preview":"max-video-preview:-1"},"canonical":"https:\/\/foreldreutvalgene.no\/fub\/samiske-barn-i-barnehage\/","og_locale":"nb_NO","og_type":"article","og_title":"Samiske barn i barnehage","og_description":".Hva kan foreldre til samiske barn forvente i barnehagen? Barnehagen skal styrke barnas identitet som samer","og_url":"https:\/\/foreldreutvalgene.no\/fub\/samiske-barn-i-barnehage\/","og_site_name":"Foreldreutvalget for barnehager","article_published_time":"2021-06-30T09:58:19+00:00","article_modified_time":"2022-06-24T09:17:06+00:00","og_image":[{"width":1862,"height":1242,"url":"https:\/\/foreldreutvalgene.no\/fub\/wp-content\/uploads\/sites\/2\/2021\/06\/fub-barn-leker-1.jpg","type":"image\/jpeg"}],"author":"baard","twitter_card":"summary_large_image","twitter_misc":{"Skrevet av":"baard","Ansl. lesetid":"3 minutter"},"schema":{"@context":"https:\/\/schema.org","@graph":[{"@type":"Article","@id":"https:\/\/foreldreutvalgene.no\/fub\/samiske-barn-i-barnehage\/#article","isPartOf":{"@id":"https:\/\/foreldreutvalgene.no\/fub\/samiske-barn-i-barnehage\/"},"author":{"name":"baard","@id":"https:\/\/foreldreutvalgene.no\/fub\/#\/schema\/person\/a23a320ed9adc5462c23ba632fb76336"},"headline":"Samiske barn i barnehage","datePublished":"2021-06-30T09:58:19+00:00","dateModified":"2022-06-24T09:17:06+00:00","mainEntityOfPage":{"@id":"https:\/\/foreldreutvalgene.no\/fub\/samiske-barn-i-barnehage\/"},"wordCount":455,"commentCount":0,"publisher":{"@id":"https:\/\/foreldreutvalgene.no\/fub\/#organization"},"image":{"@id":"https:\/\/foreldreutvalgene.no\/fub\/samiske-barn-i-barnehage\/#primaryimage"},"thumbnailUrl":"https:\/\/foreldreutvalgene.no\/fub\/wp-content\/uploads\/sites\/2\/2021\/06\/fub-barn-leker-1.jpg","articleSection":["Behov og tilrettelegging"],"inLanguage":"nb-NO","potentialAction":[{"@type":"CommentAction","name":"Comment","target":["https:\/\/foreldreutvalgene.no\/fub\/samiske-barn-i-barnehage\/#respond"]}]},{"@type":"WebPage","@id":"https:\/\/foreldreutvalgene.no\/fub\/samiske-barn-i-barnehage\/","url":"https:\/\/foreldreutvalgene.no\/fub\/samiske-barn-i-barnehage\/","name":"Samiske barn i barnehage - Foreldreutvalget for barnehager","isPartOf":{"@id":"https:\/\/foreldreutvalgene.no\/fub\/#website"},"primaryImageOfPage":{"@id":"https:\/\/foreldreutvalgene.no\/fub\/samiske-barn-i-barnehage\/#primaryimage"},"image":{"@id":"https:\/\/foreldreutvalgene.no\/fub\/samiske-barn-i-barnehage\/#primaryimage"},"thumbnailUrl":"https:\/\/foreldreutvalgene.no\/fub\/wp-content\/uploads\/sites\/2\/2021\/06\/fub-barn-leker-1.jpg","datePublished":"2021-06-30T09:58:19+00:00","dateModified":"2022-06-24T09:17:06+00:00","description":".Hva kan foreldre til samiske barn forvente i barnehagen? Barnehagen skal styrke barnas identitet som samer","breadcrumb":{"@id":"https:\/\/foreldreutvalgene.no\/fub\/samiske-barn-i-barnehage\/#breadcrumb"},"inLanguage":"nb-NO","potentialAction":[{"@type":"ReadAction","target":["https:\/\/foreldreutvalgene.no\/fub\/samiske-barn-i-barnehage\/"]}]},{"@type":"ImageObject","inLanguage":"nb-NO","@id":"https:\/\/foreldreutvalgene.no\/fub\/samiske-barn-i-barnehage\/#primaryimage","url":"https:\/\/foreldreutvalgene.no\/fub\/wp-content\/uploads\/sites\/2\/2021\/06\/fub-barn-leker-1.jpg","contentUrl":"https:\/\/foreldreutvalgene.no\/fub\/wp-content\/uploads\/sites\/2\/2021\/06\/fub-barn-leker-1.jpg","width":1862,"height":1242},{"@type":"BreadcrumbList","@id":"https:\/\/foreldreutvalgene.no\/fub\/samiske-barn-i-barnehage\/#breadcrumb","itemListElement":[{"@type":"ListItem","position":1,"name":"Home","item":"https:\/\/foreldreutvalgene.no\/fub\/"},{"@type":"ListItem","position":2,"name":"Samiske barn i barnehage"}]},{"@type":"WebSite","@id":"https:\/\/foreldreutvalgene.no\/fub\/#website","url":"https:\/\/foreldreutvalgene.no\/fub\/","name":"Foreldreutvalget for barnehager","description":"","publisher":{"@id":"https:\/\/foreldreutvalgene.no\/fub\/#organization"},"potentialAction":[{"@type":"SearchAction","target":{"@type":"EntryPoint","urlTemplate":"https:\/\/foreldreutvalgene.no\/fub\/?s={search_term_string}"},"query-input":{"@type":"PropertyValueSpecification","valueRequired":true,"valueName":"search_term_string"}}],"inLanguage":"nb-NO"},{"@type":"Organization","@id":"https:\/\/foreldreutvalgene.no\/fub\/#organization","name":"Foreldreutvalget for barnehager","url":"https:\/\/foreldreutvalgene.no\/fub\/","logo":{"@type":"ImageObject","inLanguage":"nb-NO","@id":"https:\/\/foreldreutvalgene.no\/fub\/#\/schema\/logo\/image\/","url":"https:\/\/foreldreutvalgene.no\/fub\/wp-content\/uploads\/sites\/2\/2021\/08\/fublogo-footer.svg","contentUrl":"https:\/\/foreldreutvalgene.no\/fub\/wp-content\/uploads\/sites\/2\/2021\/08\/fublogo-footer.svg","width":507,"height":149,"caption":"Foreldreutvalget for barnehager"},"image":{"@id":"https:\/\/foreldreutvalgene.no\/fub\/#\/schema\/logo\/image\/"}},{"@type":"Person","@id":"https:\/\/foreldreutvalgene.no\/fub\/#\/schema\/person\/a23a320ed9adc5462c23ba632fb76336","name":"baard","image":{"@type":"ImageObject","inLanguage":"nb-NO","@id":"https:\/\/secure.gravatar.com\/avatar\/da20dcea7d46be70e6955e824595ce05f23748ea636e5d16108777a8f6ae217e?s=96&d=mm&r=g","url":"https:\/\/secure.gravatar.com\/avatar\/da20dcea7d46be70e6955e824595ce05f23748ea636e5d16108777a8f6ae217e?s=96&d=mm&r=g","contentUrl":"https:\/\/secure.gravatar.com\/avatar\/da20dcea7d46be70e6955e824595ce05f23748ea636e5d16108777a8f6ae217e?s=96&d=mm&r=g","caption":"baard"},"url":"https:\/\/foreldreutvalgene.no\/fub\/author\/baard\/"}]}},"_links":{"self":[{"href":"https:\/\/foreldreutvalgene.no\/fub\/wp-json\/wp\/v2\/posts\/232","targetHints":{"allow":["GET"]}}],"collection":[{"href":"https:\/\/foreldreutvalgene.no\/fub\/wp-json\/wp\/v2\/posts"}],"about":[{"href":"https:\/\/foreldreutvalgene.no\/fub\/wp-json\/wp\/v2\/types\/post"}],"author":[{"embeddable":true,"href":"https:\/\/foreldreutvalgene.no\/fub\/wp-json\/wp\/v2\/users\/3"}],"replies":[{"embeddable":true,"href":"https:\/\/foreldreutvalgene.no\/fub\/wp-json\/wp\/v2\/comments?post=232"}],"version-history":[{"count":9,"href":"https:\/\/foreldreutvalgene.no\/fub\/wp-json\/wp\/v2\/posts\/232\/revisions"}],"predecessor-version":[{"id":3788,"href":"https:\/\/foreldreutvalgene.no\/fub\/wp-json\/wp\/v2\/posts\/232\/revisions\/3788"}],"wp:featuredmedia":[{"embeddable":true,"href":"https:\/\/foreldreutvalgene.no\/fub\/wp-json\/wp\/v2\/media\/668"}],"wp:attachment":[{"href":"https:\/\/foreldreutvalgene.no\/fub\/wp-json\/wp\/v2\/media?parent=232"}],"wp:term":[{"taxonomy":"category","embeddable":true,"href":"https:\/\/foreldreutvalgene.no\/fub\/wp-json\/wp\/v2\/categories?post=232"},{"taxonomy":"post_tag","embeddable":true,"href":"https:\/\/foreldreutvalgene.no\/fub\/wp-json\/wp\/v2\/tags?post=232"}],"curies":[{"name":"wp","href":"https:\/\/api.w.org\/{rel}","templated":true}]}}